
{"id":215,"date":"2010-01-22T11:35:07","date_gmt":"2010-01-22T10:35:07","guid":{"rendered":"http:\/\/narty.blog.polityka.pl\/?p=215"},"modified":"2010-01-23T20:36:37","modified_gmt":"2010-01-23T19:36:37","slug":"narciarze-do-konsultacji","status":"publish","type":"post","link":"https:\/\/blog.polityka.pl\/narty\/2010\/01\/22\/narciarze-do-konsultacji\/","title":{"rendered":"Narciarze! Do konsultacji!"},"content":{"rendered":"<p>Tatrza\u0144ski\u00a0 Park Narodowy og\u0142osi\u0142 w ko\u0144cu d\u0142ugo oczekiwan\u0105 (por. <a href=\"http:\/\/narty.blog.polityka.pl\/?p=201\" target=\"_blank\">\u201eMo\u017ce wi\u0119kszy Kasprowy!\u201d<\/a>, 7 stycznia 2010 r. i <a href=\"http:\/\/narty.blog.polityka.pl\/?p=210\">\u201eWci\u0105\u017c czekamy na Kasprowy\u201d<\/a>, 13 stycznia 2010 r.), \u201eAnaliz\u0119 oddzia\u0142ywania na obszar Natura 2000 udost\u0119pnienia narciarskiego rejonu Kasprowego Wierchu poprzez poszerzenie strefy przeznaczonej dla narciarstwa pozatrasowego\u201d.<\/p>\n<p>Przypomnijmy: chodzi o pomys\u0142 dopuszczenia do uprawiania narciarstwa i snowboardingu na stokach Beskidu i Po\u015bredniego Goryczkowego. Dot\u0105d za jazd\u0119 tam grozi\u0142y mandaty \u2013 teraz ma by\u0107 mo\u017cliwa, cho\u0107 trasy nie by\u0142yby \u201eprzygotowywane mechanicznie\u201d, czyli za pomoc\u0105 ratrak\u00f3w.<\/p>\n<p>W Analizie doprecyzowano, \u017ce w gr\u0119 wchodzi \u201ewschodnie zbocze Po\u015bredniego Goryczkowego Wierchu, do momentu, w kt\u00f3rym jego granica opada\u0142aby w d\u00f3\u0142, \u0142\u0105cz\u0105c si\u0119 z tras\u0105 narciarsk\u0105 na wysoko\u015bci tzw. \u2018m\u0119skiego skr\u00f3tu\u2019\u201d. Udost\u0119pnione zosta\u0142yby tak\u017ce\u00a0 \u201ep\u00f3\u0142nocno-wschodnie stoki Beskidu, a\u017c po Prze\u0142\u0119cz Liliowe, a nast\u0119pnie w d\u00f3\u0142 zgodnie z przebiegiem zielonego szlaku turystycznego\u201d.<\/p>\n<p>\u201eZ przyczyn przyrodniczych\u201d nie mo\u017cna by\u0142oby jednak je\u017adzi\u0107 \u201emi\u0119dzy wierzcho\u0142kiem Beskidu a Prze\u0142\u0119cz\u0105 Liliowe w Dolinie G\u0105sienicowej\u201d oraz \u201emi\u0119dzy wierzcho\u0142kiem Po\u015bredniego Goryczkowego Wierchu a \u2018tradycyjnym\u2019 trawersem tego zbocza\u201d. (Mi\u0142o\u015bnicy Kasprowego wiedz\u0105, o jaki obszar chodzi).<\/p>\n<p>Wedle Parku wpuszczenie freerid\u2019owc\u00f3w (czyli narciarzy i snowboardzist\u00f3w je\u017cd\u017c\u0105cych poza wytyczonymi trasami) na\u00a0 te tereny \u201ea) nie b\u0119dzie pogorsza\u0107 stanu siedlisk przyrodniczych, siedlisk gatunk\u00f3w ro\u015blin i zwierz\u0105t, dla kt\u00f3rych ochrony wyznaczono obszar Natura 2000, b) nie b\u0119dzie wp\u0142ywa\u0107 negatywnie na gatunki, dla kt\u00f3rych ochrony zosta\u0142 wyznaczony obszar Natura 2000, c) nie b\u0119dzie pogarsza\u0107 integralno\u015bci obszaru Natura 2000 lub jego powi\u0105zania z innymi obszarami\u201d.<\/p>\n<p>Powierzchnia teren\u00f3w mo\u017cliwych do udost\u0119pnienia si\u0119ga 26, 92 ha.<\/p>\n<p>W razie niewystarczaj\u0105cej pokrywy \u015bnie\u017cnej wprowadzany by\u0142by czasowy zakaz je\u017cd\u017cenia w tej cz\u0119\u015bci Doliny G\u0105sienicowej, kt\u00f3ra jest poro\u015bni\u0119ta kosodrzewin\u0105. Granice tego obszaru (o powierzchni 2,78 ha) by\u0142yby w cz\u0119\u015bci po\u0142udniowej oznakowane tyczkami.<\/p>\n<p>Nowe tereny mog\u0142yby by\u0107 udost\u0119pnione \u201eod daty uruchomienia wyci\u0105g\u00f3w krzese\u0142kowych do 15 kwietnia\u201d.<\/p>\n<p>Park zastrzega, \u017ce \u201ePierwsze udost\u0119pnienie b\u0119dzie mia\u0142o charakter czasowy. Decyzja co do kontynuowania przedsi\u0119wzi\u0119cia zostanie uzale\u017cniona od wynik\u00f3w monitoringu. W przypadku stwierdzenia wzrostu przenikania narciarzy na tereny nieudost\u0119pnione, TPN powr\u00f3ci do dotychczasowego zakresu u\u017cytkowania teren\u00f3w narciarskich\u201d.<\/p>\n<p>Pe\u0142ny tekst raportu mo\u017cna pobra\u0107 m.in. ze strony internetowej <a href=\"http:\/\/www.tpn.pl\/files\/news\/editor\/files\/analiza_druga_strefa\/analiza_tpn_18_01_2010_2.pdf\" target=\"_blank\">TPN<\/a>. Uwagi nale\u017cy sk\u0142ada\u0107 do 1 lutego b.r. (na stronie internetowej Parku podano myln\u0105 dat\u0119 1 stycznia 2009 r.) Wnioski mog\u0105 mie\u0107 form\u0119 pisemn\u0105, ustn\u0105 \u201edo protoko\u0142u\u201d b\u0105d\u017a by\u0107 przekazywane mailem (\u201ebez konieczno\u015bci opatrywania ich tzw. bezpiecznym podpisem elektronicznym\u201d). Powinny zosta\u0107 wys\u0142ane na adres: Tatrza\u0144ski Park Narodowy ul. Cha\u0142ubi\u0144skiego 42a, 34-500 Zakopane lub <a href=\"mailto:sekretariat@tpn.pl\">sekretariat@tpn.pl<\/a>.<\/p>\n<p>Mi\u0142o\u015bnicy puchu: nie zwlekajcie z wysy\u0142aniem maili lub list\u00f3w z poparciem pomys\u0142u! To od nas zale\u017cy, czy wejdzie on w \u017cycie.<\/p>\n<p>\u00a0<\/p>\n","protected":false},"excerpt":{"rendered":"<p>Tatrza\u0144ski\u00a0 Park Narodowy og\u0142osi\u0142 w ko\u0144cu d\u0142ugo oczekiwan\u0105 (por. \u201eMo\u017ce wi\u0119kszy Kasprowy!\u201d, 7 stycznia 2010 r. i \u201eWci\u0105\u017c czekamy na Kasprowy\u201d, 13 stycznia 2010 r.), \u201eAnaliz\u0119 oddzia\u0142ywania na obszar Natura 2000 udost\u0119pnienia narciarskiego rejonu Kasprowego Wierchu poprzez poszerzenie strefy przeznaczonej dla narciarstwa pozatrasowego\u201d. Przypomnijmy: chodzi o pomys\u0142 dopuszczenia do uprawiania narciarstwa i snowboardingu na stokach [&hellip;]<\/p>\n","protected":false},"author":1,"featured_media":0,"comment_status":"open","ping_status":"closed","sticky":false,"template":"","format":"standard","meta":{"footnotes":""},"categories":[1],"tags":[],"_links":{"self":[{"href":"https:\/\/blog.polityka.pl\/narty\/wp-json\/wp\/v2\/posts\/215"}],"collection":[{"href":"https:\/\/blog.polityka.pl\/narty\/wp-json\/wp\/v2\/posts"}],"about":[{"href":"https:\/\/blog.polityka.pl\/narty\/wp-json\/wp\/v2\/types\/post"}],"author":[{"embeddable":true,"href":"https:\/\/blog.polityka.pl\/narty\/wp-json\/wp\/v2\/users\/1"}],"replies":[{"embeddable":true,"href":"https:\/\/blog.polityka.pl\/narty\/wp-json\/wp\/v2\/comments?post=215"}],"version-history":[{"count":0,"href":"https:\/\/blog.polityka.pl\/narty\/wp-json\/wp\/v2\/posts\/215\/revisions"}],"wp:attachment":[{"href":"https:\/\/blog.polityka.pl\/narty\/wp-json\/wp\/v2\/media?parent=215"}],"wp:term":[{"taxonomy":"category","embeddable":true,"href":"https:\/\/blog.polityka.pl\/narty\/wp-json\/wp\/v2\/categories?post=215"},{"taxonomy":"post_tag","embeddable":true,"href":"https:\/\/blog.polityka.pl\/narty\/wp-json\/wp\/v2\/tags?post=215"}],"curies":[{"name":"wp","href":"https:\/\/api.w.org\/{rel}","templated":true}]}}