
{"id":216,"date":"2010-01-25T00:10:24","date_gmt":"2010-01-24T23:10:24","guid":{"rendered":"http:\/\/narty.blog.polityka.pl\/?p=216"},"modified":"2010-01-24T09:16:01","modified_gmt":"2010-01-24T08:16:01","slug":"w-kitzbuhel-poza-streif%e2%80%99a","status":"publish","type":"post","link":"https:\/\/blog.polityka.pl\/narty\/2010\/01\/25\/w-kitzbuhel-poza-streif%e2%80%99a\/","title":{"rendered":"W Kitzb\u00fchel poza Streif\u2019\u0105"},"content":{"rendered":"<p><a href=\"\/wp-content\/uploads\/\/2010\/01\/img_1971.jpg\"><\/a><a href=\"\/wp-content\/uploads\/\/2010\/01\/img_1981.jpg\"><\/a><a href=\"\/wp-content\/uploads\/\/2010\/01\/img_2018.jpg\"><\/a>Miniony\u00a0weekend w Kitzb\u00fchel sta\u0142 oczywi\u015bcie pod znakiem\u00a0 najs\u0142ynniejszego biegu zjazdowego \u015bwiata, czyli Hahnenkamm-Rennen (oraz rozgrywanych tu w jego cieniu innych konkurencji alpejskiego Pucharu \u015awiata: supergiganta i slalomu). Ale naturalnie Alpy Kitzb\u00fchelskie nie ko\u0144cz\u0105 si\u0119 na opisywanej ju\u017c tu legendarnej Die Streif.<\/p>\n<p>Zw\u0142aszcza, \u017ce sama Streif\u2019a nawet w okresie, gdy nie s\u0105 na niej rozgrywane zawody, jest tylko w cz\u0119\u015bci udost\u0119pniana dla tzw. zwyk\u0142ych narciarzy. Ci mog\u0105 jedynie wczu\u0107 si\u0119 w rol\u0119 zawodnik\u00f3w w specjalnym symulatorze rozgrywanego na niej biegu zjazdowego oraz zwiedzi\u0107 budk\u0119 startow\u0105 i rodzaj muzeum trasy nazwanym znamiennie \u201eHall of legends\u201d.<\/p>\n<p><a href=\"\/wp-content\/uploads\/\/2010\/01\/img_1971.jpg\"><img loading=\"lazy\" decoding=\"async\" class=\"alignnone size-medium wp-image-217\" title=\"img_1971\" src=\"\/wp-content\/uploads\/\/2010\/01\/img_1971-300x225.jpg\" alt=\"\" width=\"300\" height=\"225\" srcset=\"\/narty\/wp-content\/uploads\/2010\/01\/img_1971-300x225.jpg 300w, \/narty\/wp-content\/uploads\/2010\/01\/img_1971.jpg 512w\" sizes=\"(max-width: 300px) 100vw, 300px\" \/><\/a>\u00a0 <em>Obszar Kitz Ski Unlimited<\/em><\/p>\n<p>Obejmuj\u0105cy okoliczne g\u00f3ry region Kitz Ski Unlimited to 170 km przygotowanych tras, obs\u0142ugiwanych przez 54 kolejki i wyci\u0105gi oraz 700 armatek \u015bnie\u017cnych i 40 ratrak\u00f3w. O ile na trasach nad samym Kitzb\u00fchel bywa t\u0142oczno (wyj\u0105tkiem s\u0105 te najtrudniejsze), to wystarczy nowoczesn\u0105 gondol\u0105 3S (w niekt\u00f3rych miejscach kabiny wisz\u0105 400 metr\u00f3w nad ziemi\u0105!) przedosta\u0107 si\u0119 na s\u0105siaduj\u0105cy masyw Resterh\u00f6he, by je\u017adzi\u0107 ju\u017c niemal samemu.<\/p>\n<p><a href=\"\/wp-content\/uploads\/\/2010\/01\/img_1981.jpg\"><img loading=\"lazy\" decoding=\"async\" class=\"alignnone size-medium wp-image-218\" title=\"img_1981\" src=\"\/wp-content\/uploads\/\/2010\/01\/img_1981-300x225.jpg\" alt=\"\" width=\"300\" height=\"225\" srcset=\"\/narty\/wp-content\/uploads\/2010\/01\/img_1981-300x225.jpg 300w, \/narty\/wp-content\/uploads\/2010\/01\/img_1981.jpg 1600w\" sizes=\"(max-width: 300px) 100vw, 300px\" \/><\/a>\u00a0<em>Drogowskaz do gondoli 3S<\/em><\/p>\n<p>Trasy s\u0105 tu tyle\u017c szer<a href=\"\/wp-content\/uploads\/\/2010\/01\/img_1981.jpg\"><\/a>okie (cho\u0107 po cz\u0119\u015bci biegn\u0105 le\u015bnymi przecinkami), co o urozmaiconej konfiguracji \u2013 wi\u0119c mog\u0105 zadowoli\u0107 wszystkich. Wytyczono je w wi\u0119kszo\u015bci mi\u0119dzy 1200 a 2000 m n.p.m., ale dolina, w kt\u00f3rej po\u0142o\u017cone s\u0105 Kitzb\u00fchel, Aurach, Jochberg i Pass Thurn czy te\u017c s\u0105siaduj\u0105cy z nimi (a obj\u0119ty tym samym karnetem) rejon Kirchbergu\u00a0 i Aschau, s\u0142yn\u0105, jak zreszt\u0105 ca\u0142e Alpy Kitzb\u00fchelskie, nie tylko z obfitych opad\u00f3w, jak z kilku innych czynnik\u00f3w sprzyjaj\u0105cych d\u0142ugiemu utrzymywaniu si\u0119 dobrych warunk\u00f3w \u015bniegowych. To temat sam w sobie \u2013 a wi\u0119c na kolejn\u0105 opowie\u015b\u0107.<\/p>\n<p><a href=\"\/wp-content\/uploads\/\/2010\/01\/img_2018.jpg\"><img loading=\"lazy\" decoding=\"async\" class=\"alignnone size-medium wp-image-219\" title=\"img_2018\" src=\"\/wp-content\/uploads\/\/2010\/01\/img_2018-300x225.jpg\" alt=\"\" width=\"300\" height=\"225\" srcset=\"\/narty\/wp-content\/uploads\/2010\/01\/img_2018-300x225.jpg 300w, \/narty\/wp-content\/uploads\/2010\/01\/img_2018.jpg 1600w\" sizes=\"(max-width: 300px) 100vw, 300px\" \/><\/a>\u00a0<em>Na trasach Kitz Ski Unlimited<\/em><\/p>\n<p>Teraz tylko jeszcze co nieco o samym Kitzb\u00fchel: jego historia si\u0119ga XII w., wi\u0119c miasteczko \u2013 pr\u00f3cz Streif\u2019y i innych tras \u2013 szczyci si\u0119 cho\u0107by pi\u0119kn\u0105 star\u00f3wk\u0105. Do tego dochodz\u0105 luksusowe hotele (ledwie w po\u0142owie grudnia ub. roku otwarto kolejny pi\u0119ciogwiazdkowiec: The Royal Spa Kitzb\u00fchel Hotel) i pensjonaty oraz mn\u00f3stwo \u015bwietnych restauracji (7 z nich mo\u017ce pochwali\u0107 si\u0119 wyr\u00f3\u017cnieniami przyznanymi przez tak presti\u017cowe instytucje, jak Michelin Guide i Gourmet). A dla ch\u0119tnych tak\u017ce kasyno.<\/p>\n<p>Nic dziwnego, \u017ce w Kitzb\u00fchel tanio nie jest. Do\u015b\u0107 powiedzie\u0107, \u017ce w miejscowej szkole narciarskie pod wymown\u0105 nazw\u0105 Rote Teufel (Czerwone Diab\u0142y) za 6-dniowy kurs dla dzieci trzeba zap\u0142aci\u0107 170 euro, a za dwie godziny jazdy z instruktorem przed po\u0142udniem \u2013 150 euro.<\/p>\n<p>Ale aby je\u017adzi\u0107 w Kitz Ski Unlimited wystarczy wynaj\u0105\u0107 du\u017co ta\u0144sz\u0105 kwater\u0119 w kt\u00f3rej\u015b z s\u0105siednich wiosek.<\/p>\n","protected":false},"excerpt":{"rendered":"<p>Miniony\u00a0weekend w Kitzb\u00fchel sta\u0142 oczywi\u015bcie pod znakiem\u00a0 najs\u0142ynniejszego biegu zjazdowego \u015bwiata, czyli Hahnenkamm-Rennen (oraz rozgrywanych tu w jego cieniu innych konkurencji alpejskiego Pucharu \u015awiata: supergiganta i slalomu). Ale naturalnie Alpy Kitzb\u00fchelskie nie ko\u0144cz\u0105 si\u0119 na opisywanej ju\u017c tu legendarnej Die Streif. Zw\u0142aszcza, \u017ce sama Streif\u2019a nawet w okresie, gdy nie s\u0105 na niej rozgrywane zawody, [&hellip;]<\/p>\n","protected":false},"author":1,"featured_media":0,"comment_status":"open","ping_status":"open","sticky":false,"template":"","format":"standard","meta":{"footnotes":""},"categories":[1],"tags":[],"_links":{"self":[{"href":"https:\/\/blog.polityka.pl\/narty\/wp-json\/wp\/v2\/posts\/216"}],"collection":[{"href":"https:\/\/blog.polityka.pl\/narty\/wp-json\/wp\/v2\/posts"}],"about":[{"href":"https:\/\/blog.polityka.pl\/narty\/wp-json\/wp\/v2\/types\/post"}],"author":[{"embeddable":true,"href":"https:\/\/blog.polityka.pl\/narty\/wp-json\/wp\/v2\/users\/1"}],"replies":[{"embeddable":true,"href":"https:\/\/blog.polityka.pl\/narty\/wp-json\/wp\/v2\/comments?post=216"}],"version-history":[{"count":0,"href":"https:\/\/blog.polityka.pl\/narty\/wp-json\/wp\/v2\/posts\/216\/revisions"}],"wp:attachment":[{"href":"https:\/\/blog.polityka.pl\/narty\/wp-json\/wp\/v2\/media?parent=216"}],"wp:term":[{"taxonomy":"category","embeddable":true,"href":"https:\/\/blog.polityka.pl\/narty\/wp-json\/wp\/v2\/categories?post=216"},{"taxonomy":"post_tag","embeddable":true,"href":"https:\/\/blog.polityka.pl\/narty\/wp-json\/wp\/v2\/tags?post=216"}],"curies":[{"name":"wp","href":"https:\/\/api.w.org\/{rel}","templated":true}]}}