
{"id":220,"date":"2010-01-29T00:24:41","date_gmt":"2010-01-28T23:24:41","guid":{"rendered":"http:\/\/narty.blog.polityka.pl\/?p=220"},"modified":"2010-02-01T21:42:37","modified_gmt":"2010-02-01T20:42:37","slug":"reklama-czasem-prawde-ci-powie","status":"publish","type":"post","link":"https:\/\/blog.polityka.pl\/narty\/2010\/01\/29\/reklama-czasem-prawde-ci-powie\/","title":{"rendered":"Reklama (czasem) prawd\u0119 Ci powie"},"content":{"rendered":"<p><a href=\"\/wp-content\/uploads\/\/2010\/01\/img_0718-maly.jpg\"><\/a>Z reklam stacji zimowych mo\u017cna, je\u015bli czyta\u0107 je uwa\u017cnie, wiele si\u0119 nauczy\u0107. Ot chocia\u017cby dowiedzie\u0107 si\u0119 co nieco na temat warunk\u00f3w sprzyjaj\u0105cych utrzymywaniu si\u0119 odpowiedniej pokrywy \u015bnie\u017cnej.<\/p>\n<p>Za przyk\u0142ad takiej lekcji niech pos\u0142u\u017c\u0105 materia\u0142y informacyjne anonsowanego ju\u017c tu obszaru Kitzb\u00fcheler Alpen (sk\u0142ada si\u0119 z 7 region\u00f3w na pograniczu austriackiego Tyrolu i Ziemi Salzburskiej \u2013 z tak znanymi kompleksami sportowo-wypoczynkowymi, jak SkiCircus Saalbach, SkiWelt Kaiser Brixental, Zell Am See\/Kaprun i oczywi\u015bcie samym Kitzb\u00fchel, ale te\u017c urokliwymi miejscami w rodzaju Alpbach \u2013 wioski uhonorowanej w minionym roku przez wp\u0142ywowy \u201eGood Skiiing Guide tytu\u0142em \u201eMa\u0142ej Stacji Roku\u201d; \u0142\u0105cznie Kitzb\u00fcheler Alpen obejmuje ponad 1000 km przygotowanych tras).<\/p>\n<p><a href=\"\/wp-content\/uploads\/\/2010\/01\/img_0718-maly.jpg\"><img loading=\"lazy\" decoding=\"async\" class=\"alignnone size-medium wp-image-221\" title=\"img_0718-maly\" src=\"\/wp-content\/uploads\/\/2010\/01\/img_0718-maly-300x168.jpg\" alt=\"\" width=\"300\" height=\"168\" srcset=\"\/narty\/wp-content\/uploads\/2010\/01\/img_0718-maly-300x168.jpg 300w, \/narty\/wp-content\/uploads\/2010\/01\/img_0718-maly.jpg 1536w\" sizes=\"(max-width: 300px) 100vw, 300px\" \/><\/a>\u00a0<em>Masywy Kitzb\u00fcheler Alpen<\/em><\/p>\n<p>Ot\u00f3\u017c <em>Kitzb\u00fcheler Alpen<\/em> w\u015br\u00f3d czynnik\u00f3w gwarantuj\u0105cych nadzwyczaj wysokie opady \u015bniegu na swoim obszarze wymienia, po pierwsze, ukszta\u0142towanie terenu. Tamtejsze masywy g\u00f3rskie stanowi\u0105 tzw. p\u00f3\u0142nocno-zachodni\u0105 barier\u0119 Alp i s\u0105 rodzajem naturalnej zapory dla kr\u0105\u017c\u0105cych chmur, przez co w\u0142a\u015bnie w tym regionie nast\u0119puje kumulacja opad\u00f3w. Wymowne jest cho\u0107by, \u017ce roczna \u015brednia opad\u00f3w (powy\u017cej 2,5 w dolinach i ponad 8 m w wy\u017cszych partiach g\u00f3r) utrzymuje si\u0119 na niezmienionym poziomie od\u2026 p\u00f3\u0142 wieku.<\/p>\n<p>Wi\u0119cej: od 1993 meterorolodzy zauwa\u017caj\u0105 na obszarze Kitzb\u00fcheler Alpen wyra\u017ane\u2026 ozi\u0119bienie klimatu. \u015anieg pada tam cz\u0119\u015bciej ni\u017c dawniej, co sprawia, \u017ce i d\u0142u\u017cej zalega si\u0119 na stokach. Przyk\u0142adowo, s\u0142ynny Hahnenkamm (Koguci grzebie\u0144), na kt\u00f3rego stromiznach rozgrywany jest s\u0142ynny bieg zjazdowy Pucharu \u015awiata w Kitzb\u00fchel, jest w ostatnich latach pokryty warstw\u0105 naturalnego \u015bniegu (o grubo\u015bci co najmniej 20 cm) przez prawie sze\u015b\u0107 miesi\u0119cy w roku.<\/p>\n<p>Znaczenie ma i to, \u017ce wi\u0119kszo\u015b\u0107 tras w Kitzb\u00fcheler Alpen wytyczono na p\u00f3\u0142nocnych, zachodnio- b\u0105d\u017a wschodniop\u00f3\u0142nocnych zboczach, na kt\u00f3rych s\u0142o\u0144ce operuje \u0142agodniej, a wi\u0119c i \u015bnieg zalega d\u0142u\u017cej.<\/p>\n<p>Rol\u0119 gra nawet fakt, \u017ce pod\u0142o\u017cem jest tam zwykle mi\u0119kka, alpejska trawa, nie za\u015b, jak cz\u0119sto to bywa gdzie indziej \u2013 ska\u0142y i kamienie. Pozwala to du\u017co \u0142atwiej przygotowa\u0107 trasy \u2013 wedle fachowc\u00f3w wystarczy, \u017ce trawiasty teren pokrywa warstwa ok. 20 cm ubitego \u015bniegu, by da\u0142o si\u0119 je\u017adzi\u0107.<\/p>\n<p>D\u0142u\u017cszemu utrzymywaniu si\u0119 \u015bniegu sprzyja wreszcie fakt, \u017ce w le\u015bnych przecinkach \u2013 drzewa chroni\u0105 \u015bnieg przed s\u0142o\u0144cem i podmuchami wiatru.<\/p>\n<p>Podobny wykaz prawid\u0142owo\u015bci mo\u017cna sporz\u0105dzi\u0107 odno\u015bnie sztucznego na\u015bnie\u017cania. Trzeba tylko przygotowanie tras narciarskich uzna\u0107 za sztuk\u0119 b\u0105d\u017a dyscyplin\u0119 niemal naukow\u0105 \u2013 jak zrobili to Austriacy z Lech w Voralbergu, tworz\u0105c tam ju\u017c w l. 70 ub. stulecia specjalny instytut badawczy i szko\u0142\u0119, kszta\u0142c\u0105c\u0105 tzw. snow maker\u00f3w.<\/p>\n<p>\u00a0<\/p>\n","protected":false},"excerpt":{"rendered":"<p>Z reklam stacji zimowych mo\u017cna, je\u015bli czyta\u0107 je uwa\u017cnie, wiele si\u0119 nauczy\u0107. Ot chocia\u017cby dowiedzie\u0107 si\u0119 co nieco na temat warunk\u00f3w sprzyjaj\u0105cych utrzymywaniu si\u0119 odpowiedniej pokrywy \u015bnie\u017cnej. Za przyk\u0142ad takiej lekcji niech pos\u0142u\u017c\u0105 materia\u0142y informacyjne anonsowanego ju\u017c tu obszaru Kitzb\u00fcheler Alpen (sk\u0142ada si\u0119 z 7 region\u00f3w na pograniczu austriackiego Tyrolu i Ziemi Salzburskiej \u2013 z [&hellip;]<\/p>\n","protected":false},"author":1,"featured_media":0,"comment_status":"open","ping_status":"open","sticky":false,"template":"","format":"standard","meta":{"footnotes":""},"categories":[1],"tags":[],"_links":{"self":[{"href":"https:\/\/blog.polityka.pl\/narty\/wp-json\/wp\/v2\/posts\/220"}],"collection":[{"href":"https:\/\/blog.polityka.pl\/narty\/wp-json\/wp\/v2\/posts"}],"about":[{"href":"https:\/\/blog.polityka.pl\/narty\/wp-json\/wp\/v2\/types\/post"}],"author":[{"embeddable":true,"href":"https:\/\/blog.polityka.pl\/narty\/wp-json\/wp\/v2\/users\/1"}],"replies":[{"embeddable":true,"href":"https:\/\/blog.polityka.pl\/narty\/wp-json\/wp\/v2\/comments?post=220"}],"version-history":[{"count":0,"href":"https:\/\/blog.polityka.pl\/narty\/wp-json\/wp\/v2\/posts\/220\/revisions"}],"wp:attachment":[{"href":"https:\/\/blog.polityka.pl\/narty\/wp-json\/wp\/v2\/media?parent=220"}],"wp:term":[{"taxonomy":"category","embeddable":true,"href":"https:\/\/blog.polityka.pl\/narty\/wp-json\/wp\/v2\/categories?post=220"},{"taxonomy":"post_tag","embeddable":true,"href":"https:\/\/blog.polityka.pl\/narty\/wp-json\/wp\/v2\/tags?post=220"}],"curies":[{"name":"wp","href":"https:\/\/api.w.org\/{rel}","templated":true}]}}