
{"id":2245,"date":"2013-11-13T06:04:58","date_gmt":"2013-11-13T05:04:58","guid":{"rendered":"http:\/\/narty.blog.polityka.pl\/?p=2245"},"modified":"2013-11-12T18:12:42","modified_gmt":"2013-11-12T17:12:42","slug":"w-krakowie-zamiast-w-st-moritz","status":"publish","type":"post","link":"https:\/\/blog.polityka.pl\/narty\/2013\/11\/13\/w-krakowie-zamiast-w-st-moritz\/","title":{"rendered":"W Krakowie zamiast w St.Moritz?"},"content":{"rendered":"<p>Mija termin sk\u0142adania wniosk\u00f3w o prawo organizacji zimowych igrzysk oraz paraolimpiady w 2022 roku. Obok Pekinu, Lwowa, A\u0142ma-Aty, Oslo oraz Sztokholmu i Aare zg\u0142osi\u0142 si\u0119 tak\u017ce Krak\u00f3w ze s\u0142owackim Popradem. Startowa\u0107 chcia\u0142y te\u017c St.Moritz i Davos oraz Monachium i Garmisch-Partenkirchen, ale planom tym sprzeciwili si\u0119 w referendach mieszka\u0144cy.<\/p>\n<p><a href=\"\/wp-content\/uploads\/\/2013\/11\/olip312354_524074967627037_1117568617_n.jpg\"><img loading=\"lazy\" decoding=\"async\" class=\"alignnone size-full wp-image-2248\" title=\"olip312354_524074967627037_1117568617_n\" src=\"\/wp-content\/uploads\/\/2013\/11\/olip312354_524074967627037_1117568617_n.jpg\" alt=\"\" width=\"275\" height=\"183\" \/><\/a><\/p>\n<p><!--more-->Polska drugi raz ubiega si\u0119 o zimowe igrzyska \u2013 w 2006 roku olimpiad\u0119 chcia\u0142o zorganizowa\u0107 Zakopane. Teraz konkurencje rozgrywane na lodzie oraz ceremonie otwarcia i zamkni\u0119cia igrzysk mia\u0142yby odby\u0107 si\u0119 w Krakowie i My\u015blenicach (a mo\u017ce te\u017c w Katowicach), narciarstwo klasyczne, biathlon i snowboard \u2013 w Zakopanem i Jurgowie, a zawody alpejskie \u2013 na S\u0142owacji.<\/p>\n<p>R\u00f3wnocze\u015bnie w mie\u015bcie od tygodni trwa spo\u0142eczna kampania \u201eKrak\u00f3w przeciw igrzyskom\u201d. Jej aktywi\u015bci uznaj\u0105 pomys\u0142 za \u201efanaberi\u0119 polityk\u00f3w\u201d, kt\u00f3ra doprowadzi najwy\u017cej do jeszcze wi\u0119kszego zad\u0142u\u017cenia miasta \u2013 czyli w praktyce jego mieszka\u0144c\u00f3w. Dlatego domagaj\u0105 si\u0119 ujawnienia, na ile szacowane s\u0105 koszty przedsi\u0119wzi\u0119cia. Dowodz\u0105, \u017ce wi\u0119kszo\u015b\u0107 miast, kt\u00f3re dot\u0105d go\u015bci\u0142y igrzyska znalaz\u0142o si\u0119 w efekcie w finansowej zapa\u015bci i musia\u0142o ostro ci\u0105\u0107 wydatki na cele publiczne. G\u0142\u00f3wnym obci\u0105\u017ceniem sta\u0142a si\u0119 infrastruktura powsta\u0142a na potrzeby imprezy \u2013 budynki wioski olimpijskiej, hale sportowe itd.<\/p>\n<p>Tymczasem ju\u017c teraz cz\u0119\u015b\u0107 d\u0142ug\u00f3w Krakowa wynika ze zb\u0119dnych inwestycji w zawodowy sport (kasa miasta do\u0142o\u017cy\u0142a m.in. do budowy dw\u00f3ch du\u017cych stadion\u00f3w po przeciwleg\u0142ej stronie B\u0142o\u0144, czyli Cracovii i Wis\u0142y, podczas gdy wci\u0105\u017c brakuje basen\u00f3w czy ma\u0142ych boisk na osiedlach).<\/p>\n<p><a href=\"\/wp-content\/uploads\/\/2013\/11\/safe_image.php_.jpg\"><img loading=\"lazy\" decoding=\"async\" class=\"alignnone size-medium wp-image-2250\" title=\"safe_image.php\" src=\"\/wp-content\/uploads\/\/2013\/11\/safe_image.php_-300x155.jpg\" alt=\"\" width=\"300\" height=\"155\" srcset=\"\/narty\/wp-content\/uploads\/2013\/11\/safe_image.php_-300x155.jpg 300w, \/narty\/wp-content\/uploads\/2013\/11\/safe_image.php_.jpg 377w\" sizes=\"(max-width: 300px) 100vw, 300px\" \/><\/a> <em>Powstaj\u0105ca ju\u017c hala widowiskowo-sportowa w Czy\u017cynach<\/em><\/p>\n<p>Naturalnie s\u0105 tak\u017ce pytania o generalne szanse na sprawne przeprowadzenie tu takiej imprezy \u2013 symbolem wci\u0105\u017c jest zat\u0142oczona, pomimo niedawnych modernizacji, Zakopianka.<\/p>\n<p>Mo\u017cna oczywi\u015bcie s\u0105dzi\u0107, \u017ce zg\u0142oszenie kandydatury jest jedynie fortelem ze strony magistratu, maj\u0105cym s\u0142u\u017cy\u0107 wyci\u0105gni\u0119ciu z bud\u017cetu centralnego ekstra \u015brodk\u00f3w \u2013 przynajmniej do czasu odrzucenia wniosku. Premier ju\u017c z\u0142o\u017cy\u0142 zreszt\u0105 obietnice finansowego wsparcia.<\/p>\n<p>Tyle \u017ce wiosn\u0105 b.r. mieszka\u0144cy szwajcarskiej Gryzonii odrzucili pomys\u0142 zorganizowania zimowych igrzysk 2022 w St.Moritz i Davos pomimo, \u017ce te\u017c mieli zagwarantowane ekstra pieni\u0105dze od rz\u0105du. Pomys\u0142odawcy zapewniali za\u015b na dodatek, i\u017c zawody mog\u0142yby si\u0119 odby\u0107 praktycznie bez \u017cadnych inwestycji, bo istniej\u0105ca baza sportowa i hotelowa jest wystarczaj\u0105ca. Gryzo\u0144czycy uznali jednak, \u017ce ryzyko powstania d\u0142ug\u00f3w jest zbyt du\u017ce, a inicjatywa s\u0142u\u017cy\u0107 b\u0119dzie jedynie politykom i dzia\u0142aczom.<\/p>\n<p>Podobne powody kierowa\u0142y Bawarczykami, kt\u00f3rzy w miniony weekend sprzeciwili si\u0119 koncepcji igrzysk w Monachium, Garmisch-Partenkirchen i dw\u00f3ch innych gminach w Alpach Salzburskich. Spo\u015br\u00f3d 1,3 mln g\u0142osuj\u0105cych \u201enie\u201d powiedzia\u0142o 51,56 proc. Znowu: tam te\u017c infrastruktura nie wymaga\u0142aby zapewne tak wielkich inwestycji, jak w Polsce \u2013 do\u015b\u0107 przypomnie\u0107, \u017ce Ga-Pa go\u015bci\u0142o niedawno alpejskie mistrzostwa \u015bwiata FIS (ju\u017c na ich potrzeby przemodelowano tam tras\u0119 zjazdow\u0105 itd.).<\/p>\n<p>Decyzja o wyborze gospodarza XXIV zimowych igrzysk i XIII paraolimpiady zapadnie podczas sesji MKOl w Kuala Lumpur w sierpniu 2015 roku. A najbli\u017csze odb\u0119d\u0105 si\u0119 w lutym w Soczi, za\u015b potem, w 2018 roku, w po\u0142udniowokorea\u0144skim Pyeongchang.<\/p>\n","protected":false},"excerpt":{"rendered":"<p>Mija termin sk\u0142adania wniosk\u00f3w o prawo organizacji zimowych igrzysk oraz paraolimpiady w 2022 roku. Obok Pekinu, Lwowa, A\u0142ma-Aty, Oslo oraz Sztokholmu i Aare zg\u0142osi\u0142 si\u0119 tak\u017ce Krak\u00f3w ze s\u0142owackim Popradem. Startowa\u0107 chcia\u0142y te\u017c St.Moritz i Davos oraz Monachium i Garmisch-Partenkirchen, ale planom tym sprzeciwili si\u0119 w referendach mieszka\u0144cy.<\/p>\n","protected":false},"author":1,"featured_media":0,"comment_status":"open","ping_status":"closed","sticky":false,"template":"","format":"standard","meta":{"footnotes":""},"categories":[1],"tags":[],"_links":{"self":[{"href":"https:\/\/blog.polityka.pl\/narty\/wp-json\/wp\/v2\/posts\/2245"}],"collection":[{"href":"https:\/\/blog.polityka.pl\/narty\/wp-json\/wp\/v2\/posts"}],"about":[{"href":"https:\/\/blog.polityka.pl\/narty\/wp-json\/wp\/v2\/types\/post"}],"author":[{"embeddable":true,"href":"https:\/\/blog.polityka.pl\/narty\/wp-json\/wp\/v2\/users\/1"}],"replies":[{"embeddable":true,"href":"https:\/\/blog.polityka.pl\/narty\/wp-json\/wp\/v2\/comments?post=2245"}],"version-history":[{"count":3,"href":"https:\/\/blog.polityka.pl\/narty\/wp-json\/wp\/v2\/posts\/2245\/revisions"}],"predecessor-version":[{"id":2247,"href":"https:\/\/blog.polityka.pl\/narty\/wp-json\/wp\/v2\/posts\/2245\/revisions\/2247"}],"wp:attachment":[{"href":"https:\/\/blog.polityka.pl\/narty\/wp-json\/wp\/v2\/media?parent=2245"}],"wp:term":[{"taxonomy":"category","embeddable":true,"href":"https:\/\/blog.polityka.pl\/narty\/wp-json\/wp\/v2\/categories?post=2245"},{"taxonomy":"post_tag","embeddable":true,"href":"https:\/\/blog.polityka.pl\/narty\/wp-json\/wp\/v2\/tags?post=2245"}],"curies":[{"name":"wp","href":"https:\/\/api.w.org\/{rel}","templated":true}]}}