
{"id":2257,"date":"2013-11-21T06:42:56","date_gmt":"2013-11-21T05:42:56","guid":{"rendered":"http:\/\/narty.blog.polityka.pl\/?p=2257"},"modified":"2013-11-19T12:51:03","modified_gmt":"2013-11-19T11:51:03","slug":"pol-wieku-dynastara-i-cham-dla-dam","status":"publish","type":"post","link":"https:\/\/blog.polityka.pl\/narty\/2013\/11\/21\/pol-wieku-dynastara-i-cham-dla-dam\/","title":{"rendered":"P\u00f3\u0142 wieku Dynastara (i Cham dla dam)"},"content":{"rendered":"<p>Firma Dynastar \u2013 \u015bwiatowej renomy producent sprz\u0119tu narciarskiego \u2013 obchodzi w tym roku pi\u0119\u0107dziesi\u0105te urodziny. Okr\u0105g\u0142\u0105 rocznic\u0119 celebruje m.in. nowo\u015bciami w swojej kolekcji. Jest w\u015br\u00f3d nich przeznaczona specjalnie dla Pa\u0144 wersja popularnego i cenionego modelu Cham.<\/p>\n<p><a href=\"\/wp-content\/uploads\/\/2013\/11\/DACK501_FC2A004_CHAM-WOMAN-107-Pivot-14-XXL-Kiwi-Green1.jpg\"><img loading=\"lazy\" decoding=\"async\" class=\"alignnone size-medium wp-image-2262\" title=\"DACK501_FC2A004_CHAM-WOMAN-107-Pivot-14-XXL-Kiwi-Green\" src=\"\/wp-content\/uploads\/\/2013\/11\/DACK501_FC2A004_CHAM-WOMAN-107-Pivot-14-XXL-Kiwi-Green1-300x48.jpg\" alt=\"\" width=\"300\" height=\"48\" srcset=\"\/narty\/wp-content\/uploads\/2013\/11\/DACK501_FC2A004_CHAM-WOMAN-107-Pivot-14-XXL-Kiwi-Green1-300x48.jpg 300w, \/narty\/wp-content\/uploads\/2013\/11\/DACK501_FC2A004_CHAM-WOMAN-107-Pivot-14-XXL-Kiwi-Green1-1024x163.jpg 1024w, \/narty\/wp-content\/uploads\/2013\/11\/DACK501_FC2A004_CHAM-WOMAN-107-Pivot-14-XXL-Kiwi-Green1.jpg 1400w\" sizes=\"(max-width: 300px) 100vw, 300px\" \/><\/a> <em>Jedna z wersji damskich Cham-\u00f3w<\/em><\/p>\n<p><!--more--><\/p>\n<p>Kobiece Cham maj\u0105 ten sam lewitacyjny profil, co ich starsi bracia (na kt\u00f3rych mia\u0142em okazj\u0119 poje\u017adzi\u0107 w minionym sezonie: <a href=\"http:\/\/narty.blog.polityka.pl\/2013\/04\/14\/wreszcie-sprobowalem-chamow\/\" target=\"_blank\">\u201eSpr\u00f3bowa\u0142em Cham\u00f3w w Ladis\u201d<\/a>, 14 kwietnia b.r.), ale s\u0105 od nich od 10 do 25 proc. l\u017cejsze dzi\u0119ki konstrukcji stworzonej z r\u00f3\u017cnego rodzaju w\u0142\u00f3kien syntetycznych (przy pozostawieniu oczywi\u015bcie drewnianego rdzenia). Oferowane s\u0105 w trzech szeroko\u015bciach pod butem jako Cham W 87, Cham W 97 oraz Cham W 107. Wszystkie maj\u0105 oczywi\u015bcie rocker \u2013 i to zaprojektowany podobno specjalnie z my\u015bl\u0105 o kobietach. Unikalne w\u0105skie i p\u0142askie pi\u0119tki maj\u0105 z kolei zapewni\u0107 dobr\u0105 kontrol\u0119 prowadzenia nart w g\u0142\u0119bszym \u015bniegu.<\/p>\n<p>Linia Cham (nazwa pochodzi oczywi\u015bcie od Chamonix, gdzie Dynastar ma sw\u0105 siedzib\u0119) s\u0142u\u017cy do jazdy all mountain (czyli nie tylko po przygotowanych trasach, ale te\u017c \u2013 a mo\u017ce przede wszystkim \u2013 w terenie).<\/p>\n<p>Gama modeli Dynastara zostanie jednak nadto poszerzona o now\u0105 grup\u0119 Chrome, w ramach kt\u00f3rej b\u0119d\u0105 do dyspozycji narty o promieniach skr\u0119tu od 13 do 19 metr\u00f3w i konstryukcji z u\u0142atwiaj\u0105cym inicjacj\u0119 skr\u0119tu rockerem Early rise tip. Te narty nale\u017c\u0105 za\u015b do grupy Piste \u2013 kierowane s\u0105 wi\u0119c do mi\u0142o\u015bnik\u00f3w dynamicznych zjazd\u00f3w po trasach.<\/p>\n","protected":false},"excerpt":{"rendered":"<p>Firma Dynastar \u2013 \u015bwiatowej renomy producent sprz\u0119tu narciarskiego \u2013 obchodzi w tym roku pi\u0119\u0107dziesi\u0105te urodziny. Okr\u0105g\u0142\u0105 rocznic\u0119 celebruje m.in. nowo\u015bciami w swojej kolekcji. Jest w\u015br\u00f3d nich przeznaczona specjalnie dla Pa\u0144 wersja popularnego i cenionego modelu Cham. Jedna z wersji damskich Cham-\u00f3w<\/p>\n","protected":false},"author":1,"featured_media":0,"comment_status":"open","ping_status":"closed","sticky":false,"template":"","format":"standard","meta":{"footnotes":""},"categories":[1],"tags":[],"_links":{"self":[{"href":"https:\/\/blog.polityka.pl\/narty\/wp-json\/wp\/v2\/posts\/2257"}],"collection":[{"href":"https:\/\/blog.polityka.pl\/narty\/wp-json\/wp\/v2\/posts"}],"about":[{"href":"https:\/\/blog.polityka.pl\/narty\/wp-json\/wp\/v2\/types\/post"}],"author":[{"embeddable":true,"href":"https:\/\/blog.polityka.pl\/narty\/wp-json\/wp\/v2\/users\/1"}],"replies":[{"embeddable":true,"href":"https:\/\/blog.polityka.pl\/narty\/wp-json\/wp\/v2\/comments?post=2257"}],"version-history":[{"count":5,"href":"https:\/\/blog.polityka.pl\/narty\/wp-json\/wp\/v2\/posts\/2257\/revisions"}],"predecessor-version":[{"id":2264,"href":"https:\/\/blog.polityka.pl\/narty\/wp-json\/wp\/v2\/posts\/2257\/revisions\/2264"}],"wp:attachment":[{"href":"https:\/\/blog.polityka.pl\/narty\/wp-json\/wp\/v2\/media?parent=2257"}],"wp:term":[{"taxonomy":"category","embeddable":true,"href":"https:\/\/blog.polityka.pl\/narty\/wp-json\/wp\/v2\/categories?post=2257"},{"taxonomy":"post_tag","embeddable":true,"href":"https:\/\/blog.polityka.pl\/narty\/wp-json\/wp\/v2\/tags?post=2257"}],"curies":[{"name":"wp","href":"https:\/\/api.w.org\/{rel}","templated":true}]}}