
{"id":226,"date":"2010-02-05T08:09:15","date_gmt":"2010-02-05T07:09:15","guid":{"rendered":"http:\/\/narty.blog.polityka.pl\/?p=226"},"modified":"2010-02-06T09:02:24","modified_gmt":"2010-02-06T08:02:24","slug":"wygraj-swoja-zime","status":"publish","type":"post","link":"https:\/\/blog.polityka.pl\/narty\/2010\/02\/05\/wygraj-swoja-zime\/","title":{"rendered":"Wygraj swoj\u0105 zim\u0119"},"content":{"rendered":"<p>Pe\u0142nia sezonu (wyj\u0105tkiem jest niestety wci\u0105\u017c zamkni\u0119ty z powodu niedostatecznej pokrywy \u015bniegu Kocio\u0142 Goryczkowy Kasprowego Wierchu) to tak\u017ce szczyt sezonu na rozmaite konkursy, og\u0142aszane przez firmy zwi\u0105zane z zimowym wypoczynkiem.<\/p>\n<p>Dwa przyk\u0142ady. Aktualne!<\/p>\n<p>ANTYRADIO 94 FM wesp\u00f3\u0142 z\u00a0<a href=\"http:\/\/www.austria.info\/pl\" target=\"_blank\">Austria Info<\/a>\u00a0proponuj\u0105 walentynkow\u0105 zabaw\u0119 pod has\u0142em \u201ePrzele\u0107 si\u0119 z Antyradiem!\u201d. Wzywaj\u0105: \u201ePasujecie do siebie jak ula\u0142? Znacie si\u0119 na wylot? Wygrajcie przelot i cudowny pobyt w austriackich Alpach!. Wystarczy wys\u0142a\u0107 SMS na numer 7123 z uzasadnieniem, dlaczego to w\u0142a\u015bnie Wy powinni\u015bcie si\u0119 przelecie\u0107\u201d (koszt SMS \u2013 1,22 z\u0142 z VAT). SMS mo\u017cna wys\u0142a\u0107 codziennie mi\u0119dzy w godz. 13 do 16 \u2013 a\u017c d0 12 lutego.<\/p>\n<p>Nagrod\u0105 g\u0142\u00f3wn\u0105 dla dw\u00f3ch zwyci\u0119skich par jest przelot z Warszawy do Innsbrucka oraz transport luksusow\u0105 limuzyn\u0105 do znanej tyrolskiej stacji S\u00f6lden (dwa lodowce, miejsce corocznych inauguracyjnych zawod\u00f3w alpejskiego Pucharu \u015awiata), pobyt w jednym z tamtejszych czterogwiazdkowych hoteli (od 29 kwietnia do 2 maja) plus karnet na wyci\u0105gi i opieka instruktora. Ostateczn\u0105 decyzj\u0119, kto zwyci\u0119\u017cy podejm\u0105 s\u0142uchacze Antyradia w internetowym plebiscycie.<br \/>\nSzczeg\u00f3\u0142owy regulamin zabawy mo\u017cna znale\u017a\u0107 na <a href=\"http:\/\/www.antyradio.pl\/Konkursy\/Warszawa\/Przelec-sie-z-Antyradiem\/Regulamin-konkursu\">stronie internetowej Antyradia<\/a>.\u00a0<\/p>\n<p>Z kolei firma W.L. Gore&amp;Associates, \u015bwiatowej s\u0142awy producent rozmaitego rodzaju membran do odzie\u017cy sportowo turystycznej, oraz radio TOK FM og\u0142osi\u0142y konkurs \u201eMoja wymarzona wyprawa\u201d. Chodzi o napisanie scenariusza podr\u00f3\u017cy, kt\u00f3ra \u201epowinna trwa\u0107 d\u0142u\u017cej ni\u017c jeden dzie\u0144, by\u0107 w zasi\u0119gu mo\u017cliwo\u015bci fizycznych oraz finansowych uczestnik\u00f3w (loty w kosmos niestety nie b\u0119d\u0105 brane pod uwag\u0119) oraz nie mo\u017ce by\u0107 wykupiona w biurze podr\u00f3\u017cy\u201d. Na pomys\u0142y i scenariusze podr\u00f3\u017cy marze\u0144 organizatorzy czekaj\u0105 do 10 lutego \u2013 nale\u017cy przes\u0142a\u0107 je na adres <a href=\"mailto:weekendowyporanek@tok.fm\">weekendowyporanek@tok.fm<\/a>.<\/p>\n<p>Zwyci\u0119zca konkursu (maksymalnie zesp\u00f3\u0142 4-osobowy) zostanie kompleksowo wyposa\u017cony w odzie\u017c sportow\u0105 z membran\u0105 Gore-tex\u00ae oraz Windstopper\u00ae dobran\u0105 przez ekspert\u00f3w specjalnie pod k\u0105tem zaplanowanej wyprawy. Ponadto dwa wyr\u00f3\u017cnione przez jury pomys\u0142y nagrodzone zostan\u0105 gad\u017cetami i drobnymi produktami marek Gore-tex\u00ae oraz Windstopper\u00ae. Dodatkow\u0105 atrakcj\u0105 b\u0119dzie zaproszenie wszystkich nagrodzonych i wyr\u00f3\u017cnionych na wiosenne warsztaty firmy Gore, podczas kt\u00f3rych zaprezentowane zostan\u0105 najnowocze\u015bniejsze technologie stosowane przy produkcji odzie\u017cy outdoorowej oraz zasady dzia\u0142ania i korzystania z membran Gore-tex\u00ae.<\/p>\n<p>Powodzenia!<\/p>\n","protected":false},"excerpt":{"rendered":"<p>Pe\u0142nia sezonu (wyj\u0105tkiem jest niestety wci\u0105\u017c zamkni\u0119ty z powodu niedostatecznej pokrywy \u015bniegu Kocio\u0142 Goryczkowy Kasprowego Wierchu) to tak\u017ce szczyt sezonu na rozmaite konkursy, og\u0142aszane przez firmy zwi\u0105zane z zimowym wypoczynkiem. Dwa przyk\u0142ady. Aktualne! ANTYRADIO 94 FM wesp\u00f3\u0142 z\u00a0Austria Info\u00a0proponuj\u0105 walentynkow\u0105 zabaw\u0119 pod has\u0142em \u201ePrzele\u0107 si\u0119 z Antyradiem!\u201d. Wzywaj\u0105: \u201ePasujecie do siebie jak ula\u0142? Znacie si\u0119 [&hellip;]<\/p>\n","protected":false},"author":1,"featured_media":0,"comment_status":"open","ping_status":"open","sticky":false,"template":"","format":"standard","meta":{"footnotes":""},"categories":[1],"tags":[],"_links":{"self":[{"href":"https:\/\/blog.polityka.pl\/narty\/wp-json\/wp\/v2\/posts\/226"}],"collection":[{"href":"https:\/\/blog.polityka.pl\/narty\/wp-json\/wp\/v2\/posts"}],"about":[{"href":"https:\/\/blog.polityka.pl\/narty\/wp-json\/wp\/v2\/types\/post"}],"author":[{"embeddable":true,"href":"https:\/\/blog.polityka.pl\/narty\/wp-json\/wp\/v2\/users\/1"}],"replies":[{"embeddable":true,"href":"https:\/\/blog.polityka.pl\/narty\/wp-json\/wp\/v2\/comments?post=226"}],"version-history":[{"count":0,"href":"https:\/\/blog.polityka.pl\/narty\/wp-json\/wp\/v2\/posts\/226\/revisions"}],"wp:attachment":[{"href":"https:\/\/blog.polityka.pl\/narty\/wp-json\/wp\/v2\/media?parent=226"}],"wp:term":[{"taxonomy":"category","embeddable":true,"href":"https:\/\/blog.polityka.pl\/narty\/wp-json\/wp\/v2\/categories?post=226"},{"taxonomy":"post_tag","embeddable":true,"href":"https:\/\/blog.polityka.pl\/narty\/wp-json\/wp\/v2\/tags?post=226"}],"curies":[{"name":"wp","href":"https:\/\/api.w.org\/{rel}","templated":true}]}}