
{"id":2277,"date":"2013-11-26T04:10:03","date_gmt":"2013-11-26T03:10:03","guid":{"rendered":"http:\/\/narty.blog.polityka.pl\/?p=2277"},"modified":"2013-11-25T14:18:22","modified_gmt":"2013-11-25T13:18:22","slug":"rewolucja-czyli-ze-smartfonem-na-kasprowy","status":"publish","type":"post","link":"https:\/\/blog.polityka.pl\/narty\/2013\/11\/26\/rewolucja-czyli-ze-smartfonem-na-kasprowy\/","title":{"rendered":"Rewolucja, czyli ze smartfonem na Kasprowy!"},"content":{"rendered":"<p>Nadchodz\u0105cej zimy narciarze i tury\u015bci b\u0119d\u0105 mogli kupi\u0107 bilet na kolejk\u0119 linow\u0105 na Kasprowy Wierch za pomoc\u0105 smartfona! O rewolucyjno\u015bci, oczywi\u015bcie jak na krajowe standardy, tego pomys\u0142u \u015bwiadczy i to, \u017ce informuje o nim sama Polska Agencja Prasowa. Planowane s\u0105 tak\u017ce inne epokowe \u2013 w rodzimych realiach \u2013 innowacje.<\/p>\n<p><a href=\"http:\/\/narty.blog.polityka.pl\/wp-content\/uploads\/\/2013\/11\/250px-KL_Kasprowy_Wierch_-_nowy_wagonik.jpg\"><img loading=\"lazy\" decoding=\"async\" title=\"250px-KL_Kasprowy_Wierch_-_nowy_wagonik\" src=\"http:\/\/narty.blog.polityka.pl\/wp-content\/uploads\/\/2013\/11\/250px-KL_Kasprowy_Wierch_-_nowy_wagonik.jpg\" alt=\"\" width=\"250\" height=\"188\" \/><\/a><\/p>\n<p><!--more-->Bilet na smartfona b\u0119dzie mo\u017cna kupi\u0107 na stronie internetowej PKL, wybieraj\u0105c dzie\u0144 i godzin\u0119 planowanego wjazdu na szczyt. Po wp\u0142aceniu \u017c\u0105danej kwoty na telefon przyjdzie zwrotna wiadomo\u015b\u0107, b\u0119d\u0105ca r\u00f3wnocze\u015bnie biletem.<\/p>\n<p>Mo\u017cna te\u017c oczywi\u015bcie nadal wybra\u0107 wersj\u0119 e-mailow\u0105 zam\u00f3wienia \u2013 wtedy w Ku\u017anicach trzeba okaza\u0107 wydruk biletu. Co wa\u017cne, posiadacze smartfonowych lub wydrukowanych miejsc\u00f3wek bilet\u00f3w na dan\u0105 godzin\u0119 b\u0119d\u0105 mogli omin\u0105\u0107 kolejk\u0119 stoj\u0105cych po tradycyjne bilety.<\/p>\n<p>Elektroniczny bilet b\u0119dzie odczytywany z ekranu telefonu przez ju\u017c zamontowane na dolnej stacji kolejki czytniki, co ma dodatkowo usprawni\u0107 obs\u0142ug\u0119.<\/p>\n<p>W Ku\u017anicach pojawi\u0107 si\u0119 r\u00f3wnie\u017c telebim, na kt\u00f3rym wy\u015bwietlane b\u0119d\u0105 komunikaty o biletach ju\u017c sprzedanych na dany dzie\u0144. Korzystaj\u0105c z tej informacji tury\u015bci b\u0119d\u0105 mogli zdecydowa\u0107, czy czeka\u0107 na wjazd, czy te\u017c mo\u017ce maszerowa\u0107 pod wyci\u0105g na Goryczkowej na piechot\u0119.<\/p>\n<p>Kolejnym u\u0142atwieniem przewidzianym na t\u0119 zim\u0119 maj\u0105 by\u0107 elektroniczne czytniki skipass\u00f3w na dolnych stacjach obu krzese\u0142ek. W efekcie podczas przechodzenia przez bramki nie trzeba b\u0119dzie wyjmowa\u0107 karnetu z kieszeni kurtki. Na wiosn\u0119 podobne czytniki elektronicznych bilet\u00f3w pojawi\u0105 si\u0119 na Guba\u0142\u00f3wce.<\/p>\n<p>Przypomnijmy, \u017ce latem Polskie Koleje Linowe zosta\u0142y sprywatyzowane: ich w\u0142a\u015bcicielem zosta\u0142a sp\u00f3\u0142ka podhala\u0144skich gmin oraz funduszu inwestycyjnego Mid Europa Partners.<\/p>\n<p>Oficjalne otwarcie sezonu zimowego 2013\/14 w Zakopanem planowane jest na weekend 14-15 grudnia. Z tej okazji \u2013 jak zach\u0119ca PKL na swojej stronie internetowej \u2013 \u201ebilety normalne i ulgowe relacji g\u00f3ra-d\u00f3\u0142 na Kasprowy Wierch oraz Guba\u0142\u00f3wk\u0119 b\u0119d\u0105 dost\u0119pne w kasach za p\u00f3\u0142 ceny\u201d.<\/p>\n","protected":false},"excerpt":{"rendered":"<p>Nadchodz\u0105cej zimy narciarze i tury\u015bci b\u0119d\u0105 mogli kupi\u0107 bilet na kolejk\u0119 linow\u0105 na Kasprowy Wierch za pomoc\u0105 smartfona! O rewolucyjno\u015bci, oczywi\u015bcie jak na krajowe standardy, tego pomys\u0142u \u015bwiadczy i to, \u017ce informuje o nim sama Polska Agencja Prasowa. Planowane s\u0105 tak\u017ce inne epokowe \u2013 w rodzimych realiach \u2013 innowacje.<\/p>\n","protected":false},"author":1,"featured_media":0,"comment_status":"open","ping_status":"closed","sticky":false,"template":"","format":"standard","meta":{"footnotes":""},"categories":[1],"tags":[],"_links":{"self":[{"href":"https:\/\/blog.polityka.pl\/narty\/wp-json\/wp\/v2\/posts\/2277"}],"collection":[{"href":"https:\/\/blog.polityka.pl\/narty\/wp-json\/wp\/v2\/posts"}],"about":[{"href":"https:\/\/blog.polityka.pl\/narty\/wp-json\/wp\/v2\/types\/post"}],"author":[{"embeddable":true,"href":"https:\/\/blog.polityka.pl\/narty\/wp-json\/wp\/v2\/users\/1"}],"replies":[{"embeddable":true,"href":"https:\/\/blog.polityka.pl\/narty\/wp-json\/wp\/v2\/comments?post=2277"}],"version-history":[{"count":4,"href":"https:\/\/blog.polityka.pl\/narty\/wp-json\/wp\/v2\/posts\/2277\/revisions"}],"predecessor-version":[{"id":2282,"href":"https:\/\/blog.polityka.pl\/narty\/wp-json\/wp\/v2\/posts\/2277\/revisions\/2282"}],"wp:attachment":[{"href":"https:\/\/blog.polityka.pl\/narty\/wp-json\/wp\/v2\/media?parent=2277"}],"wp:term":[{"taxonomy":"category","embeddable":true,"href":"https:\/\/blog.polityka.pl\/narty\/wp-json\/wp\/v2\/categories?post=2277"},{"taxonomy":"post_tag","embeddable":true,"href":"https:\/\/blog.polityka.pl\/narty\/wp-json\/wp\/v2\/tags?post=2277"}],"curies":[{"name":"wp","href":"https:\/\/api.w.org\/{rel}","templated":true}]}}