
{"id":2284,"date":"2013-11-30T19:08:28","date_gmt":"2013-11-30T18:08:28","guid":{"rendered":"http:\/\/narty.blog.polityka.pl\/?p=2284"},"modified":"2013-11-30T19:17:42","modified_gmt":"2013-11-30T18:17:42","slug":"nieoficjalnie-ale-ruszyly%e2%80%a6","status":"publish","type":"post","link":"https:\/\/blog.polityka.pl\/narty\/2013\/11\/30\/nieoficjalnie-ale-ruszyly%e2%80%a6\/","title":{"rendered":"Nieoficjalnie, ale ruszy\u0142y\u2026"},"content":{"rendered":"<p>Od sobotniego poranka na kilku stokach w Polsce uruchomiono pierwsze tej zimy wyci\u0105gi! Tym samym\u00a0 sezon 2013\/14 mo\u017cna i w kraju uzna\u0107 za rozpocz\u0119ty, cho\u0107 formalnie Og\u00f3lnopolskie Otwarcie Sezonu Narciarskiego w tym roku odb\u0119dzie si\u0119 dopiero w najbli\u017cszy weekend w stacji Dwie Doliny Muszyna\u00a0 Wierchomla.<br \/>\n<!--more-->Wedle zapowiedzi jako pierwsze ruszy\u0107 mia\u0142y m.in. orczyk Mieszko w Ziele\u0144cu, wyci\u0105g talerzykowy na dolnej polanie i kolej linowa w Wi\u015ble Sto\u017cku (tyle \u017ce korzystaj\u0105cy z krzese\u0142ka mogli je\u017adzi\u0107 si\u0119 jedynie na niebieskiej nartostradzie), orczyk Zagro\u0144 w Istebnej, wyci\u0105g Bartu\u015b na Bia\u0142ym Krzy\u017cu w Szczyrku, orczyki pod Nosalem w Zakopanem oraz krzes\u0142a na Bani w Bia\u0142ce.<\/p>\n<p>Co wa\u017cne, na niekt\u00f3rych stokach jazda by\u0142a darmowa b\u0105d\u017a wystarczy\u0142o zap\u0142aci\u0107 po\u0142ow\u0119 ceny. W\u0142a\u015bciciele wyci\u0105g\u00f3w najcz\u0119\u015bciej okre\u015blali warunki jako \u201eumiarkowanie dobre\u201d, dodaj\u0105c czasem \u201ejak to w listopadzie\u201d.<\/p>\n<p>Oficjaln\u0105 inauguracj\u0119 sezonu zaplanowano natomiast na 7 grudnia. Organizuje j\u0105 Ministerstwo Sportu i Turystyki i Polska Organizacja Turystyczna oraz w\u0142adze Ma\u0142opolski. Gospodarzem ma by\u0107 stacja Dwie Doliny Muszyna Wierchomla. Rzeczniczka o\u015brodka Ewelina Mickiewicz powiedzia\u0142a mi, \u017ce na stokach na dobre pracuj\u0105 ju\u017c armatki, aby przypadkiem nie zabrak\u0142o \u015bniegu.<\/p>\n<p>A w programie, pr\u00f3cz specjalistycznych seminari\u00f3w po\u015bwi\u0119conych krajowej bran\u017cy narciarskiej, znajdzie si\u0119 wiele atrakcji dla go\u015bci spoza bran\u017cy turystycznej:\u00a0 Otwarta Szko\u0142a Narciarska dla dzieci, show freestylowy, testy najnowszych modeli nart itd. Na dodatek ka\u017cdy narciarz przebrany w str\u00f3j \u015awi\u0119tego Miko\u0142aja (wystarczy stosowna czapka) otrzyma\u2026 prezent w postaci 50 proc. zni\u017cki na karnet.<\/p>\n","protected":false},"excerpt":{"rendered":"<p>Od sobotniego poranka na kilku stokach w Polsce uruchomiono pierwsze tej zimy wyci\u0105gi! Tym samym\u00a0 sezon 2013\/14 mo\u017cna i w kraju uzna\u0107 za rozpocz\u0119ty, cho\u0107 formalnie Og\u00f3lnopolskie Otwarcie Sezonu Narciarskiego w tym roku odb\u0119dzie si\u0119 dopiero w najbli\u017cszy weekend w stacji Dwie Doliny Muszyna\u00a0 Wierchomla.<\/p>\n","protected":false},"author":1,"featured_media":0,"comment_status":"open","ping_status":"closed","sticky":false,"template":"","format":"standard","meta":{"footnotes":""},"categories":[1],"tags":[],"_links":{"self":[{"href":"https:\/\/blog.polityka.pl\/narty\/wp-json\/wp\/v2\/posts\/2284"}],"collection":[{"href":"https:\/\/blog.polityka.pl\/narty\/wp-json\/wp\/v2\/posts"}],"about":[{"href":"https:\/\/blog.polityka.pl\/narty\/wp-json\/wp\/v2\/types\/post"}],"author":[{"embeddable":true,"href":"https:\/\/blog.polityka.pl\/narty\/wp-json\/wp\/v2\/users\/1"}],"replies":[{"embeddable":true,"href":"https:\/\/blog.polityka.pl\/narty\/wp-json\/wp\/v2\/comments?post=2284"}],"version-history":[{"count":4,"href":"https:\/\/blog.polityka.pl\/narty\/wp-json\/wp\/v2\/posts\/2284\/revisions"}],"predecessor-version":[{"id":2286,"href":"https:\/\/blog.polityka.pl\/narty\/wp-json\/wp\/v2\/posts\/2284\/revisions\/2286"}],"wp:attachment":[{"href":"https:\/\/blog.polityka.pl\/narty\/wp-json\/wp\/v2\/media?parent=2284"}],"wp:term":[{"taxonomy":"category","embeddable":true,"href":"https:\/\/blog.polityka.pl\/narty\/wp-json\/wp\/v2\/categories?post=2284"},{"taxonomy":"post_tag","embeddable":true,"href":"https:\/\/blog.polityka.pl\/narty\/wp-json\/wp\/v2\/tags?post=2284"}],"curies":[{"name":"wp","href":"https:\/\/api.w.org\/{rel}","templated":true}]}}