
{"id":2289,"date":"2013-12-03T22:17:21","date_gmt":"2013-12-03T21:17:21","guid":{"rendered":"http:\/\/narty.blog.polityka.pl\/?p=2289"},"modified":"2013-12-03T22:23:03","modified_gmt":"2013-12-03T21:23:03","slug":"nowe-nowinki-o-kasprowym-201314","status":"publish","type":"post","link":"https:\/\/blog.polityka.pl\/narty\/2013\/12\/03\/nowe-nowinki-o-kasprowym-201314\/","title":{"rendered":"Nowe nowinki  o Kasprowym 2013\/14"},"content":{"rendered":"<p>Ca\u0142odzienny karnet \u201enieograniczony na wszystko\u201d oraz trasa slalomowa z pomiarem pr\u0119dko\u015bci na G\u0105sienicowej \u2013 to kolejne pomys\u0142y sp\u00f3\u0142ki Polskie Koleje G\u00f3rskie, czyli nowego w\u0142a\u015bciciela\u00a0 instalacji\u00a0 narciarskich na Kasprowym Wierchu, na przyci\u0105gni\u0119cie go\u015bci.<\/p>\n<p><a href=\"\/wp-content\/uploads\/\/2013\/12\/gorycz.jpg\"><img loading=\"lazy\" decoding=\"async\" class=\"alignnone size-full wp-image-2292\" title=\"gorycz\" src=\"\/wp-content\/uploads\/\/2013\/12\/gorycz.jpg\" alt=\"\" width=\"99\" height=\"66\" \/><\/a> <em>Kasprowy Wierch: krzese\u0142ka w Kotle Goryczkowym<\/em><br \/>\n<!--more-->Dopiero co pisa\u0142em tu o planach wprowadzenia ju\u017c w tym sezonie mo\u017cliwo\u015bci kupowania bilet\u00f3w na kolejk\u0119 i wyci\u0105gi za pomoc\u0105 smartfon\u00f3w oraz zamontowania elektronicznych czytnik\u00f3w skipass\u00f3w przy dolnych stacjach (<a href=\"http:\/\/narty.blog.polityka.pl\/2013\/11\/26\/rewolucja-czyli-ze-smartfonem-na-kasprowy\/#more-2277\" target=\"_blank\">\u201eRewolucja, czyli ze smartfonem na Kasprowy!\u201d<\/a>, 26 listopada b.r.).<\/p>\n<p>Z Zakopanego dochodz\u0105 jednak kolejne wie\u015bci o nowo\u015bciach. PKG chc\u0105 m.in. zaproponowa\u0107 skipassy, pozwalaj\u0105ce na nieograniczon\u0105 liczb\u0119 wjazd\u00f3w nie tylko wyci\u0105gami w Kot\u0142ach: G\u0105sienicowym i Goryczkowym, ale tak\u017ce kolej\u0105 linow\u0105 na szczyt Kasprowego.<\/p>\n<p>Na ca\u0142y dzie\u0144 taki karnet ma kosztowa\u0107 135 z\u0142. Jest przeznaczony \u2013 jak czytamy w informacji prasowej \u2013 \u201edla najbardziej zawansowanych i wytrwa\u0142ych mi\u0142o\u015bnik\u00f3w bia\u0142ego szale\u0144stwa\u201d. PKG zachwalaj\u0105 nowy skipass jako \u201enajbardziej efektywn\u0105 i op\u0142acaln\u0105 opcj\u0119 sp\u0119dzenia ca\u0142ego dnia na nartach\u201d. Sugeruj\u0105, na przyk\u0142ad, \u017ce jego posiadacze, pr\u00f3cz \u201eswobody wyboru tras\u201d, b\u0119d\u0105 mogli wybra\u0107 dowolne miejsce na posi\u0142ek: zje\u015b\u0107 go chocia\u017cby \u201ena dolnej stacji w Ku\u017anicach, w centrum Zakopanego lub w miejscu noclegu\u201d, a nast\u0119pnie wr\u00f3ci\u0107 na stok \u201ebez konieczno\u015bci zakupu kolejnego biletu\u201d. Dla posiadaczy tego ekstra skipassu otwarte b\u0119dzie na dolnej stacji kolei na Kasprowy Wierch osobne przej\u015bcie.<\/p>\n<p>Dla dzieci (w wieku od 5 do 15 lat) i senior\u00f3w (osoby powy\u017cej 65 roku \u017cycia) przewidziano skipassy ulgowe (zni\u017cka wynosi\u0107 ma 20 proc. \u2013 ca\u0142y dzie\u0144 jazdy b\u0119dzie wi\u0119c kosztowa\u0142 ich 108 z\u0142). Pojawi\u0107 si\u0119 ma r\u00f3wnie\u017c oferta dla rodzin: opiekunowie rodzice dwoje doros\u0142ych z jednym dzieckiem za dzie\u0144 zap\u0142ac\u0105 356 z\u0142, za\u015b dwoje doros\u0142ych z dw\u00f3jk\u0105 dzieci \u2013\u00a0 410 z\u0142.<\/p>\n<p>Drugim wariantem b\u0119dzie skipass czterogodzinny \u2013 za 108 z\u0142 (ulgowy 86 z\u0142).<\/p>\n<p>Naturalnie utrzymane zostan\u0105 bilety pojedyncze. Tyle \u017ce za jednorazowy wjazd kolejk\u0105 linow\u0105 na szczyt Kasprowego trzeba b\u0119dzie zap\u0142aci\u0107 40 z\u0142 (bilet ulgowy to 35 z\u0142), a za ka\u017cdy przejazd kt\u00f3rym\u015b z krzese\u0142ek \u2013 20 z\u0142.<\/p>\n<p>Zbigniew Rekusz, prezes zarz\u0105du PKG, t\u0142umaczy, \u017ce pomys\u0142y mened\u017cerowie PKG\u00a0 konsultowali \u201ez doradcami z Alp\u201d, kt\u00f3rzy \u201e zgodzili si\u0119, \u017ce kluczowym zadaniem na zbli\u017caj\u0105cy si\u0119 sezon zimowy powinno by\u0107 udro\u017cnienie ruchu na Kasprowym Wierchu\u201d. I dodaje: \u201eUsprawnienie zakupu bilet\u00f3w dzia\u0142a jak magnes, kt\u00f3ry wraz z rozwojem oferty przyci\u0105gnie turyst\u00f3w\u201d.<\/p>\n<p>Jedn\u0105 z takich ofert ma by\u0107 specjalna trasa slalomowa w Dolinie G\u0105sienicowej, gdzie b\u0119dzie mo\u017cna zmierzy\u0107 sobie czas przejazdu. Bezp\u0142atnie.<\/p>\n","protected":false},"excerpt":{"rendered":"<p>Ca\u0142odzienny karnet \u201enieograniczony na wszystko\u201d oraz trasa slalomowa z pomiarem pr\u0119dko\u015bci na G\u0105sienicowej \u2013 to kolejne pomys\u0142y sp\u00f3\u0142ki Polskie Koleje G\u00f3rskie, czyli nowego w\u0142a\u015bciciela\u00a0 instalacji\u00a0 narciarskich na Kasprowym Wierchu, na przyci\u0105gni\u0119cie go\u015bci. Kasprowy Wierch: krzese\u0142ka w Kotle Goryczkowym<\/p>\n","protected":false},"author":1,"featured_media":0,"comment_status":"open","ping_status":"closed","sticky":false,"template":"","format":"standard","meta":{"footnotes":""},"categories":[1],"tags":[],"_links":{"self":[{"href":"https:\/\/blog.polityka.pl\/narty\/wp-json\/wp\/v2\/posts\/2289"}],"collection":[{"href":"https:\/\/blog.polityka.pl\/narty\/wp-json\/wp\/v2\/posts"}],"about":[{"href":"https:\/\/blog.polityka.pl\/narty\/wp-json\/wp\/v2\/types\/post"}],"author":[{"embeddable":true,"href":"https:\/\/blog.polityka.pl\/narty\/wp-json\/wp\/v2\/users\/1"}],"replies":[{"embeddable":true,"href":"https:\/\/blog.polityka.pl\/narty\/wp-json\/wp\/v2\/comments?post=2289"}],"version-history":[{"count":6,"href":"https:\/\/blog.polityka.pl\/narty\/wp-json\/wp\/v2\/posts\/2289\/revisions"}],"predecessor-version":[{"id":2296,"href":"https:\/\/blog.polityka.pl\/narty\/wp-json\/wp\/v2\/posts\/2289\/revisions\/2296"}],"wp:attachment":[{"href":"https:\/\/blog.polityka.pl\/narty\/wp-json\/wp\/v2\/media?parent=2289"}],"wp:term":[{"taxonomy":"category","embeddable":true,"href":"https:\/\/blog.polityka.pl\/narty\/wp-json\/wp\/v2\/categories?post=2289"},{"taxonomy":"post_tag","embeddable":true,"href":"https:\/\/blog.polityka.pl\/narty\/wp-json\/wp\/v2\/tags?post=2289"}],"curies":[{"name":"wp","href":"https:\/\/api.w.org\/{rel}","templated":true}]}}