
{"id":229,"date":"2010-02-07T08:46:30","date_gmt":"2010-02-07T07:46:30","guid":{"rendered":"http:\/\/narty.blog.polityka.pl\/?p=229"},"modified":"2010-02-07T16:34:20","modified_gmt":"2010-02-07T15:34:20","slug":"zimowe-rozrywki-twardych-ludzi-2","status":"publish","type":"post","link":"https:\/\/blog.polityka.pl\/narty\/2010\/02\/07\/zimowe-rozrywki-twardych-ludzi-2\/","title":{"rendered":"Zimowe rozrywki twardych ludzi"},"content":{"rendered":"<p><a href=\"\/wp-content\/uploads\/\/2010\/02\/timex-darek.jpg\"><\/a>Najlepsi na pokonanie ok. 180 km prze\u0142ajowej trasy potrzebowali 27 godzin. A bieg\u0142a ona zwykle w g\u0142\u0119bokim \u015bniegu, oni za\u015b tylko na niekt\u00f3rych odcinkach mogli u\u017cywa\u0107 nart. Zako\u0144czony w Olsztynku w nocy z soboty na niedziel\u0119 \u201eTimex: Zimowy Rajd 360 Stopni\u201d to bowiem tzw. adventure racing, czyli wy\u015bcig przygodowy \u2013 nowa, lecz zyskuj\u0105ca w Polsce coraz wi\u0119ksz\u0105 popularno\u015b\u0107, dyscyplina sportu.<\/p>\n<p>Gigantyczny dystant podzielony by\u0142 na etapy \u2013 i na ka\u017cdym z nich zawodnicy musieli porusza\u0107 si\u0119 w inny spos\u00f3b, bez przerw na sen i d\u0142u\u017cszy odpoczynek. Jechali wi\u0119c na rowerach (najcz\u0119\u015bciej w\u0142a\u015bnie w kopnym \u015bniegu) i na nartach biegowych. Mieli te\u017c \u015bciga\u0107 si\u0119 na \u0142y\u017cwach (po jeziorze), lecz obfite opady spowodowa\u0142y, \u017ce z tej konkurencji trzeba by\u0142o zrezygnowa\u0107. Niekt\u00f3re odcinki pokonywali r\u00f3wnie\u017c na piechot\u0119 (taki trekking liczy\u0142 36 km). By\u0142 r\u00f3wnie\u017c bieg na orientacj\u0119. A jako dodatkowe utrudnienie: zadania linowo-wspinaczkowe oraz \u0142amig\u0142\u00f3wki logiczne.<\/p>\n<p>Ruszyli w pi\u0105tek o dziesi\u0105tej wieczorem z rynku w Olsztynku (starterem by\u0142 sam burmistrz miasteczka, p. Miros\u0142aw Stegienko). Jako \u017ce tej zimy dopisa\u0142 tam nie tylko \u015bnieg, ale i mr\u00f3z, termometry pokazywa\u0142y wtedy \u2013 9 stopni Celsjusza. Tyle tylko, \u017ce wia\u0142 silny wiatr, wi\u0119c faktycznie istotna temperatura odczuwalna wynosi\u0142a ok. \u2013 22 stopnie.<\/p>\n<p>Do zawod\u00f3w stan\u0119\u0142y 23 zespo\u0142y\u00a0 (konkurencja z za\u0142o\u017cenia ma charakter dru\u017cynowy). 6 z nich zdecydowa\u0142o si\u0119 na dystans klasyczny, a 17 \u2013 na tras\u0119, kt\u00f3r\u0105 organizatorzy okre\u015blili mianem \u201edla pocz\u0105tkuj\u0105cych\u201d. Schemat konkurencji by\u0142 na niej identyczny jak na tej g\u0142\u00f3wnej, tyle \u017ce dystans do przebycia mia\u0142 by\u0107 mniejszy, bo liczy\u0142\u2026 120 km.<\/p>\n<p>To ju\u017c kolejna impreza zorganizowana przez grup\u0119 polskich mi\u0142o\u015bnik\u00f3w adventure racing, zrzeszonych w Stowarzyszeniu 360 Stopni. W poprzednich edycjach zabawy udzia\u0142 wzi\u0119\u0142o m.in. wielu znanych sportowc\u00f3w: snowboardzista Mateusz Ligocki, \u017ceglarz Rafa\u0142 Szukiel czy windsurfingowiec Przemys\u0142aw Miarczy\u0144ski. Ale oczywi\u015bcie wi\u0119kszo\u015b\u0107 uczestnik\u00f3w to amatorzy-zapale\u0144cy.<\/p>\n<p>Tej zimy tras\u0119 120 km najszybciej \u2013 w 16 godzin i 18 minut \u2013 pokona\u0142 zesp\u00f3\u0142 pod wdzi\u0119czn\u0105 nazw\u0105 Bolek i Lolek, czyli Piotr Paszy\u0144ski i Maciej Marsjanek. Na 180 km najlepsza by\u0142a ekipa Entre.pl w sk\u0142adzie: Joanna Garlewicz (tak, tak, bo i dziewczyny startowa\u0142y) Szymon \u0141awecki, Pawe\u0142 Janiak, Marcin Zdzieb\u0142o. Ale gratulacje nale\u017c\u0105 si\u0119 naturalnie wszystkim uczestnikom Zimowego Rajdu 360 Stopni\u2019 2010.<\/p>\n<p><a href=\"\/wp-content\/uploads\/\/2010\/02\/timex-darek.jpg\"><img loading=\"lazy\" decoding=\"async\" class=\"alignnone size-medium wp-image-230\" title=\"timex-darek\" src=\"\/wp-content\/uploads\/\/2010\/02\/timex-darek-300x168.jpg\" alt=\"\" width=\"300\" height=\"168\" srcset=\"\/narty\/wp-content\/uploads\/2010\/02\/timex-darek-300x168.jpg 300w, \/narty\/wp-content\/uploads\/2010\/02\/timex-darek.jpg 500w\" sizes=\"(max-width: 300px) 100vw, 300px\" \/><\/a>\u00a0<em>Na mecie (fot. Dariusz Urbanowicz)<\/em><\/p>\n<p>Szczeg\u00f3\u0142ow\u0105 relacj\u0119 (i zdj\u0119cia) ze zmaga\u0144 mo\u017cna znale\u017a\u0107 na stronie <a href=\"http:\/\/www.team360.pl\/\" target=\"_blank\">Team 360 Stopni<\/a>.<\/p>\n<p>Ju\u017c teraz planowane s\u0105 nast\u0119pne wy\u015bcigi z przygodami \u2013 tyle \u017ce ju\u017c w letniej scenerii: zawody miejskie w Gliwicach (8-9 maja) oraz d\u0142ugi rajd g\u00f3rski w okolicach Jeleniej G\u00f3ry (3-6 czerwca). Nad kondycj\u0105 trzeba chyba zacz\u0105\u0107 pracowa\u0107 ju\u017c teraz \u2013 zw\u0142aszcza, \u017ce zima jest do tego okresem idealnym.<\/p>\n","protected":false},"excerpt":{"rendered":"<p>Najlepsi na pokonanie ok. 180 km prze\u0142ajowej trasy potrzebowali 27 godzin. A bieg\u0142a ona zwykle w g\u0142\u0119bokim \u015bniegu, oni za\u015b tylko na niekt\u00f3rych odcinkach mogli u\u017cywa\u0107 nart. Zako\u0144czony w Olsztynku w nocy z soboty na niedziel\u0119 \u201eTimex: Zimowy Rajd 360 Stopni\u201d to bowiem tzw. adventure racing, czyli wy\u015bcig przygodowy \u2013 nowa, lecz zyskuj\u0105ca w Polsce [&hellip;]<\/p>\n","protected":false},"author":1,"featured_media":0,"comment_status":"open","ping_status":"open","sticky":false,"template":"","format":"standard","meta":{"footnotes":""},"categories":[1],"tags":[],"_links":{"self":[{"href":"https:\/\/blog.polityka.pl\/narty\/wp-json\/wp\/v2\/posts\/229"}],"collection":[{"href":"https:\/\/blog.polityka.pl\/narty\/wp-json\/wp\/v2\/posts"}],"about":[{"href":"https:\/\/blog.polityka.pl\/narty\/wp-json\/wp\/v2\/types\/post"}],"author":[{"embeddable":true,"href":"https:\/\/blog.polityka.pl\/narty\/wp-json\/wp\/v2\/users\/1"}],"replies":[{"embeddable":true,"href":"https:\/\/blog.polityka.pl\/narty\/wp-json\/wp\/v2\/comments?post=229"}],"version-history":[{"count":0,"href":"https:\/\/blog.polityka.pl\/narty\/wp-json\/wp\/v2\/posts\/229\/revisions"}],"wp:attachment":[{"href":"https:\/\/blog.polityka.pl\/narty\/wp-json\/wp\/v2\/media?parent=229"}],"wp:term":[{"taxonomy":"category","embeddable":true,"href":"https:\/\/blog.polityka.pl\/narty\/wp-json\/wp\/v2\/categories?post=229"},{"taxonomy":"post_tag","embeddable":true,"href":"https:\/\/blog.polityka.pl\/narty\/wp-json\/wp\/v2\/tags?post=229"}],"curies":[{"name":"wp","href":"https:\/\/api.w.org\/{rel}","templated":true}]}}