
{"id":2297,"date":"2013-12-08T14:37:33","date_gmt":"2013-12-08T13:37:33","guid":{"rendered":"http:\/\/narty.blog.polityka.pl\/?p=2297"},"modified":"2013-12-09T09:27:32","modified_gmt":"2013-12-09T08:27:32","slug":"sniegu-pelno-w%e2%80%a6-katalonii","status":"publish","type":"post","link":"https:\/\/blog.polityka.pl\/narty\/2013\/12\/08\/sniegu-pelno-w%e2%80%a6-katalonii\/","title":{"rendered":"\u015aniegu pe\u0142no w\u2026 Katalonii"},"content":{"rendered":"<p>W miniony weekend w wierchomla\u0144skich Dw\u00f3ch Dolinach oficjalnie (z udzia\u0142em nowego ministra sportu!) rozpocz\u0119to krajowy sezon zimowy 2013 \/14. Okazuje si\u0119 wszelako, \u017ce w po\u0142o\u017conej, by\u0142o nie by\u0142o, du\u017co bardziej na po\u0142udniu Katalonii, inauguracj\u0119 tak\u0105 uda\u0142o si\u0119 zrobi\u0107 ju\u017c tydzie\u0144 temu.<\/p>\n<p><a href=\"\/wp-content\/uploads\/\/2013\/12\/dsc_0782-qpr.jpg\"><img loading=\"lazy\" decoding=\"async\" class=\"alignnone size-medium wp-image-2303\" title=\"dsc_0782-qpr\" src=\"\/wp-content\/uploads\/\/2013\/12\/dsc_0782-qpr-300x168.jpg\" alt=\"\" width=\"300\" height=\"168\" srcset=\"\/narty\/wp-content\/uploads\/2013\/12\/dsc_0782-qpr-300x168.jpg 300w, \/narty\/wp-content\/uploads\/2013\/12\/dsc_0782-qpr.jpg 1024w\" sizes=\"(max-width: 300px) 100vw, 300px\" \/><\/a><\/p>\n<p><!--more-->Jak pisze mi (i dokumentuje zdj\u0119ciami) z Hiszpanii Micha\u0142 Lipski, cz\u0142owiek odpowiedzialny w Katalonii za organizowanie tam nart dla polskich touroperator\u00f3w, formalny pocz\u0105tek\u00a0 sezonu w Pirenejach planowano na 30 listopada. Zasadnie, bo \u015bniegu w okolicy nie posk\u0105pi\u0142o. \u201eNajstarsze Catalany nie pami\u0119taj\u0105 takiej \u015bnie\u017cycy, jaka przesz\u0142a przez nadmorskie Lloret\u201d \u2013 relacjonuje Micha\u0142. A \u017ce obj\u0119\u0142a ona tak\u017ce tamtejsze g\u00f3ry, wi\u0119c na stokach pojawi\u0142o si\u0119 ponad\u2026 p\u00f3\u0142tora metra \u015bniegu.<\/p>\n<p>Chocia\u017cby zatem w kompleksie La Molina\/Masella mo\u017cna by\u0142o otworzy\u0107\u2026 wszystkie trasy (a poza nimi poje\u017adzi\u0107 w puchu!).<\/p>\n<p>Rejon ten odleg\u0142a dzieli od Barcelony (czyli najbli\u017cszego lotniska z po\u0142\u0105czeniami z Polski) 150 km, \u015bwietnych sk\u0105din\u0105d, dr\u00f3g.<\/p>\n<p><a href=\"http:\/\/narty.blog.polityka.pl\/wp-content\/uploads\/\/2013\/12\/Masela-3.jpg\"><img loading=\"lazy\" decoding=\"async\" title=\"Masela 3\" src=\"http:\/\/narty.blog.polityka.pl\/wp-content\/uploads\/\/2013\/12\/Masela-3-300x168.jpg\" alt=\"\" width=\"300\" height=\"168\" \/><\/a><\/p>\n<p>A proponuje on ponad 135 km tras na wysoko\u015bci pomi\u0119dzy 1700 a 2535 m n.p.m. Przebiegaj\u0105 cz\u0119\u015bciowo po odkrytych, a cz\u0119\u015bciowo po zalesionych zboczach i cho\u0107 nie s\u0105 zbyt strome, to urozmaicone terenowo \u2013 a wi\u0119c ciekawe. Zaskakuj\u0105 te\u017c widoki \u2013 inne od tych spotykanych na tych wysoko\u015bciach w Alpach.<\/p>\n<p><a href=\"\/wp-content\/uploads\/\/2013\/12\/dsc_0773-qpr1.jpg\"><img loading=\"lazy\" decoding=\"async\" class=\"alignnone size-medium wp-image-2304\" title=\"dsc_0773-qpr\" src=\"\/wp-content\/uploads\/\/2013\/12\/dsc_0773-qpr1-300x168.jpg\" alt=\"\" width=\"300\" height=\"168\" srcset=\"\/narty\/wp-content\/uploads\/2013\/12\/dsc_0773-qpr1-300x168.jpg 300w, \/narty\/wp-content\/uploads\/2013\/12\/dsc_0773-qpr1.jpg 1024w\" sizes=\"(max-width: 300px) 100vw, 300px\" \/><\/a><\/p>\n<p>Inna jest te\u017c infrastruktura: stacje nie s\u0105 tradycyjnymi wioskami, lecz raczej o\u015brodkami treningowo-turystycznymi, co jednak jako\u015b nie razi, bo panuje w nich sportowo-m\u0142odzie\u017cowa atmosfera.<\/p>\n<p><a href=\"http:\/\/narty.blog.polityka.pl\/wp-content\/uploads\/\/2013\/12\/dsc_8710-qpr.jpg\"><img loading=\"lazy\" decoding=\"async\" title=\"dsc_8710-qpr\" src=\"http:\/\/narty.blog.polityka.pl\/wp-content\/uploads\/\/2013\/12\/dsc_8710-qpr-300x168.jpg\" alt=\"\" width=\"300\" height=\"168\" \/><\/a><\/p>\n<p>Sk\u0105din\u0105d co rusz rozgrywane s\u0105 tam zawody: tak\u017ce rangi alpejskich oraz snowboardowych Puchar\u00f3w \u015awiata. W 2011 r. w La Molina odby\u0142y si\u0119 nawet mistrzostwa \u015bwiata FIS w snowboardzie. Pewnie dzi\u0119ki tym do\u015bwiadczeniom snowparki o\u015brodka s\u0105 doceniane w \u015brodowisku nie tylko hiszpa\u0144skich deskarzy.<\/p>\n<p>Co wa\u017cne: najtaniej jest kupowa\u0107 pobyty za po\u015brednictwem agencji podr\u00f3\u017cy \u2013 mo\u017cna wtedy liczy\u0107 na rozmaite zni\u017cki, niedost\u0119pne w inny spos\u00f3b. Przyk\u0142adowo: sze\u015bciodniowy karnet na obszar La Molina normalnie kosztuje 205 euro. Ale je\u015bli korzysta si\u0119 z us\u0142ug niekt\u00f3rych touroperator\u00f3w, to za t\u0119 sam\u0105 cen\u0119 mo\u017cna poje\u017adzi\u0107 tak\u017ce na stokach Masella \u2013 czyli w ca\u0142ym rejonie zwanym Alp 2500, a nadto przez jeden dzie\u0144 w s\u0105siednich o\u015brodkach Vall de Nuria i Valter 2000 (to jedyna stacja w Pirenejach, z kt\u00f3rej przy dobrej pogodzie mo\u017cna dostrzec Morze \u015ar\u00f3dziemne!). W sumie daje to 150 km tras.<\/p>\n<p><a href=\"\/wp-content\/uploads\/\/2013\/12\/dsc_8817-qpr.jpg\"><img loading=\"lazy\" decoding=\"async\" class=\"alignnone size-medium wp-image-2308\" title=\"dsc_8817-qpr\" src=\"\/wp-content\/uploads\/\/2013\/12\/dsc_8817-qpr-300x168.jpg\" alt=\"\" width=\"300\" height=\"168\" srcset=\"\/narty\/wp-content\/uploads\/2013\/12\/dsc_8817-qpr-300x168.jpg 300w, \/narty\/wp-content\/uploads\/2013\/12\/dsc_8817-qpr.jpg 1024w\" sizes=\"(max-width: 300px) 100vw, 300px\" \/><\/a><\/p>\n<p>Co do nowo\u015bci tego sezonu: w La Molina w pi\u0105tki, soboty i w \u015bwi\u0119ta mo\u017cna korzysta\u0107 a\u017c z\u2026 trzynastu o\u015bwietlonych tras (s\u0105 w\u015br\u00f3d nich 4 czerwone, 5 niebieskich, 3 zielone oraz snowpark).<\/p>\n<p>Osobn\u0105 jako\u015bci\u0105 jest wreszcie kuchnia \u2013 zw\u0142aszcza serwowana w mniejszych restauracjach w okolicznych osadach.<\/p>\n<p>A ju\u017c zupe\u0142nie unikalnym miejscem jawi si\u0119 wspomniana \u2013 a nieodleg\u0142a \u2013 Vall De Nuria. Miejsce to trudno nazwa\u0107 stacj\u0105 narciarsk\u0105 \u2013 cho\u0107 i na nartach mo\u017cna tam ciekawie poje\u017adzi\u0107. Do\u015b\u0107 wspomnie\u0107, \u017ce na narty wychodzi si\u0119 tam rano niemal\u017ce z&#8230; ko\u015bcio\u0142a. Ale to temat na osobn\u0105 opowie\u015b\u0107.<\/p>\n","protected":false},"excerpt":{"rendered":"<p>W miniony weekend w wierchomla\u0144skich Dw\u00f3ch Dolinach oficjalnie (z udzia\u0142em nowego ministra sportu!) rozpocz\u0119to krajowy sezon zimowy 2013 \/14. Okazuje si\u0119 wszelako, \u017ce w po\u0142o\u017conej, by\u0142o nie by\u0142o, du\u017co bardziej na po\u0142udniu Katalonii, inauguracj\u0119 tak\u0105 uda\u0142o si\u0119 zrobi\u0107 ju\u017c tydzie\u0144 temu.<\/p>\n","protected":false},"author":1,"featured_media":0,"comment_status":"open","ping_status":"closed","sticky":false,"template":"","format":"standard","meta":{"footnotes":""},"categories":[1],"tags":[],"_links":{"self":[{"href":"https:\/\/blog.polityka.pl\/narty\/wp-json\/wp\/v2\/posts\/2297"}],"collection":[{"href":"https:\/\/blog.polityka.pl\/narty\/wp-json\/wp\/v2\/posts"}],"about":[{"href":"https:\/\/blog.polityka.pl\/narty\/wp-json\/wp\/v2\/types\/post"}],"author":[{"embeddable":true,"href":"https:\/\/blog.polityka.pl\/narty\/wp-json\/wp\/v2\/users\/1"}],"replies":[{"embeddable":true,"href":"https:\/\/blog.polityka.pl\/narty\/wp-json\/wp\/v2\/comments?post=2297"}],"version-history":[{"count":6,"href":"https:\/\/blog.polityka.pl\/narty\/wp-json\/wp\/v2\/posts\/2297\/revisions"}],"predecessor-version":[{"id":2310,"href":"https:\/\/blog.polityka.pl\/narty\/wp-json\/wp\/v2\/posts\/2297\/revisions\/2310"}],"wp:attachment":[{"href":"https:\/\/blog.polityka.pl\/narty\/wp-json\/wp\/v2\/media?parent=2297"}],"wp:term":[{"taxonomy":"category","embeddable":true,"href":"https:\/\/blog.polityka.pl\/narty\/wp-json\/wp\/v2\/categories?post=2297"},{"taxonomy":"post_tag","embeddable":true,"href":"https:\/\/blog.polityka.pl\/narty\/wp-json\/wp\/v2\/tags?post=2297"}],"curies":[{"name":"wp","href":"https:\/\/api.w.org\/{rel}","templated":true}]}}