
{"id":231,"date":"2010-02-09T00:18:53","date_gmt":"2010-02-08T23:18:53","guid":{"rendered":"http:\/\/narty.blog.polityka.pl\/?p=231"},"modified":"2010-02-09T00:18:53","modified_gmt":"2010-02-08T23:18:53","slug":"alpbach-czyli-mala-wioska-z-nagrodami","status":"publish","type":"post","link":"https:\/\/blog.polityka.pl\/narty\/2010\/02\/09\/alpbach-czyli-mala-wioska-z-nagrodami\/","title":{"rendered":"Alpbach, czyli ma\u0142a wioska z nagrodami"},"content":{"rendered":"<p><a href=\"\/wp-content\/uploads\/\/2010\/02\/alpbach-03.jpg\"><\/a>\u201eNajlepszy kameralny o\u015brodek narciarski w Europie\u201d wedle brytyjskiego magazynu \u201eThe Good Skiing\u201d (i nawi\u0105zuj\u0105cy do presti\u017cu Hollywood tytu\u0142 \u201eBia\u0142ego Oskara\u201d);\u00a0 pierwsza lokata w kategorii \u201eMa\u0142e, ale doskona\u0142e\u201d \u201eAtlasu narciarskiego ADAC\u201d na rok 2009; miejsce w czo\u0142\u00f3wce rankingu \u201eUrokliwe miejscowo\u015bci narciarskie\u201d szwedzkiego magazynu \u201eAka Skidor\u201d i wreszcie laur \u201eNajpi\u0119kniejszej wioski Austrii\u201d nadany przez samych rodak\u00f3w \u2013 to tytu\u0142y, kt\u00f3rymi w ostatnich latach zosta\u0142a obsypana niewielka wioska Alpbach w austriackim Tyrolu. Nie wszystkie zreszt\u0105 \u2013 Alpbach w letnim wydaniu uznano chocia\u017cby za najpi\u0119kniej ukwiecon\u0105 miejscowo\u015b\u0107 tamtejszych Alp.<\/p>\n<p><a href=\"\/wp-content\/uploads\/\/2010\/02\/alpbach-03.jpg\"><img loading=\"lazy\" decoding=\"async\" class=\"alignnone size-medium wp-image-232\" title=\"alpbach-03\" src=\"\/wp-content\/uploads\/\/2010\/02\/alpbach-03-300x240.jpg\" alt=\"\" width=\"300\" height=\"240\" srcset=\"\/narty\/wp-content\/uploads\/2010\/02\/alpbach-03-300x240.jpg 300w, \/narty\/wp-content\/uploads\/2010\/02\/alpbach-03.jpg 600w\" sizes=\"(max-width: 300px) 100vw, 300px\" \/><\/a>\u00a0<em>Alpbach<\/em><\/p>\n<p>W Polsce tymczasem jest niemal nieznana, pomimo \u017ce dojecha\u0107 do niej mo\u017cna \u0142atwo, bezpiecznie i szybko \u2013 le\u017cy ledwie 140 km za Monachium, a 60 km przed Innsbruckiem (cho\u0107 z drugiej strony podczas czterech dni, jakie mia\u0142em okazj\u0119 sp\u0119dzi\u0107 tam w minionym\u00a0 tygodniu, z 2-3 razy us\u0142ysza\u0142em ojczyst\u0105 mow\u0119).<\/p>\n<p>A i nastr\u00f3j panuj\u0105cy w Alpbach powinien niekt\u00f3rym przynajmniej Polakom odpowiada\u0107. \u017bycie toczy si\u0119 tu jakby wolniej, by nie rzec: sennie. Gospodarze s\u0105 wobec go\u015bci autentycznie \u017cyczliwi, a nie zdawkowo uprzejmi.<\/p>\n<p>Nie ma mowy o jakichkolwiek blokowiskach \u2013 nawet najwi\u0119ksze i najnowsze hotele s\u0105 doskonale wpasowane w krajobraz i idealnie komponuj\u0105 si\u0119 z pozosta\u0142ymi budynkami wioski (jak zdradzi\u0142 mi Michael Mairhofer z Alpbachtal Seenland Tourismus, miejscowi ustalili, \u017ce domy w wiosce mog\u0105 mie\u0107 najwy\u017cej trzy pi\u0119tra, musz\u0105 by\u0107 wyko\u0144czone drewnem i mie\u0107\u2026 balkony).<\/p>\n<p>I dobrze: bo te najstarsze zabudowania miewaj\u0105 tam ponad 400 lat (pierwsze zapisy o wiosce pochodz\u0105 z 1150 r.)! Niekt\u00f3re gasthofy nad drzwiami dumnie eksponuj\u0105 daty powstania budynku: a to 1608, a to 1634. Romantikhotel proponuje nawet pok\u00f3j, w kt\u00f3rym zachowano wystr\u00f3j pochodz\u0105cy pono\u0107 z okolic XV czy XVI w. (\u201eJest do\u015b\u0107 ciemny, lecz pi\u0119kny\u201d \u2013 zachwala Michael Mairhofer).<\/p>\n<p>Ba, w Alpbach rzadko\u015bci\u0105 s\u0105 nawet dyskoteki \u2013 wieczory sp\u0119dza si\u0119 raczej na kolacjach w gasthofach b\u0105d\u017a przy piwie i sznapsach w lokalnych barach, gdzie ucztuj\u0105 i miejscowi, i go\u015bcie (oraz instruktorzy trzech tamtejszych szk\u00f3\u0142ek narciarsko-snowboardowych).<\/p>\n<p>Nieco staromodna jest nawet infrastruktura na stokach g\u0142\u00f3wnego tamtejszego obszaru zjazdowego na p\u00f3\u0142nocnych zboczach Wiedersberger Horn (2128 m n.p.m.). Ok. 50 km tras (po\u0142o\u017conych mi\u0119dzy 600 a 2025 m n.p.m) obs\u0142uguje 21 wyci\u0105g\u00f3w (3 gondole, 5 krzese\u0142ek plus orczyki i talerzyki). Urz\u0105dzenia pochodz\u0105 g\u0142\u00f3wnie z lat 80. \u2013 nie ma wi\u0119c w Alpbach podgrzewanych siedze\u0144 wyci\u0105g\u00f3w krzese\u0142kowych czy ruchomych schod\u00f3w na perony gondolek, stanowi\u0105cych ju\u017c standard w topowych stacjach.<\/p>\n<p>Lecz przecie\u017c wielu narciarzy (a i niekt\u00f3rych snowboardzist\u00f3w) uwa\u017ca takie udogodnienia za fanaberie czy przejaw wygodnictwa niegodnego ludzi g\u00f3r. Wol\u0105 chocia\u017cby, je\u015bli zamiast wszechobecnych s\u0142up\u00f3w wyci\u0105g\u00f3w, gdzie\u015b na stoku stoi stara bac\u00f3wka czy chata (a w Inneralpbach, jednej z wiosek doliny w niekt\u00f3rych z nich mo\u017cna nawet zanocowa\u0107 \u2013 w do\u015b\u0107 sparta\u0144skich warunkach, lecz to tylko dodaje smaku przygodzie). Nie m\u00f3wi\u0105c ju\u017c o mo\u017cliwo\u015bci poje\u017cd\u017cenia poza wytyczonymi trasami \u2013 a i to zapewnia Alpbachtal, bo teren\u00f3w do \u0142atwego i stosunkowo bezpiecznego freeride\u2019u jest tam sporo.<\/p>\n<p>Pr\u00f3bk\u0119 takiej w\u0142a\u015bnie atmosfery mo\u017cna zobaczy\u0107 m.in. na filmie i zdj\u0119ciach autorstwa uczestnik\u00f3w wyprawy <a href=\"http:\/\/snowtour.austria.info\/tag\/alpbachtal\/\" target=\"_blank\">SnowTour Austria 2010<\/a>, kt\u00f3rzy byli w Alpbach dos\u0142ownie dzie\u0144 przed moim przyjazdem.<\/p>\n<p>A jeszcze trzeba do tego doda\u0107 szczeg\u00f3lne warunki i atrakcje, jakie Alpbach oferuje ucz\u0105cym si\u0119 narciarstwa i snowboardu dzieciom. Wkr\u00f3tce napisz\u0119 o tym wi\u0119cej.<\/p>\n","protected":false},"excerpt":{"rendered":"<p>\u201eNajlepszy kameralny o\u015brodek narciarski w Europie\u201d wedle brytyjskiego magazynu \u201eThe Good Skiing\u201d (i nawi\u0105zuj\u0105cy do presti\u017cu Hollywood tytu\u0142 \u201eBia\u0142ego Oskara\u201d);\u00a0 pierwsza lokata w kategorii \u201eMa\u0142e, ale doskona\u0142e\u201d \u201eAtlasu narciarskiego ADAC\u201d na rok 2009; miejsce w czo\u0142\u00f3wce rankingu \u201eUrokliwe miejscowo\u015bci narciarskie\u201d szwedzkiego magazynu \u201eAka Skidor\u201d i wreszcie laur \u201eNajpi\u0119kniejszej wioski Austrii\u201d nadany przez samych rodak\u00f3w \u2013 [&hellip;]<\/p>\n","protected":false},"author":1,"featured_media":0,"comment_status":"open","ping_status":"open","sticky":false,"template":"","format":"standard","meta":{"footnotes":""},"categories":[1],"tags":[],"_links":{"self":[{"href":"https:\/\/blog.polityka.pl\/narty\/wp-json\/wp\/v2\/posts\/231"}],"collection":[{"href":"https:\/\/blog.polityka.pl\/narty\/wp-json\/wp\/v2\/posts"}],"about":[{"href":"https:\/\/blog.polityka.pl\/narty\/wp-json\/wp\/v2\/types\/post"}],"author":[{"embeddable":true,"href":"https:\/\/blog.polityka.pl\/narty\/wp-json\/wp\/v2\/users\/1"}],"replies":[{"embeddable":true,"href":"https:\/\/blog.polityka.pl\/narty\/wp-json\/wp\/v2\/comments?post=231"}],"version-history":[{"count":0,"href":"https:\/\/blog.polityka.pl\/narty\/wp-json\/wp\/v2\/posts\/231\/revisions"}],"wp:attachment":[{"href":"https:\/\/blog.polityka.pl\/narty\/wp-json\/wp\/v2\/media?parent=231"}],"wp:term":[{"taxonomy":"category","embeddable":true,"href":"https:\/\/blog.polityka.pl\/narty\/wp-json\/wp\/v2\/categories?post=231"},{"taxonomy":"post_tag","embeddable":true,"href":"https:\/\/blog.polityka.pl\/narty\/wp-json\/wp\/v2\/tags?post=231"}],"curies":[{"name":"wp","href":"https:\/\/api.w.org\/{rel}","templated":true}]}}