
{"id":2311,"date":"2013-12-11T04:52:13","date_gmt":"2013-12-11T03:52:13","guid":{"rendered":"http:\/\/narty.blog.polityka.pl\/?p=2311"},"modified":"2013-12-20T09:43:04","modified_gmt":"2013-12-20T08:43:04","slug":"platformy-z-widokiem-na-gory","status":"publish","type":"post","link":"https:\/\/blog.polityka.pl\/narty\/2013\/12\/11\/platformy-z-widokiem-na-gory\/","title":{"rendered":"Platformy z widokiem na g\u00f3ry"},"content":{"rendered":"<p><a href=\"http:\/\/www.snowtrex.pl\" target=\"_blank\">SnowTrex<\/a>, najwi\u0119kszy niemiecki touroperator specjalizuj\u0105cy si\u0119 w wypoczynku zimowym (w sezonie 2012\/13 ponad 106 tysi\u0119cy klient\u00f3w i obroty przekraczaj\u0105ce 36 mln euro), sporz\u0105dzi\u0142 list\u0119 dziesi\u0119ciu platform widokowych w Alpach, kt\u00f3re \u2013 z racji ich wysoko\u015bci \u2013 oceni\u0142 jako \u201etylko dla odwa\u017cnych!\u201d. A\u017c osiem z nich znajduje si\u0119 w Austrii (z czego sze\u015b\u0107 w Tyrolu) .<\/p>\n<p><a href=\"\/wp-content\/uploads\/\/2013\/12\/at271102-3-020-m.jpg\"><img loading=\"lazy\" decoding=\"async\" class=\"alignnone size-medium wp-image-2318\" title=\"at271102 3 020 m\" src=\"\/wp-content\/uploads\/\/2013\/12\/at271102-3-020-m-300x200.jpg\" alt=\"\" width=\"300\" height=\"200\" srcset=\"\/narty\/wp-content\/uploads\/2013\/12\/at271102-3-020-m-300x200.jpg 300w, \/narty\/wp-content\/uploads\/2013\/12\/at271102-3-020-m.jpg 972w\" sizes=\"(max-width: 300px) 100vw, 300px\" \/><\/a> <em>Caffe 3440 przy platformie widokowej na Pitztaler Gletscher<\/em><\/p>\n<p><!--more-->Jednak najwy\u017cej po\u0142o\u017con\u0105 na kontynencie (3883 m n.p.m.) platform\u0105 jest ta na Klein Matterhorn. Mo\u017cna na ni\u0105 dotrze\u0107 kolejk\u0105 linow\u0105 z Zermatt (najwy\u017csz\u0105 tego typu w Europie), a potem podziwia\u0107 profil najpi\u0119kniejszej g\u00f3ry \u015bwiata, czyli Matterhornu, lodowiec rozci\u0105gaj\u0105cy si\u0119 mi\u0119dzy obu szczytami i rz\u0105d okolicznych cztero- i trzytysi\u0119cznik\u00f3w.<\/p>\n<p><a href=\"\/wp-content\/uploads\/\/2013\/12\/68ddce80-3952-4749-990a-3748dbe39d29_260x1.jpg\"><img loading=\"lazy\" decoding=\"async\" class=\"alignnone size-full wp-image-2317\" title=\"68ddce80-3952-4749-990a-3748dbe39d29_260x\" src=\"\/wp-content\/uploads\/\/2013\/12\/68ddce80-3952-4749-990a-3748dbe39d29_260x1.jpg\" alt=\"\" width=\"260\" height=\"195\" \/><\/a> <em>Profil Matterhorn od strony Zermatt<\/em><\/p>\n<p>Inny wielki szczyt \u2013 czyli Wildspitze (druga g\u00f3ra Austrii) mo\u017cna obejrze\u0107 z platformy wybudowanej na Hinterer Brunnenkogel nad lodowcem Pitztal (3440 m n.p.m). Jej taras robi wra\u017cenie tak\u017ce dlatego, \u017ce wystaje dobre 10 metr\u00f3w nad olbrzymie urwisko. Cz\u0119\u015bci\u0105 platformy jest dwupoziomowa kawiarnia Caf\u00e9 3440, oczywi\u015bcie przeszklona, a wi\u0119c te\u017c gwarantuj\u0105ca godne widoki.<\/p>\n<p><a href=\"http:\/\/narty.blog.polityka.pl\/wp-content\/uploads\/\/2013\/12\/at271102-3-075-m.jpg\"><img loading=\"lazy\" decoding=\"async\" class=\"alignnone size-medium wp-image-2314\" title=\"at271102 3 075 m\" src=\"http:\/\/narty.blog.polityka.pl\/wp-content\/uploads\/\/2013\/12\/at271102-3-075-m-300x200.jpg\" alt=\"\" width=\"300\" height=\"200\" srcset=\"\/narty\/wp-content\/uploads\/2013\/12\/at271102-3-075-m-300x200.jpg 300w, \/narty\/wp-content\/uploads\/2013\/12\/at271102-3-075-m.jpg 972w\" sizes=\"(max-width: 300px) 100vw, 300px\" \/><\/a> <em>Autor na platformie widokowej w Pitztal<\/em><\/p>\n<p>A\u017c trzema platformami, zwanymi BIG 3, chwali si\u0119 pobliskie (bo le\u017c\u0105ce tu\u017c za grani\u0105) S\u00f6lden. Ulokowano je na miejscowych trzytysi\u0119cznikach: Gaislachkogl (3058 m), Tiefenbachkogl (3250 m) i Schwarze Schneid (3340 m). Pierwsza ma kszta\u0142t lataj\u0105cego spodka (znajduje si\u0119 nieopodal g\u00f3rnej stacji kolejki Gaislachkoglbahn), druga ma ekscytowa\u0107 nie tylko panoram\u0105, ale i dwudziestometrowym pomostem nad przepa\u015bci\u0105, za\u015b w konstrukcji trzeciej<br \/>\nwykorzystano za\u015b po cz\u0119\u015bci naturalne ukszta\u0142towanie terenu na grani.<\/p>\n<p>Niedaleko S\u00f6lden, bo na ko\u0144cu tej samej doliny \u00d6tztal, le\u017cy przednia (bo zaciszna i doskona\u0142a zar\u00f3wno je\u015bli chodzi o \u015bnieg, jak krajobrazy) stacja Obergurgl-Hochgurgl. To tam, na wierzcho\u0142ku Wurmkogl (przy g\u00f3rnej stacji kolejki Wurmkoglbahn II na 3080 m n.p.m.) znajduje si\u0119 bar \u201eTop Mountain Star\u201d z panoramicznym tarasem wok\u00f3\u0142. Niekt\u00f3rzy, pr\u00f3cz widok\u00f3w, podziwiaj\u0105 tak\u017ce kryszta\u0142ki Swarowskiego, kt\u00f3rymi naszpikowana jest budowla.<\/p>\n<p><a href=\"\/wp-content\/uploads\/\/2013\/12\/images.jpg\"><img loading=\"lazy\" decoding=\"async\" class=\"alignnone size-full wp-image-2316\" title=\"images\" src=\"\/wp-content\/uploads\/\/2013\/12\/images.jpg\" alt=\"\" width=\"299\" height=\"169\" \/><\/a> <em>Ekipa wyprawy Austrostrada 2011 pod Top Mountain Star, Obergurgl\/Hochgurgl<\/em> <em>(fot. Tomasz Rakoczy)<\/em><\/p>\n<p>Kolejny tyrolski rejon lodowcowy, czyli Stubaier Gletscher, reklamuje si\u0119 platform\u0105 na Schaufelspitze zwan\u0105 \u201eTop of Tyrol\u201d \u2013 i to pomimo, \u017ce znajduje si\u0119 \u201etylko\u201d na 3210 m n.p.m., a rywalkom ust\u0119puje te\u017c nieco w kategorii \u201ewystawanie nad przepa\u015bci\u0105\u201d (bo tu mo\u017ce poszczyci\u0107 si\u0119 \u201eledwie\u201d dziewi\u0119cioma metrami). Rzecz w tym, \u017ce wybudowano j\u0105 wcze\u015bniej ni\u017c wy\u017csze i bardziej wystaj\u0105ce konkurentki \u2013 i wtedy miano to by\u0142o jak najbardziej zasadne.<\/p>\n<p>Wreszcie na ostatnim z narciarskich lodowc\u00f3w Tyrolu, czyli, Kaunertaler Gletscher, a precyzyjnie: na g\u00f3ruj\u0105cym nad nim Karlesspitze (3108 m n.p.m.) postawiono \u201eDreil\u00e4nderblick\u201d \u2013 taras z kt\u00f3rego wida\u0107 szczyty trzech alpejskich kraj\u00f3w: pr\u00f3cz Austrii tak\u017ce W\u0142och i Szwajcarii.<\/p>\n<p>W kraju salzburskim najwy\u017cszym punktem widokowym jest platforma \u201eTop of Salzburg\u201d w Kaprun (sk\u0105din\u0105d pierwszym udost\u0119pnionym narciarzom austriackim lodowcu). Usytuowana jest na\u2026 dachu g\u00f3rnej stacji kolejki na Kitzsteinhorn (3029 m n.p.m.).<\/p>\n<p>Na 2700 m n.p.m. znajduje si\u0119 platforma \u201eDachstein Sky Walk\u201d na Hunerkogl ko\u0142o Dachstein Gletscher.W jej przypadku dodatkowym wyzwaniem ma by\u0107 pokonanie stumetrowego mostu wisz\u0105cego miejscami 400 m nad gruntem.<\/p>\n<p>Wreszcie ostatni\u0105 z wyr\u00f3\u017cnionych przez niemieckiego touroperatora platform Austrii jest \u201eGlocknerblick\u201d nad g\u00f3rn\u0105 stacj\u0105 kolejki Stubnerkoglbahn w Ski Gastein.Le\u017cy wprawdzie do\u015b\u0107 nisko, bo na 2500 m n.p.m., ale za to z do po\u0142owy oszklonego tarasu mo\u017cna ogl\u0105da\u0107 majestatyczny masyw Gro\u00dfglocknera \u2013 najwy\u017cszego szczytu austriackich Alp.<\/p>\n<p>W swoim kraju <a href=\"http:\/\/www.snowtrex.pl\" target=\"_blank\">SnowTrex<\/a> doceni\u0142 \u201eAlpspiX\u201d, czyli dwie stalowe k\u0142adki o d\u0142ugo\u015bci 13 m, skrzy\u017cowane powy\u017cej g\u00f3rnej stacji kolejki Alpspitzbahn (2100 m n.p.m.) w rejonie Garmisch. Z tego specyficznego tarasu doskonale wida\u0107 Zugspitze \u2013 najwy\u017csz\u0105 g\u00f3r\u0119 Niemiec.<\/p>\n","protected":false},"excerpt":{"rendered":"<p>SnowTrex, najwi\u0119kszy niemiecki touroperator specjalizuj\u0105cy si\u0119 w wypoczynku zimowym (w sezonie 2012\/13 ponad 106 tysi\u0119cy klient\u00f3w i obroty przekraczaj\u0105ce 36 mln euro), sporz\u0105dzi\u0142 list\u0119 dziesi\u0119ciu platform widokowych w Alpach, kt\u00f3re \u2013 z racji ich wysoko\u015bci \u2013 oceni\u0142 jako \u201etylko dla odwa\u017cnych!\u201d. A\u017c osiem z nich znajduje si\u0119 w Austrii (z czego sze\u015b\u0107 w Tyrolu) . [&hellip;]<\/p>\n","protected":false},"author":1,"featured_media":0,"comment_status":"open","ping_status":"closed","sticky":false,"template":"","format":"standard","meta":{"footnotes":""},"categories":[1],"tags":[],"_links":{"self":[{"href":"https:\/\/blog.polityka.pl\/narty\/wp-json\/wp\/v2\/posts\/2311"}],"collection":[{"href":"https:\/\/blog.polityka.pl\/narty\/wp-json\/wp\/v2\/posts"}],"about":[{"href":"https:\/\/blog.polityka.pl\/narty\/wp-json\/wp\/v2\/types\/post"}],"author":[{"embeddable":true,"href":"https:\/\/blog.polityka.pl\/narty\/wp-json\/wp\/v2\/users\/1"}],"replies":[{"embeddable":true,"href":"https:\/\/blog.polityka.pl\/narty\/wp-json\/wp\/v2\/comments?post=2311"}],"version-history":[{"count":4,"href":"https:\/\/blog.polityka.pl\/narty\/wp-json\/wp\/v2\/posts\/2311\/revisions"}],"predecessor-version":[{"id":2339,"href":"https:\/\/blog.polityka.pl\/narty\/wp-json\/wp\/v2\/posts\/2311\/revisions\/2339"}],"wp:attachment":[{"href":"https:\/\/blog.polityka.pl\/narty\/wp-json\/wp\/v2\/media?parent=2311"}],"wp:term":[{"taxonomy":"category","embeddable":true,"href":"https:\/\/blog.polityka.pl\/narty\/wp-json\/wp\/v2\/categories?post=2311"},{"taxonomy":"post_tag","embeddable":true,"href":"https:\/\/blog.polityka.pl\/narty\/wp-json\/wp\/v2\/tags?post=2311"}],"curies":[{"name":"wp","href":"https:\/\/api.w.org\/{rel}","templated":true}]}}