
{"id":2325,"date":"2013-12-16T05:57:37","date_gmt":"2013-12-16T04:57:37","guid":{"rendered":"http:\/\/narty.blog.polityka.pl\/?p=2325"},"modified":"2013-12-15T20:26:27","modified_gmt":"2013-12-15T19:26:27","slug":"w-mayrhofen-nie-tylko-harakiri","status":"publish","type":"post","link":"https:\/\/blog.polityka.pl\/narty\/2013\/12\/16\/w-mayrhofen-nie-tylko-harakiri\/","title":{"rendered":"W Mayrhofen nie tylko Harakiri"},"content":{"rendered":"<p>Tyrolski kurort zimowy Mayrhofen w dolinie Zillertal s\u0142ynie powszechnie ze znakomitych tras zjazdowych, w tym tej najstromszej w ca\u0142ej Austrii, czyli Harakiri (nachylenie do 78 proc.!). Ale du\u017co bardziej ekstremalnym wyzwaniem jest start w tamtejszych zawodach znanych Rise &amp; Fall.<\/p>\n<p><a href=\"\/wp-content\/uploads\/\/2013\/12\/100034681.jpg\"><img loading=\"lazy\" decoding=\"async\" class=\"alignnone size-medium wp-image-2329\" title=\"10003468\" src=\"\/wp-content\/uploads\/\/2013\/12\/100034681-300x175.jpg\" alt=\"\" width=\"300\" height=\"175\" srcset=\"\/narty\/wp-content\/uploads\/2013\/12\/100034681-300x175.jpg 300w, \/narty\/wp-content\/uploads\/2013\/12\/100034681.jpg 600w\" sizes=\"(max-width: 300px) 100vw, 300px\" \/><\/a> <em>Start skitourowc\u00f3w &#8211; pierwszy etap Rise &amp; Fall (fot. Mayrhofen)<\/em><\/p>\n<p><!--more-->W miniony weekend Harakiri by\u0142a jeszcze zamkni\u0119ta z racji braku dostatecznej ilo\u015bci \u015bniegu, cho\u0107 oczywi\u015bcie bez problemu mo\u017cna by\u0142o je\u017adzi\u0107 na zdecydowanej wi\u0119kszo\u015bci spo\u015br\u00f3d\u2026487 km nartostrad doliny (niekt\u00f3re- te na lodowcu Hintertux s\u0105 zreszt\u0105 czynne przez okr\u0105g\u0142y rok). Otwarta by\u0142a cho\u0107by niemal r\u00f3wnie stroma \u2013 a d\u0142u\u017csza \u2013 czarna trasa vis a vis Harakiri, prowadz\u0105ca z Horbergkarspitz (2278 m n.p.m.), niemal\u017ce spo\u015br\u00f3d jednego z symboli Mayrhofen, czyli restauracji\/schroniska Schneekarhutte z charakterystycznym dachem w kszta\u0142cie\u2026 piramidy.<\/p>\n<p>M\u00f3j dziewi\u0119cioletni Kuba pokona\u0142 ten trudny zjazd \u2013 bynajmniej nie po presj\u0105 taty, lecz z w\u0142asnej woli \u2013 czterokrotnie i to w niez\u0142ym stylu, czego dowodem gesty uznania od kilku innych mierz\u0105cych si\u0119 z tym stokiem starszych narciarzy. Os\u0142odzi\u0142o mu to nieco rozczarowanie zwi\u0105zane z niemo\u017cno\u015bci\u0105 spr\u00f3bowania si\u0142 na Harakiri.<\/p>\n<p>Na dodatek w sobotnie popo\u0142udnie mia\u0142 okazj\u0119 obejrze\u0107 du\u017co bardziej wymagaj\u0105ce wyczyny. Oto kolejny ju\u017c raz na stokach po\u0142o\u017conej po przeciwleg\u0142ej stronie doliny g\u00f3ry Ahorn rozegrano Rise &amp; Fall, czyli zawody, kt\u00f3rych has\u0142o \u2013 a zarazem idea \u2013 brzmi: \u201eCzterech ludzi, jeden zesp\u00f3\u0142, jeden cel\u2026 i \u017cadnej lito\u015bci\u201d. Na starcie staj\u0105 bowiem czteroosobowe zespo\u0142y z\u0142o\u017cone ze spec\u00f3w od skitour\u00f3w, paraglidingu, kolarstwa g\u00f3rskiego oraz narciarstwa zjazdowego (lub snowboardu).<\/p>\n<p><a href=\"http:\/\/narty.blog.polityka.pl\/wp-content\/uploads\/\/2013\/12\/10003472.jpg\"><img loading=\"lazy\" decoding=\"async\" title=\"10003472\" src=\"http:\/\/narty.blog.polityka.pl\/wp-content\/uploads\/\/2013\/12\/10003472-300x175.jpg\" alt=\"\" width=\"300\" height=\"175\" \/><\/a> <em>(fot. Mayrhofen)<\/em><\/p>\n<p>Chodzi za\u015b o pokonanie \u2013 w takiej w\u0142a\u015bnie kolejno\u015bci na zasadzie sztafety \u2013 r\u00f3\u017cnicy ponad 400 metr\u00f3w r\u00f3\u017cnicy wysoko\u015bci: a to w g\u00f3r\u0119, a to w d\u00f3\u0142. Zwyci\u0119zc\u0105 zostaje ta dru\u017cyna, kt\u00f3ra zrobi to najszybciej.<\/p>\n<p><a href=\"http:\/\/narty.blog.polityka.pl\/wp-content\/uploads\/\/2013\/12\/10003337.jpg\"><img loading=\"lazy\" decoding=\"async\" title=\"10003337\" src=\"http:\/\/narty.blog.polityka.pl\/wp-content\/uploads\/\/2013\/12\/10003337-300x150.jpg\" alt=\"\" width=\"300\" height=\"150\" \/><\/a> <em>(fot. Mayrhofen)<\/em><\/p>\n<p>Jakiego wysi\u0142ku wymaga, na przyk\u0142ad, wspinaczka na rowerze po za\u015bnie\u017conej le\u015bnej \u015bcie\u017cce i to na takie przewy\u017cszenie, \u0142atwo sobie wyobrazi\u0107.<\/p>\n<p><a href=\"\/wp-content\/uploads\/\/2013\/12\/10004116.jpg\"><img loading=\"lazy\" decoding=\"async\" class=\"alignnone size-medium wp-image-2336\" title=\"Rise &amp; Fall 2013\" src=\"\/wp-content\/uploads\/\/2013\/12\/10004116-300x200.jpg\" alt=\"\" width=\"300\" height=\"200\" srcset=\"\/narty\/wp-content\/uploads\/2013\/12\/10004116-300x200.jpg 300w, \/narty\/wp-content\/uploads\/2013\/12\/10004116.jpg 600w\" sizes=\"(max-width: 300px) 100vw, 300px\" \/><\/a> <em>(fot. Mayrhofen)<\/em><\/p>\n<p>Do\u015b\u0107 wspomnie\u0107, \u017ce na mecie wszyscy uczestnicy zbierali zas\u0142u\u017cone wyrazy szacunku \u2013 i to niezale\u017cnie od zaj\u0119tego przez ich zesp\u00f3\u0142 miejsca (czas czo\u0142\u00f3wki to niespe\u0142na 40 minut!). Znamienne zreszt\u0105, \u017ce w minionym roku wystartowa\u0142o ponad 30 zespo\u0142\u00f3w, a w tym by\u0142o ich ju\u017c 50.<\/p>\n<p><a href=\"\/wp-content\/uploads\/\/2013\/12\/10004123.jpg\"><img loading=\"lazy\" decoding=\"async\" class=\"alignnone size-medium wp-image-2334\" title=\"10004123\" src=\"\/wp-content\/uploads\/\/2013\/12\/10004123-300x200.jpg\" alt=\"\" width=\"300\" height=\"200\" srcset=\"\/narty\/wp-content\/uploads\/2013\/12\/10004123-300x200.jpg 300w, \/narty\/wp-content\/uploads\/2013\/12\/10004123.jpg 600w\" sizes=\"(max-width: 300px) 100vw, 300px\" \/><\/a> <em>(fot. Mayrhofen)<\/em><\/p>\n<p>Co te\u017c wa\u017cne: w sobot\u0119 wieczorem w wy\u017cszych partiach Zillertal dosypa\u0142o nieco \u015bniegu!<\/p>\n","protected":false},"excerpt":{"rendered":"<p>Tyrolski kurort zimowy Mayrhofen w dolinie Zillertal s\u0142ynie powszechnie ze znakomitych tras zjazdowych, w tym tej najstromszej w ca\u0142ej Austrii, czyli Harakiri (nachylenie do 78 proc.!). Ale du\u017co bardziej ekstremalnym wyzwaniem jest start w tamtejszych zawodach znanych Rise &amp; Fall. Start skitourowc\u00f3w &#8211; pierwszy etap Rise &amp; Fall (fot. Mayrhofen)<\/p>\n","protected":false},"author":1,"featured_media":0,"comment_status":"open","ping_status":"closed","sticky":false,"template":"","format":"standard","meta":{"footnotes":""},"categories":[1],"tags":[],"_links":{"self":[{"href":"https:\/\/blog.polityka.pl\/narty\/wp-json\/wp\/v2\/posts\/2325"}],"collection":[{"href":"https:\/\/blog.polityka.pl\/narty\/wp-json\/wp\/v2\/posts"}],"about":[{"href":"https:\/\/blog.polityka.pl\/narty\/wp-json\/wp\/v2\/types\/post"}],"author":[{"embeddable":true,"href":"https:\/\/blog.polityka.pl\/narty\/wp-json\/wp\/v2\/users\/1"}],"replies":[{"embeddable":true,"href":"https:\/\/blog.polityka.pl\/narty\/wp-json\/wp\/v2\/comments?post=2325"}],"version-history":[{"count":3,"href":"https:\/\/blog.polityka.pl\/narty\/wp-json\/wp\/v2\/posts\/2325\/revisions"}],"predecessor-version":[{"id":2333,"href":"https:\/\/blog.polityka.pl\/narty\/wp-json\/wp\/v2\/posts\/2325\/revisions\/2333"}],"wp:attachment":[{"href":"https:\/\/blog.polityka.pl\/narty\/wp-json\/wp\/v2\/media?parent=2325"}],"wp:term":[{"taxonomy":"category","embeddable":true,"href":"https:\/\/blog.polityka.pl\/narty\/wp-json\/wp\/v2\/categories?post=2325"},{"taxonomy":"post_tag","embeddable":true,"href":"https:\/\/blog.polityka.pl\/narty\/wp-json\/wp\/v2\/tags?post=2325"}],"curies":[{"name":"wp","href":"https:\/\/api.w.org\/{rel}","templated":true}]}}