
{"id":2352,"date":"2013-12-24T05:41:53","date_gmt":"2013-12-24T04:41:53","guid":{"rendered":"http:\/\/narty.blog.polityka.pl\/?p=2352"},"modified":"2013-12-24T12:15:28","modified_gmt":"2013-12-24T11:15:28","slug":"narty-z-dusza","status":"publish","type":"post","link":"https:\/\/blog.polityka.pl\/narty\/2013\/12\/24\/narty-z-dusza\/","title":{"rendered":"Narty z dusz\u0105"},"content":{"rendered":"<p>Tym razem nazwa trafiona jest idealnie. Mia\u0142em w\u0142a\u015bnie okazj\u0119 przekona\u0107 si\u0119, \u017ce model \u201eSoul\u201d z serii \u201e7\u201d firmy Rossignol ma (pomimo swych gabaryt\u00f3w) dusz\u0119 nawet na przygotowanej, twardej trasie \u2013 a wi\u0119c zapewne i w puchu, bo to g\u0142\u00f3wnie do niego zosta\u0142 stworzony.<\/p>\n<p><a href=\"\/wp-content\/uploads\/\/2013\/12\/20131214_115635.jpg\"><img loading=\"lazy\" decoding=\"async\" class=\"alignnone size-medium wp-image-2356\" title=\"20131214_115635\" src=\"\/wp-content\/uploads\/\/2013\/12\/20131214_115635-225x300.jpg\" alt=\"\" width=\"225\" height=\"300\" srcset=\"\/narty\/wp-content\/uploads\/2013\/12\/20131214_115635-225x300.jpg 225w, \/narty\/wp-content\/uploads\/2013\/12\/20131214_115635-768x1024.jpg 768w, \/narty\/wp-content\/uploads\/2013\/12\/20131214_115635.jpg 1920w\" sizes=\"(max-width: 225px) 100vw, 225px\" \/><\/a><br \/>\n<!--more-->By\u0142o tak: w wypo\u017cyczalni Nenner przy dolnej stacji gondoli wywo\u017c\u0105cych na lodowiec Hintertux poprosi\u0142em o narty podobne do moich starych, sprawdzonych w r\u00f3\u017cnych sytuacjach Rossignol \u201eBandit\u201d b\u0105d\u017a do r\u00f3wnie uniwersalnych BBR-\u00f3w Salomona. Informacje o warunkach \u015bniegowych i prognozy pogody by\u0142y wszak jednoznaczne: na razie je\u017adzi\u0107 da si\u0119 praktycznie tylko po trasach, a na dodatek \u2013 mimo po\u0142owy grudnia! \u2013 tak\u017ce na lodowcu temperatura mo\u017ce si\u0119ga\u0107 nawet paru stopni powy\u017cej zera. Potrzebowa\u0142em wi\u0119c nart z grupy all mountain, zdolnych sprosta\u0107 twardej zapewne z rana, a potem mi\u0119kkawej nartostradzie.<\/p>\n<p>Subiekt spojrza\u0142 na mnie badawczo, po czym uda\u0142 si\u0119 w g\u0105szcz stojak\u00f3w i przytaszczy\u0142 wielkie czarno-\u017c\u00f3\u0142to \u0142opaty ze sporym rockerem. Musia\u0142em wygl\u0105da\u0107 na zdziwionego, bo od razu rzuci\u0142 uspokajaj\u0105co: Dasz rad\u0119! One s\u0105 \u015bwietne! Ju\u017c na nich je\u017adzi\u0142em.<\/p>\n<p><a href=\"\/wp-content\/uploads\/\/2013\/12\/RACQI01-SOUL_7.jpg\"><img loading=\"lazy\" decoding=\"async\" class=\"alignnone size-medium wp-image-2355\" title=\"RACQI01-SOUL_7\" src=\"\/wp-content\/uploads\/\/2013\/12\/RACQI01-SOUL_7-300x22.jpg\" alt=\"\" width=\"300\" height=\"22\" srcset=\"\/narty\/wp-content\/uploads\/2013\/12\/RACQI01-SOUL_7-300x22.jpg 300w, \/narty\/wp-content\/uploads\/2013\/12\/RACQI01-SOUL_7.jpg 904w\" sizes=\"(max-width: 300px) 100vw, 300px\" \/><\/a><\/p>\n<p>Mia\u0142 w r\u0119ku \u201eSoul\u201d \u2013 jeden z pi\u0119ciu modeli flagowej w tym sezonie serii Rossignola, oznaczanej przez producenta cyfr\u0105 \u201e7\u201d. Zachwyty na jej temat czyta\u0142em nie tylko w folderach reklamowych (Rossignol przekonuje, \u017ce \u201e7\u201d to \u201eprzysz\u0142o\u015b\u0107 freeride\u2019u\u201d). Chwali je tak\u017ce cho\u0107by uczestnicy World Ski Test\u2019 2013, czyli jednego z najbardziej uznanych w bran\u017cy test\u00f3w narciarskich, firmowanego przez samego mistrza Franza Klammera.<\/p>\n<p>Tyle \u017ce ch\u0142opak z wypo\u017cyczalni proponowa\u0142 mi narty d\u0142ugo\u015bci\u2026 188 cm i szeroko\u015bci pod butem 108 mm (sam nie mam chyba nawet 170 cm wzrostu \u2013 wprawdzie w \u017cyciu je\u017adzi\u0142em na nartach 195 cm, lecz by\u0142o one du\u017co w\u0119\u017csze i zdarzy\u0142o si\u0119 w minionym stuleciu). Subiekt powt\u00f3rzy\u0142 jednak zach\u0119t\u0119, dodaj\u0105c tylko, \u017ce gdyby Soule mi si\u0119 nie spodoba\u0142y, to na samym lodowcu dzia\u0142aj\u0105 jeszcze dwa punkty Nenner, wi\u0119c mog\u0119 w ka\u017cdej chwili wymieni\u0107 sprz\u0119t.<\/p>\n<p>C\u00f3\u017c by\u0142o robi\u0107: raz kozie \u015bmier\u0107. Lekk\u0105 sensacj\u0119 moje narty wzbudza\u0142y ju\u017c w gondoli. Nie tylko ich dziwne, zwa\u017cywszy na warunki, gabaryty, ale te\u017c \u00f3w spory rocker, a ju\u017c zw\u0142aszcza prze\u017aroczyste niemal dzioby i pi\u0119tki o konstrukcji podobnej do (wyra\u017anie zreszt\u0105 widocznego) plastra miodu. To tzw. Air Tip: wedle in\u017cynier\u00f3w Rossignola powietrze w wolnych przestrzeniach \u201eplastra\u201d dziobu ma nie tylko obni\u017ca\u0107 wag\u0119 narty (faktycznie, wielkie, by\u0142o nie by\u0142o, \u201eSoul\u201d wa\u017c\u0105 3,8 kg). Znaczenie ma i to, \u017ce dzi\u0119ki temu \u015brodek ci\u0119\u017cko\u015bci przesuni\u0119ty jest zdecydowanie pod stopy narciarza, a dzioby i pi\u0119tki pracuj\u0105 niejako oddzielnie od reszty konstrukcji, co poprawia skr\u0119tno\u015b\u0107 i stabilno\u015b\u0107.<\/p>\n<p>Co najwa\u017cniejsze, promocyjne wywody producenta okazuj\u0105 si\u0119\u2026 prawd\u0105. Ju\u017c po pierwszych kilku skr\u0119tach ani mi w g\u0142owie by\u0142o wymienia\u0107 moich Souli, cho\u0107 rzeczywi\u015bcie nigdzie nie by\u0142o puchu.<\/p>\n<p>Pierwszego dnia, na lodowcu, \u015bnieg by\u0142 przedniej jako\u015bci, a szerokie trasy pozwa\u0142y na wi\u0119ksze pr\u0119dko\u015bci. Promie\u0144 skr\u0119tu Rossignol \u201eSoul\u201d d\u0142ugo\u015bci 188 cm to 18 m, wi\u0119c sz\u0142o idealnie. Ciekawe, \u017ce pomimo sporego rockera, nie by\u0142o mowy o \u017cadnych irytuj\u0105cym \u201ek\u0142apaniu\u201d dziob\u00f3w. Lecz i na stromszych\u00a0 miejscach Tuxa (wykorzystywanych do trening\u00f3w slalomu) \u0142opaty spisywa\u0142y si\u0119 nad wyraz.<\/p>\n<p>Kolejny test Soule przesz\u0142y nast\u0119pnego dnia w rejonie Mayerhofen. Tam by\u0142o w\u0119ziej i ni\u017cej \u2013 co przy wiosennej w istocie pogodzie (powt\u00f3rzmy: rzecz dzieje si\u0119 w po\u0142owie grudnia) oznacza\u0142o najpierw \u015bnieg dobry, potem mokrawy, a pod koniec dnia \u2013 wylodzenia. Czasem by\u0142y tam te\u017c miejsca faktycznie strome, bo wprawdzie s\u0142ynna Harakiri o nachyleniu si\u0119gaj\u0105cym 78 proc. by\u0142a (jak tu niedawno wspomina\u0142em: <a href=\"http:\/\/narty.blog.polityka.pl\/2013\/12\/16\/w-mayrhofen-nie-tylko-harakiri\/\" target=\"_blank\">\u201eW Mayerhofen nie tylko Harakiri\u201d<\/a>, 16 grudnia b.r.) z racji niedostatku \u015bniegu zamkni\u0119ta, lecz vis a vis mo\u017cna by\u0142o spr\u00f3bowa\u0107 co najmniej tak samo wymagaj\u0105cej, bo niemal r\u00f3wnie spadzistej i to na ca\u0142ej d\u0142ugo\u015bci, czarnej trasy z Horbergkarspitz (2278 m n.p.m.). I na niej jednak skr\u0119ty na Soulach nie sprawia\u0142y k\u0142opotu.<\/p>\n<p>Kt\u00f3ry\u015b z tester\u00f3w World Ski Test napisa\u0142 w swojej karcie ocen, \u017ce to \u201eszerokie deski, kt\u00f3re mog\u0105 wprawi\u0107 w os\u0142upienie\u201d. Inny stwierdzi\u0142: \u201eRzetelne na trasie\u201d. Obaj dotkn\u0119li sedna. Teraz marz\u0119 tylko, by spr\u00f3bowa\u0107 ich w terenie. Potencjalni ch\u0119tni chcieliby te\u017c pewnie, by by\u0142y nieco ta\u0144sze, bo na razie w polskich sklepach kosztuj\u0105 niemal 3 tys. z\u0142otych. Ale przecie\u017c ju\u017c wkr\u00f3tce powinny si\u0119 zacz\u0105\u0107 posezonowe obni\u017cki\u2026<\/p>\n<p>PS. Gdy w domu sprawdzi\u0142em tabel\u0119 dobru d\u0142ugo\u015bci nart Rossignola, okaza\u0142o si\u0119, \u017ce teoretycznie powinienem je\u017adzi\u0107 na Soulach 172 cm. Czy wtedy os\u0142upienie by\u0142oby jeszcze wi\u0119ksze?<\/p>\n","protected":false},"excerpt":{"rendered":"<p>Tym razem nazwa trafiona jest idealnie. Mia\u0142em w\u0142a\u015bnie okazj\u0119 przekona\u0107 si\u0119, \u017ce model \u201eSoul\u201d z serii \u201e7\u201d firmy Rossignol ma (pomimo swych gabaryt\u00f3w) dusz\u0119 nawet na przygotowanej, twardej trasie \u2013 a wi\u0119c zapewne i w puchu, bo to g\u0142\u00f3wnie do niego zosta\u0142 stworzony.<\/p>\n","protected":false},"author":1,"featured_media":0,"comment_status":"open","ping_status":"closed","sticky":false,"template":"","format":"standard","meta":{"footnotes":""},"categories":[1],"tags":[],"_links":{"self":[{"href":"https:\/\/blog.polityka.pl\/narty\/wp-json\/wp\/v2\/posts\/2352"}],"collection":[{"href":"https:\/\/blog.polityka.pl\/narty\/wp-json\/wp\/v2\/posts"}],"about":[{"href":"https:\/\/blog.polityka.pl\/narty\/wp-json\/wp\/v2\/types\/post"}],"author":[{"embeddable":true,"href":"https:\/\/blog.polityka.pl\/narty\/wp-json\/wp\/v2\/users\/1"}],"replies":[{"embeddable":true,"href":"https:\/\/blog.polityka.pl\/narty\/wp-json\/wp\/v2\/comments?post=2352"}],"version-history":[{"count":5,"href":"https:\/\/blog.polityka.pl\/narty\/wp-json\/wp\/v2\/posts\/2352\/revisions"}],"predecessor-version":[{"id":2359,"href":"https:\/\/blog.polityka.pl\/narty\/wp-json\/wp\/v2\/posts\/2352\/revisions\/2359"}],"wp:attachment":[{"href":"https:\/\/blog.polityka.pl\/narty\/wp-json\/wp\/v2\/media?parent=2352"}],"wp:term":[{"taxonomy":"category","embeddable":true,"href":"https:\/\/blog.polityka.pl\/narty\/wp-json\/wp\/v2\/categories?post=2352"},{"taxonomy":"post_tag","embeddable":true,"href":"https:\/\/blog.polityka.pl\/narty\/wp-json\/wp\/v2\/tags?post=2352"}],"curies":[{"name":"wp","href":"https:\/\/api.w.org\/{rel}","templated":true}]}}