
{"id":237,"date":"2010-02-18T11:20:31","date_gmt":"2010-02-18T10:20:31","guid":{"rendered":"http:\/\/narty.blog.polityka.pl\/?p=237"},"modified":"2010-02-18T11:20:31","modified_gmt":"2010-02-18T10:20:31","slug":"nie-w-vancouver-ale-w-bialce%e2%80%a6","status":"publish","type":"post","link":"https:\/\/blog.polityka.pl\/narty\/2010\/02\/18\/nie-w-vancouver-ale-w-bialce%e2%80%a6\/","title":{"rendered":"Nie w Vancouver, ale w Bia\u0142ce\u2026"},"content":{"rendered":"<p><a href=\"\/wp-content\/uploads\/\/2010\/02\/carving-cup.jpg\"><\/a>\u2026 mog\u0105 podczas najbli\u017cszego weekendu zdobywa\u0107 medale (oraz punkty do klasyfikacji FIS) alpejczycy z reprezentacji Polski. Na stoku Bystra odb\u0119dzie si\u0119 bowiem Allegro FIS Carving Cup 2010 \u2013 najwa\u017cniejsze mi\u0119dzynarodowe zawody alpejskie w Polsce w tym sezonie. Maj\u0105 status European Challenge, co oznacza, \u017ce w carvingu s\u0105 nieoficjalnym odpowiednikiem Mistrzostw Europy.<\/p>\n<p>Nie bez powodu pod Tatry zjad\u0105 czo\u0142owi narciarze carvingowi kontynentu. B\u0119dzie wi\u0119c mo\u017cna tam zobaczy\u0107 m.in. Giancarlo Bergamelli\u2019ego, do niedawna cz\u0142onka alpejskiej kadry W\u0142och w gigancie i slalomie (sze\u015b\u0107 razy by\u0142 w pierwszej dziesi\u0105tce slalomist\u00f3w Pucharu \u015awiata). \u015aciga\u0107 si\u0119 z nim maj\u0105 tak\u017ce inni utytu\u0142owani zawodnicy Pucharu \u015awiata: Mateo Nana (r\u00f3wnie\u017c z W\u0142och) oraz Rene Stoessel (by\u0142y cz\u0142onek kadry Szwajcarii w zje\u017adzie, kt\u00f3ry od 2005 r. startuje w FIS Carving Cup i ma ju\u017c koncie zwyci\u0119stwo w klasyfikacji generalnej). Udzia\u0142 w zawodach zapowiada r\u00f3wnie\u017c Gianluca Grigoletto, niegdy\u015b mistrz i wicemistrz W\u0142och w slalomie i gigancie, a od kilku sezon\u00f3w najcz\u0119stszy zwyci\u0119zca FIS Carving Cup World Edition.<\/p>\n<p>R\u00f3wnie mocno obsadzone by\u0107 maj\u0105 konkurencje kobiet. Wystartuj\u0105 m.in. znane niegdy\u015b alpejki: Melanie Buergener, Alessandry Merlin i Jeanette Arnold.<\/p>\n<p><a href=\"\/wp-content\/uploads\/\/2010\/02\/carving-cup.jpg\"><img loading=\"lazy\" decoding=\"async\" class=\"alignnone size-medium wp-image-239\" title=\"carving-cup\" src=\"\/wp-content\/uploads\/\/2010\/02\/carving-cup.jpg\" alt=\"\" width=\"250\" height=\"167\" \/><\/a> <em>FIS Carving Cup 2008, Bia\u0142ka Tatrza\u0144ska<\/em><\/p>\n<p>Pr\u00f3cz s\u0142aw b\u0119d\u0105 te\u017c naturalnie m\u0142odzi zawodnicy, od pocz\u0105tku kariery specjalizuj\u0105cy si\u0119 w carvingu. Udzia\u0142 potwierdzi\u0142a cho\u0107by Marta Berezik, kt\u00f3ra przed rokiem wygra\u0142a pokazowe zawody Allegro FIS Carving Cup pod Wielk\u0105 Krokwi\u0105 w Zakopanem. Okazuje si\u0119 bowiem, \u017ce carving to jedyna konkurencja alpejska, w kt\u00f3rej polscy zawodnicy maj\u0105 szanse na punktowane miejsca i mog\u0105 podejmowa\u0107 r\u00f3wnorz\u0119dn\u0105 walk\u0119 z najlepszymi na \u015bwiecie. Dowodem cho\u0107by drugie miejsce Zygmunta Fiedora w Bia\u0142ce Tatrza\u0144skiej w ub. r. \u2013 Polak pokona\u0142 wtedy wszystkich najlepszych zawodnik\u00f3w FIS Carving Cup (lepiej pojecha\u0142 jedynie Grigoletto).<\/p>\n<p>Szczeg\u00f3ln\u0105 atrakcj\u0105 tegorocznej imprezy powinno by\u0107 i to, \u017ce odbywa\u0107 si\u0119 b\u0119d\u0105 po raz pierwszy wedle nowych regu\u0142. Ot\u00f3\u017c od tego sezonu FIS nakaza\u0142 rozgrywa\u0107 zawody carvingowe na dwa sposoby. Slalom Carving ma by\u0107 konkurencj\u0105 bardziej techniczn\u0105 i taktyczn\u0105: liczy si\u0119 nie tylko czas przejazdu, ale te\u017c punkty liczone w zale\u017cno\u015bci od wybranego toru jazdy. Speed Carving natomiast powinien mie\u0107 charakter szybko\u015bciowy: liczy si\u0119 tylko czas przejazdu, a zawodnicy \u015bcigaj\u0105 si\u0119 na torze wytyczonym przez do\u015b\u0107 rzadko rozstawione bojki (wi\u0119c i pr\u0119dko\u015b\u0107 jest wi\u0119ksza). Wi\u0119cej: w celu uatrakcyjnienia przejazd\u00f3w na trasie mo\u017cna budowa\u0107 progi (do metra wysoko\u015bci), profilowane wira\u017ce i tzw. fale.<\/p>\n<p>Szczeg\u00f3\u0142owy program Allegro FIS Carving Cup 2010 (Bia\u0142ka Tatrza\u0144ska 20-21 lutego) mo\u017cna znale\u017a\u0107 na stronie internetowej <a href=\"http:\/\/www.ntn.pl\/ntn\/carvingcup\/program_zawodow\/\" target=\"_blank\">NTN Snow &amp; More Magazine<\/a>.<\/p>\n","protected":false},"excerpt":{"rendered":"<p>\u2026 mog\u0105 podczas najbli\u017cszego weekendu zdobywa\u0107 medale (oraz punkty do klasyfikacji FIS) alpejczycy z reprezentacji Polski. Na stoku Bystra odb\u0119dzie si\u0119 bowiem Allegro FIS Carving Cup 2010 \u2013 najwa\u017cniejsze mi\u0119dzynarodowe zawody alpejskie w Polsce w tym sezonie. Maj\u0105 status European Challenge, co oznacza, \u017ce w carvingu s\u0105 nieoficjalnym odpowiednikiem Mistrzostw Europy. Nie bez powodu pod [&hellip;]<\/p>\n","protected":false},"author":1,"featured_media":0,"comment_status":"open","ping_status":"open","sticky":false,"template":"","format":"standard","meta":{"footnotes":""},"categories":[1],"tags":[],"_links":{"self":[{"href":"https:\/\/blog.polityka.pl\/narty\/wp-json\/wp\/v2\/posts\/237"}],"collection":[{"href":"https:\/\/blog.polityka.pl\/narty\/wp-json\/wp\/v2\/posts"}],"about":[{"href":"https:\/\/blog.polityka.pl\/narty\/wp-json\/wp\/v2\/types\/post"}],"author":[{"embeddable":true,"href":"https:\/\/blog.polityka.pl\/narty\/wp-json\/wp\/v2\/users\/1"}],"replies":[{"embeddable":true,"href":"https:\/\/blog.polityka.pl\/narty\/wp-json\/wp\/v2\/comments?post=237"}],"version-history":[{"count":0,"href":"https:\/\/blog.polityka.pl\/narty\/wp-json\/wp\/v2\/posts\/237\/revisions"}],"wp:attachment":[{"href":"https:\/\/blog.polityka.pl\/narty\/wp-json\/wp\/v2\/media?parent=237"}],"wp:term":[{"taxonomy":"category","embeddable":true,"href":"https:\/\/blog.polityka.pl\/narty\/wp-json\/wp\/v2\/categories?post=237"},{"taxonomy":"post_tag","embeddable":true,"href":"https:\/\/blog.polityka.pl\/narty\/wp-json\/wp\/v2\/tags?post=237"}],"curies":[{"name":"wp","href":"https:\/\/api.w.org\/{rel}","templated":true}]}}