
{"id":2374,"date":"2013-12-31T06:47:05","date_gmt":"2013-12-31T05:47:05","guid":{"rendered":"http:\/\/narty.blog.polityka.pl\/?p=2374"},"modified":"2014-01-01T10:04:56","modified_gmt":"2014-01-01T09:04:56","slug":"narciarski-wynalazca-opowiada-i","status":"publish","type":"post","link":"https:\/\/blog.polityka.pl\/narty\/2013\/12\/31\/narciarski-wynalazca-opowiada-i\/","title":{"rendered":"Narciarski wynalazca opowiada (I)"},"content":{"rendered":"<p>Wymy\u015bli\u0142 pneumatyczn\u0105 armatk\u0119 do\u015bnie\u017caj\u0105c\u0105, podgrzewane siedzenia wyci\u0105g\u00f3w, miotacz do odstrzeliwania lawin, metod\u0119 rekultywacji stok\u00f3w po sezonie zimowym, system rozliczania si\u0119 kolei linowych z w\u0142a\u015bcicielami grunt\u00f3w oraz\u2026 kilka innych rzeczy. Panie, Panowie: Herr Michael Manhart!<\/p>\n<p><a href=\"\/wp-content\/uploads\/\/2013\/12\/arlberg-jetbeznazwy.png\"><img loading=\"lazy\" decoding=\"async\" class=\"alignnone size-full wp-image-2375\" title=\"arlberg jetbeznazwy\" src=\"\/wp-content\/uploads\/\/2013\/12\/arlberg-jetbeznazwy.png\" alt=\"\" width=\"280\" height=\"187\" \/><\/a> <em>Armatki \u015bnie\u017cne Arlberg Jet skonstruowane wedle<\/em> <em>patentu Michaela Manharta<\/em><\/p>\n<p><!--more-->To m.in. dzi\u0119ki jego pomys\u0142om Lech Z\u00fcrs z ma\u0142ej wioski na granicy Austrii i Szwajcarii sta\u0142o si\u0119 o\u015brodkiem narciarskim o \u015bwiatowej s\u0142awie, kt\u00f3ry odwiedzaj\u0105 rodziny kr\u00f3lewskie, gwiazdy kina i estrady, szefowie wielkich firm i\u2026 rosyjscy oligarchowie. Niedawno \u2013 dzi\u0119ki inicjatywie Franki Kobenter z Austria.Info \u2013 mia\u0142em okazj\u0119 wys\u0142ucha\u0107 opowie\u015bci p. Manharta o tym, jak ze zwyk\u0142ej stacji narciarskiej mo\u017cna zrobi\u0107 globalnego ju\u017c gracza w zimowej bran\u017cy turystycznej.<\/p>\n<p>O pocz\u0105tkach<\/p>\n<p>Pierwszy klub narciarski powsta\u0142 w Lech ponad sto lat temu, wi\u0119c pionier\u00f3w by\u0142o wielu. Ale moja rodzina udziela\u0142a si\u0119 od pocz\u0105tku. Dziadek Sepp jeszcze przed II wojn\u0105 \u015bwiatow\u0105 budowa\u0142 wyci\u0105gi dla miejscowych i pierwszych turyst\u00f3w (klub narciarski Lech obchodzi\u0142 niedawno stulecie). Mama te\u017c by\u0142a aktywna w bran\u017cy.<\/p>\n<p>O sztucznym \u015bniegu, ekologii, kosztach i technologii<\/p>\n<p>Sztucznym \u015bniegiem zacz\u0105\u0142em interesowa\u0107 si\u0119 w po\u0142owie lat 70. ub. wieku. Najpierw do idei do\u015bnie\u017cania musia\u0142em przekona\u0107 moich s\u0105siad\u00f3w \u2013 rolnik\u00f3w z Lech oraz ekolog\u00f3w. W 1978 roku zacz\u0119li\u015bmy na naszych stokach systematycznie sprawdza\u0107, czy nie szkodzi to uprawom. Okaza\u0142o si\u0119, \u017ce przeciwnie: wp\u0142ywa on pozytywnie na wegetacj\u0119. Pod grubsz\u0105 warstw\u0105 \u015bniegu \u2013 z\u0142o\u017con\u0105 z naturalnego puchu i \u015bniegu sztucznego ro\u015blinom jest cieplej, lepiej wi\u0119c znosz\u0105 mr\u00f3z. To by\u0142 argument, kt\u00f3ry przekona\u0142 rolnik\u00f3w.<\/p>\n<p>Ekologom t\u0142umaczy\u0142em jeszcze jedno: \u017ce najlepszym sposobem, by narciarze nie pr\u00f3bowali masowo zapuszcza\u0107 si\u0119 na tereny chronione, s\u0105 dobrze przygotowane stoki: bo to je wybierze wi\u0119kszo\u015b\u0107. Opracowa\u0142em tak\u017ce know how rekultywacji stok\u00f3w po sezonie, za kt\u00f3re dosta\u0142em nawet nagrod\u0119 ekologiczn\u0105 \u015awiatowej Konferencji Alpejskiej. Chodzi\u0142o o utrzymanie czysto\u015bci wody w okolicy, zachowanie pierwotnego sk\u0142adu geologicznego gleby, a tak\u017ce\u2026 jako\u015bci traw (wysoko\u015bci i grubo\u015bci \u017ad\u017abe\u0142 itd.). Wysz\u0142o na to, \u017ce do\u015bnie\u017canie przynosi korzy\u015bci zar\u00f3wno zim\u0105, jak latem.<\/p>\n<p>Drugim problemem by\u0142y jednak koszty sztucznego \u015bnie\u017cenia. \u00d3wczesna technologia by\u0142a energoch\u0142onna, armatki potrzebowa\u0142y nadto olbrzymiej ilo\u015bci wody, a mimo to nie by\u0142y zbyt efektywne. Uda\u0142o mi si\u0119 jednak skonstruowa\u0107 du\u017co oszcz\u0119dniejsz\u0105 armatk\u0119 pneumatyczn\u0105, kt\u00f3ra zw\u0142aszcza przy ma\u0142ym mrozie by\u0142a du\u017co wydajniejsza. Na dodatek instalacja ta by\u0142a lekka, a wi\u0119c \u0142atwa do transportowania na kolejne partie stoku. Mog\u0142a te\u017c pracowa\u0107 tu\u017c nad gruntem, by\u0142a zatem odporna na wiatr. Nazwano j\u0105 \u2013 od nazwy naszego regionu \u2013 Arlberg Jet, a mnie przy okazji \u201emistrzem na\u015bnie\u017cania\u201d (\u015bmiech). Dzi\u015b jest powszechnie wykorzystywana obok tradycyjnych armatek wirnikowych (kt\u00f3re te sprawdzaj\u0105 si\u0119 najlepiej przy wi\u0119kszych mrozach) oraz tzw. lanc (te pracuj\u0105 przy najwi\u0119kszych mrozach). W ten spos\u00f3b uratowa\u0142em ju\u017c kilka sezon\u00f3w w wielu stacjach (\u015bmiech).<\/p>\n<p><a href=\"\/wp-content\/uploads\/\/2013\/12\/Lech+Zuers+am+Arlberg+Pistenraupen+by+Sepp+Mallaun+m.jpg\"><img loading=\"lazy\" decoding=\"async\" class=\"alignnone size-medium wp-image-2378\" title=\"Lech+Zuers+am+Arlberg+Pistenraupen+by+Sepp+Mallaun+m\" src=\"\/wp-content\/uploads\/\/2013\/12\/Lech+Zuers+am+Arlberg+Pistenraupen+by+Sepp+Mallaun+m-300x199.jpg\" alt=\"\" width=\"300\" height=\"199\" srcset=\"\/narty\/wp-content\/uploads\/2013\/12\/Lech+Zuers+am+Arlberg+Pistenraupen+by+Sepp+Mallaun+m-300x199.jpg 300w, \/narty\/wp-content\/uploads\/2013\/12\/Lech+Zuers+am+Arlberg+Pistenraupen+by+Sepp+Mallaun+m-1024x680.jpg 1024w, \/narty\/wp-content\/uploads\/2013\/12\/Lech+Zuers+am+Arlberg+Pistenraupen+by+Sepp+Mallaun+m.jpg 1072w\" sizes=\"(max-width: 300px) 100vw, 300px\" \/><\/a><em>Praca nad trasami w Lech Z\u00fcrs (fot. Lech Z\u00fcrs Tourismus\/Sepp Mallaun)<\/em><\/p>\n<p>Przy produkcji sztucznego \u015bniegu g\u0142\u00f3wn\u0105 rol\u0119 gra temperatura i wilgotno\u015b\u0107, czyli w sumie temperatura odczuwalna oraz dob\u00f3r w\u0142a\u015bciwej armatki i jej odpowiednie ustawienie na stoku. Je\u015bli, przyk\u0142adowo, na termometrach jest -1 stopie\u0144 Celsjusza, ale dobra wilgotno\u015b\u0107, to mamy tak\u0105 sytuacj\u0119, jakby by\u0142o du\u017co zimniej. I cho\u0107 w zasadzie jest ciep\u0142o, to mo\u017cna ju\u017c pi\u0119knie \u015bnie\u017cy\u0107. Jest teza, \u017ce to w Po\u0142udniowym Tyrolu sztuczny \u015bnieg jest najlepszej jako\u015bci, bo tam maj\u0105 suche powietrze. U nas w Arlbergu warunki do \u015bnie\u017cenia te\u017c s\u0105 dobre, bo mamy klimat kontynentalny.<\/p>\n<p>Jako\u015b\u0107 \u015bniegu zale\u017cy tak\u017ce od sk\u0142adu mineralnego wody. W Lech wod\u0119 do na\u015bnie\u017cania bierzemy z naszej rzeki \u2013 jest niezanieczyszczona, co pomaga robi\u0107 \u015bnie\u017cynki. Ale absolutnie czysta woda \u2013 bez j\u0105derek kondensacji \u2013 jest niedobra.<\/p>\n<p>Podczas olimpiady w Calgary w 1988 roku gospodarze sugerowali nam \u2013 bo moja firma wygra\u0142a przetarg na na\u015bnie\u017canie tras zjazdowych \u2013 by u\u017cywa\u0107 wody ze studni artezyjskich. Musieli\u015bmy im d\u0142ugo t\u0142umaczy\u0107, \u017ce jest ona zbyt czysta, by otrzyma\u0107 z niej sztuczny \u015bnieg.<\/p>\n<p>Zreszt\u0105 znaczenie ma nawet to, w jakiej fazie jest ksi\u0119\u017cyc (\u015bmiech).<\/p>\n<p>Cdn.<\/p>\n","protected":false},"excerpt":{"rendered":"<p>Wymy\u015bli\u0142 pneumatyczn\u0105 armatk\u0119 do\u015bnie\u017caj\u0105c\u0105, podgrzewane siedzenia wyci\u0105g\u00f3w, miotacz do odstrzeliwania lawin, metod\u0119 rekultywacji stok\u00f3w po sezonie zimowym, system rozliczania si\u0119 kolei linowych z w\u0142a\u015bcicielami grunt\u00f3w oraz\u2026 kilka innych rzeczy. Panie, Panowie: Herr Michael Manhart! Armatki \u015bnie\u017cne Arlberg Jet skonstruowane wedle patentu Michaela Manharta<\/p>\n","protected":false},"author":1,"featured_media":0,"comment_status":"open","ping_status":"closed","sticky":false,"template":"","format":"standard","meta":{"footnotes":""},"categories":[1],"tags":[],"_links":{"self":[{"href":"https:\/\/blog.polityka.pl\/narty\/wp-json\/wp\/v2\/posts\/2374"}],"collection":[{"href":"https:\/\/blog.polityka.pl\/narty\/wp-json\/wp\/v2\/posts"}],"about":[{"href":"https:\/\/blog.polityka.pl\/narty\/wp-json\/wp\/v2\/types\/post"}],"author":[{"embeddable":true,"href":"https:\/\/blog.polityka.pl\/narty\/wp-json\/wp\/v2\/users\/1"}],"replies":[{"embeddable":true,"href":"https:\/\/blog.polityka.pl\/narty\/wp-json\/wp\/v2\/comments?post=2374"}],"version-history":[{"count":4,"href":"https:\/\/blog.polityka.pl\/narty\/wp-json\/wp\/v2\/posts\/2374\/revisions"}],"predecessor-version":[{"id":2377,"href":"https:\/\/blog.polityka.pl\/narty\/wp-json\/wp\/v2\/posts\/2374\/revisions\/2377"}],"wp:attachment":[{"href":"https:\/\/blog.polityka.pl\/narty\/wp-json\/wp\/v2\/media?parent=2374"}],"wp:term":[{"taxonomy":"category","embeddable":true,"href":"https:\/\/blog.polityka.pl\/narty\/wp-json\/wp\/v2\/categories?post=2374"},{"taxonomy":"post_tag","embeddable":true,"href":"https:\/\/blog.polityka.pl\/narty\/wp-json\/wp\/v2\/tags?post=2374"}],"curies":[{"name":"wp","href":"https:\/\/api.w.org\/{rel}","templated":true}]}}