
{"id":2390,"date":"2014-01-10T11:44:50","date_gmt":"2014-01-10T10:44:50","guid":{"rendered":"http:\/\/narty.blog.polityka.pl\/?p=2390"},"modified":"2014-01-10T11:46:30","modified_gmt":"2014-01-10T10:46:30","slug":"szukajac-sniegu","status":"publish","type":"post","link":"https:\/\/blog.polityka.pl\/narty\/2014\/01\/10\/szukajac-sniegu\/","title":{"rendered":"Szukaj\u0105c \u015bniegu"},"content":{"rendered":"<p>Brak \u015bniegu w kraju sprawia, \u017ce rekordowym zainteresowaniem zacz\u0119\u0142y cieszy\u0107 si\u0119 wyjazdy na narty za granic\u0119. Wedle statystyk portalu <a href=\"http:\/\/www.travelplanet.pl\" target=\"_blank\">Travelplanet.pl<\/a>, rezerwacje do alpejskich kurort\u00f3w na czas ferii szkolnych w por\u00f3wnaniu do minionego sezonu wzros\u0142y o blisko 40 proc. Co ciekawe, klienci tego najwi\u0119kszego w Polsce multiagenta turystycznego (skupia oferty najwi\u0119kszych rodzimych touroperator\u00f3w) mimo k\u0142opot\u00f3w z aur\u0105, wol\u0105 w tej zimy jecha\u0107 w g\u00f3ry ni\u017c na egzotyczne pla\u017ce.<\/p>\n<p><!--more--><a href=\"http:\/\/www.travelplanet.pl\" target=\"_blank\">Travelplanet.pl<\/a> przeanalizowa\u0142 statystyki tycz\u0105ce okresu ferii (18 stycznia \u2013 2 marca). Okazuje si\u0119, \u017ce do ko\u0144ca grudnia 2013 r. na wyjazdy w tych terminach w Alpy lub Dolomity by\u0142o o 39,2 proc. wi\u0119cej ch\u0119tnych ni\u017c podczas ubieg\u0142orocznej przerwy zimowej. Preferowane kierunki wyjazd\u00f3w to tradycyjnie W\u0142ochy i Austria.<\/p>\n<p>Analitycy <a href=\"http:\/\/www.travelplanet.pl\" target=\"_blank\">Travelplanet.pl<\/a> prognozuj\u0105 na dodatek, \u017ce \u201ez powodu braku \u015bniegu w Tatrach i Karkonoszach, zar\u00f3wno po polskiej, jak s\u0142owackiej i czeskiej stronie g\u00f3r, odsetek narciarzy wyje\u017cd\u017caj\u0105cych do W\u0142och i Austrii mo\u017ce przekroczy\u0107 nawet 80 proc.\u201d (oczywi\u015bcie tyczy to klient\u00f3w portalu).<\/p>\n<p>Znaczenie ma i to, \u017ce ceny pobytu w Alpach bywaj\u0105 zbli\u017cone do polskich czy czeskich hoteli i apartament\u00f3w. Przyk\u0142adowo, w lutym da si\u0119 znale\u017a\u0107 apartament za 500 \u2013 700 z\u0142otych\/osob\u0119 nie tylko w o\u015brodkach z kilkudziesi\u0119cioma kilometrami tras typu austriackiego Lofer czy w\u0142oskiego Monte Bondone, ale r\u00f3wnie\u017c w stacjach du\u017co wi\u0119kszych, je\u015bli chodzi o obszar do zjazd\u00f3w \u2013\u00a0 w rodzaju Val di Fiemme czy Val di Sole. Do tysi\u0105ca z\u0142 od osoby mo\u017ce za\u015b kosztowa\u0107 nocleg w apartamentach tak znanych kurort\u00f3w jak Zell Am See czy te\u017c Bormio, Cervinia i Val Gardena.<\/p>\n<p>Za 1000 z\u0142 od osoby mo\u017cna te\u017c kupi\u0107 pobyty z wy\u017cywieniem (\u015bniadanie i obiadokolacja) \u2013 tyle \u017ce albo w o\u015brodkach ma\u0142ych, cho\u0107 pi\u0119knych (jak moja ulubiona Solda w Po\u0142udniowym Tyrolu), albo w wi\u0119kszych, lecz nie tu\u017c przy samych trasach. W du\u017cych stacjach \u2013 na przyk\u0142ad tyrolskich dolinach Zillertal i Brixental\u00a0 czy w\u0142oskiej Val di Sole \u2013 za pobyt z wy\u017cywieniem trzeba zap\u0142aci\u0107 1200 \u2013 1300 z\u0142 od osoby.<\/p>\n<p>Z danych <a href=\"http:\/\/www.travelplanet.pl\" target=\"_blank\">Travelplanet.pl<\/a> wynika nadto, \u017ce tygodniowy pobyt na \u015bniegu kosztuje w tym sezonie \u015brednio 1340 z\u0142 od osoby. Cena ta nie uleg\u0142a zmianie w stosunku do ubieg\u0142ego roku. Najcz\u0119\u015bciej trzeba jednak doliczy\u0107 do tego dojazd oraz karnet. Chyba, \u017ce znajdzie si\u0119 promocj\u0119 \u201efreeski\u201d , czyli skipass w cenie zakwaterowania. Wprawdzie akurat w okresie ferii jest to rzadko\u015b\u0107, ale <a href=\"http:\/\/www.travelplanet.pl\" target=\"_blank\">Travelplanet.pl<\/a> sugeruje, by sprawdzi\u0107 chocia\u017cby propozycje karynckiej \u2013 sk\u0105din\u0105d przepi\u0119knej \u2013 wioski Heiligenblut (tygodniowe wakacje ze \u015bniadaniami, obiadokolacjami i darmowym karnetem mo\u017cna tam mie\u0107 za ok. 1500 z\u0142 od osoby).<\/p>\n<p>W najlepszej sytuacji s\u0105 narciarskie rodziny ze \u015al\u0105ska, Podkarpacia, \u0141\u00f3dzkiego, Lubelskiego i Pomorza, bo w tych wojew\u00f3dztwach ferie zaczynaj\u0105 si\u0119 ju\u017c 19 stycznia, kiedy to w Alpach jest tzw. niski sezon i wiele ze stacji zach\u0119ca do przyjazdu w\u0142a\u015bnie darmowym karnetem.<\/p>\n<p>Najwi\u0119kszy k\u0142opot polega wszak na tym, \u017ce nawet w Alpach \u015bniegu nie jest na razie wiele&#8230;<\/p>\n","protected":false},"excerpt":{"rendered":"<p>Brak \u015bniegu w kraju sprawia, \u017ce rekordowym zainteresowaniem zacz\u0119\u0142y cieszy\u0107 si\u0119 wyjazdy na narty za granic\u0119. Wedle statystyk portalu Travelplanet.pl, rezerwacje do alpejskich kurort\u00f3w na czas ferii szkolnych w por\u00f3wnaniu do minionego sezonu wzros\u0142y o blisko 40 proc. Co ciekawe, klienci tego najwi\u0119kszego w Polsce multiagenta turystycznego (skupia oferty najwi\u0119kszych rodzimych touroperator\u00f3w) mimo k\u0142opot\u00f3w z [&hellip;]<\/p>\n","protected":false},"author":1,"featured_media":0,"comment_status":"open","ping_status":"closed","sticky":false,"template":"","format":"standard","meta":{"footnotes":""},"categories":[1],"tags":[],"_links":{"self":[{"href":"https:\/\/blog.polityka.pl\/narty\/wp-json\/wp\/v2\/posts\/2390"}],"collection":[{"href":"https:\/\/blog.polityka.pl\/narty\/wp-json\/wp\/v2\/posts"}],"about":[{"href":"https:\/\/blog.polityka.pl\/narty\/wp-json\/wp\/v2\/types\/post"}],"author":[{"embeddable":true,"href":"https:\/\/blog.polityka.pl\/narty\/wp-json\/wp\/v2\/users\/1"}],"replies":[{"embeddable":true,"href":"https:\/\/blog.polityka.pl\/narty\/wp-json\/wp\/v2\/comments?post=2390"}],"version-history":[{"count":3,"href":"https:\/\/blog.polityka.pl\/narty\/wp-json\/wp\/v2\/posts\/2390\/revisions"}],"predecessor-version":[{"id":2392,"href":"https:\/\/blog.polityka.pl\/narty\/wp-json\/wp\/v2\/posts\/2390\/revisions\/2392"}],"wp:attachment":[{"href":"https:\/\/blog.polityka.pl\/narty\/wp-json\/wp\/v2\/media?parent=2390"}],"wp:term":[{"taxonomy":"category","embeddable":true,"href":"https:\/\/blog.polityka.pl\/narty\/wp-json\/wp\/v2\/categories?post=2390"},{"taxonomy":"post_tag","embeddable":true,"href":"https:\/\/blog.polityka.pl\/narty\/wp-json\/wp\/v2\/tags?post=2390"}],"curies":[{"name":"wp","href":"https:\/\/api.w.org\/{rel}","templated":true}]}}