
{"id":241,"date":"2010-02-22T08:26:51","date_gmt":"2010-02-22T07:26:51","guid":{"rendered":"http:\/\/narty.blog.polityka.pl\/?p=241"},"modified":"2010-02-22T16:45:41","modified_gmt":"2010-02-22T15:45:41","slug":"sukcesy-w-bialce-bialka-bez-sukcesu","status":"publish","type":"post","link":"https:\/\/blog.polityka.pl\/narty\/2010\/02\/22\/sukcesy-w-bialce-bialka-bez-sukcesu\/","title":{"rendered":"Sukcesy w Bia\u0142ce, Bia\u0142ka bez sukcesu"},"content":{"rendered":"<p><a href=\"\/wp-content\/uploads\/\/2010\/02\/bergamelli_-maleg.jpg\"><\/a><a href=\"\/wp-content\/uploads\/\/2010\/02\/karolina_klimek-male_fot_rafal_meszka.jpg\"><\/a>Nie ma medali dla polskich alpejczyk\u00f3w w Vancouver, ale s\u0105 dobre miejsca w Bia\u0142ce Tatrza\u0144skiej. Podczas weekendowych zawod\u00f3w, b\u0119d\u0105cych nieoficjalnym odpowiednikiem mistrzostw Europy, Karolina Klimek by\u0142a trzecia w konkurencji slalom carving, a Justyna Januszek \u2013 czwarta w tzw. speed carving. A obsada by\u0142a doborowa.<\/p>\n<p>Zacz\u0119\u0142o si\u0119 jednak nieciekawie: od ulewnego deszczu w nocy z pi\u0105tku na sobot\u0119. Organizatorzy robili, co mogli (z u\u017cyciem chemicznych utwardzaczy \u015bniegu w\u0142\u0105cznie), by impreza mog\u0142a si\u0119 odby\u0107.<\/p>\n<p>A w zasadzie imprezy, bo po profesjonalistach na stoku Bystre startowa\u0107 mieli u\u017cytkownicy Allegro.pl w amatorskim slalomie gigancie. By\u0142o to podsumowanie cyklu takich zawod\u00f3w, urz\u0105dzanych przez ten portal w r\u00f3\u017cnych stacjach zimowych kraju.<\/p>\n<p>W sobot\u0119 przed po\u0142udniem deszcze szcz\u0119\u015bliwie zamieni\u0142 si\u0119 w \u015bnieg. Szef sportowy Allegro FIS Carving Cup, Tomasz Kurdziel (na co dzie\u0144 redaktor naczelny \u201eNTN Snow &amp; More Magazine\u201d) zadecydowa\u0142, \u017ce najpierw odb\u0119dzie si\u0119 speed carving. To wprowadzona dopiero od tego sezonu przez FIS konkurencja szybko\u015bciowa: zawodnicy \u015bcigaj\u0105 si\u0119 na torze wyznaczonym przez do\u015b\u0107 rzadko rozstawione bojki i liczy si\u0119 wy\u0142\u0105cznie czas przejazdu. Niestety, z powodu wci\u0105\u017c mi\u0119kkiego pod\u0142o\u017ca nie mo\u017cna by\u0142o na trasie wybudowa\u0107 prog\u00f3w ani profilowanych wira\u017cy, co przyda\u0142oby zjazdom jeszcze wi\u0119kszej atrakcyjno\u015bci.<\/p>\n<p>Ale i tak przejazdy najlepszych robi\u0142y wra\u017cenie. Najszybszy okaza\u0142 si\u0119 Giancarlo Bergamelli (do niedawna cz\u0142onek alpejskiej kadry W\u0142och, kt\u00f3ry sze\u015b\u0107 razy by\u0142 w pierwszej dziesi\u0105tce slalomist\u00f3w Pucharu \u015awiata).<\/p>\n<p><a href=\"\/wp-content\/uploads\/\/2010\/02\/bergamelli_-maleg.jpg\"><img loading=\"lazy\" decoding=\"async\" class=\"alignnone size-medium wp-image-245\" title=\"bergamelli_-maleg\" src=\"\/wp-content\/uploads\/\/2010\/02\/bergamelli_-maleg-300x200.jpg\" alt=\"\" width=\"300\" height=\"200\" srcset=\"\/narty\/wp-content\/uploads\/2010\/02\/bergamelli_-maleg-300x200.jpg 300w, \/narty\/wp-content\/uploads\/2010\/02\/bergamelli_-maleg.jpg 1696w\" sizes=\"(max-width: 300px) 100vw, 300px\" \/><\/a><em>Giancarlo Bergamelli, fot <a href=\"http:\/\/skifoto.pl\/\" target=\"_blank\">skifoto.pl<\/a><\/em><\/p>\n<p>Sk\u0105din\u0105d drugie miejsce zaj\u0105\u0142 inny W\u0142och o nazwisku Bergamelli \u2013 srebrnym medalist\u0105 zosta\u0142 bowiem brat zwyci\u0119zcy, Thomas. W\u015br\u00f3d kobiet tak\u017ce triumfowa\u0142y W\u0142oszki (rywalizacj\u0119 wygra\u0142a Melania Burgener), ale czwarte miejsce na tych najwa\u017cniejszych w tym sezonie mi\u0119dzynarodowych zawodach alpejskich w Polsce przypad\u0142o Justynie Januszek (z teamu Rossignol).<\/p>\n<p>W niedzielnym slalom carving (konkurencja bardziej techniczna i taktyczna: liczy si\u0119 nie tylko czas przejazdu, ale te\u017c punkty liczone w zale\u017cno\u015bci od wybranego toru jazdy) trzecie miejsce zdoby\u0142a Karolina Klimek (trenerka w AZS Zakopane).<\/p>\n<p><a href=\"\/wp-content\/uploads\/\/2010\/02\/karolina_klimek-male_fot_rafal_meszka.jpg\"><img loading=\"lazy\" decoding=\"async\" class=\"alignnone size-medium wp-image-246\" title=\"karolina_klimek-male_fot_rafal_meszka\" src=\"\/wp-content\/uploads\/\/2010\/02\/karolina_klimek-male_fot_rafal_meszka-300x200.jpg\" alt=\"\" width=\"300\" height=\"200\" srcset=\"\/narty\/wp-content\/uploads\/2010\/02\/karolina_klimek-male_fot_rafal_meszka-300x200.jpg 300w, \/narty\/wp-content\/uploads\/2010\/02\/karolina_klimek-male_fot_rafal_meszka.jpg 1752w\" sizes=\"(max-width: 300px) 100vw, 300px\" \/><\/a>\u00a0<em>Karlina Klimek, fot. Rafa\u0142 Meszka<\/em><\/p>\n<p>O ile jednak same zawody przynios\u0142y wiele emocji, to ju\u017c sama Bia\u0142ka mo\u017ce s\u0142u\u017cy\u0107 za przyk\u0142ad najgorszych tendencji w rozwoju stacji zimowych. T\u0142ok na stokach i parkingach, koszmarny dojazd (z Zakopanego podczas weekendu zajmuje on nawet i p\u00f3\u0142torej godziny, a to przecie\u017c ledwie kilkana\u015bcie kilometr\u00f3w), fastfoodowe jedzenie w okolicznych \u2013 stylizowanych tylko na ludowe \u2013 karczmach i wreszcie transmitowany przez rozkr\u0119cone na ca\u0142y regulator i umieszczone na podporach wszystkich wyci\u0105g\u00f3w gigantofony program RMF z okrutn\u0105 muzyk\u0105 z Playlisty\u2026<\/p>\n<p>Takie narty to ju\u017c nie moje narty.<\/p>\n<p>\u00a0<\/p>\n","protected":false},"excerpt":{"rendered":"<p>Nie ma medali dla polskich alpejczyk\u00f3w w Vancouver, ale s\u0105 dobre miejsca w Bia\u0142ce Tatrza\u0144skiej. Podczas weekendowych zawod\u00f3w, b\u0119d\u0105cych nieoficjalnym odpowiednikiem mistrzostw Europy, Karolina Klimek by\u0142a trzecia w konkurencji slalom carving, a Justyna Januszek \u2013 czwarta w tzw. speed carving. A obsada by\u0142a doborowa. Zacz\u0119\u0142o si\u0119 jednak nieciekawie: od ulewnego deszczu w nocy z pi\u0105tku [&hellip;]<\/p>\n","protected":false},"author":1,"featured_media":0,"comment_status":"open","ping_status":"open","sticky":false,"template":"","format":"standard","meta":{"footnotes":""},"categories":[1],"tags":[],"_links":{"self":[{"href":"https:\/\/blog.polityka.pl\/narty\/wp-json\/wp\/v2\/posts\/241"}],"collection":[{"href":"https:\/\/blog.polityka.pl\/narty\/wp-json\/wp\/v2\/posts"}],"about":[{"href":"https:\/\/blog.polityka.pl\/narty\/wp-json\/wp\/v2\/types\/post"}],"author":[{"embeddable":true,"href":"https:\/\/blog.polityka.pl\/narty\/wp-json\/wp\/v2\/users\/1"}],"replies":[{"embeddable":true,"href":"https:\/\/blog.polityka.pl\/narty\/wp-json\/wp\/v2\/comments?post=241"}],"version-history":[{"count":0,"href":"https:\/\/blog.polityka.pl\/narty\/wp-json\/wp\/v2\/posts\/241\/revisions"}],"wp:attachment":[{"href":"https:\/\/blog.polityka.pl\/narty\/wp-json\/wp\/v2\/media?parent=241"}],"wp:term":[{"taxonomy":"category","embeddable":true,"href":"https:\/\/blog.polityka.pl\/narty\/wp-json\/wp\/v2\/categories?post=241"},{"taxonomy":"post_tag","embeddable":true,"href":"https:\/\/blog.polityka.pl\/narty\/wp-json\/wp\/v2\/tags?post=241"}],"curies":[{"name":"wp","href":"https:\/\/api.w.org\/{rel}","templated":true}]}}