
{"id":2417,"date":"2014-01-22T05:10:48","date_gmt":"2014-01-22T04:10:48","guid":{"rendered":"http:\/\/narty.blog.polityka.pl\/?p=2417"},"modified":"2014-01-21T22:43:30","modified_gmt":"2014-01-21T21:43:30","slug":"piekna-zima-w-heiligenblut","status":"publish","type":"post","link":"https:\/\/blog.polityka.pl\/narty\/2014\/01\/22\/piekna-zima-w-heiligenblut\/","title":{"rendered":"Pi\u0119kna zima w Heiligenblut"},"content":{"rendered":"<p>Okazuje si\u0119, \u017ce s\u0105 jeszcze na tym \u015bwiecie miejsca, gdzie w styczniu jest normalna zima. Wystarczy cho\u0107by znale\u017a\u0107 si\u0119 po po\u0142udniowej stronie Alp.<\/p>\n<p><a href=\"\/wp-content\/uploads\/\/2014\/01\/TRA_7250a.jpg\"><img loading=\"lazy\" decoding=\"async\" class=\"alignnone size-medium wp-image-2418\" title=\"TRA_7250a\" src=\"\/wp-content\/uploads\/\/2014\/01\/TRA_7250a-300x200.jpg\" alt=\"\" width=\"300\" height=\"200\" srcset=\"\/narty\/wp-content\/uploads\/2014\/01\/TRA_7250a-300x200.jpg 300w, \/narty\/wp-content\/uploads\/2014\/01\/TRA_7250a.jpg 950w\" sizes=\"(max-width: 300px) 100vw, 300px\" \/><\/a> <em>Przy g\u00f3rnej stacji <\/em>gondoli <em>w Heiligenblut 2600 m n.p.m. (Fot. Tomasz Rakoczy)<\/em><\/p>\n<p><!--more-->Jest tak: w p\u00f3\u0142nocnych cz\u0119\u015bciach Alp jedyne dzi\u015b miejsca ze \u015bniegiem to, pr\u00f3cz najwy\u017cszych wierzcho\u0142k\u00f3w i sztucznie przygotowanych tras narciarskich, jedynie te zbocza, kt\u00f3re nie s\u0105 nara\u017cone na dzia\u0142anie s\u0142o\u0144ca. Wystarczy jednak przekroczy\u0107 kt\u00f3r\u0105\u015b z prze\u0142\u0119czy (b\u0105d\u017a pokona\u0107 jeden z tuneli), by znale\u017a\u0107 si\u0119 w innym \u015bwiecie.<\/p>\n<p>Tak by\u0142o, kiedy w minion\u0105 sobot\u0119 kursowym (i co do minuty punktualnym) autobusem Regio jecha\u0142em z Kitzb\u00fchel do Lienz.\u00a0 Ju\u017c przy wyje\u017adzie z tunelu \u0142\u0105cz\u0105cego p\u00f3\u0142nocne Alpy Tyrolu z po\u0142udniowymi, wreszcie sypa\u0142o jak w styczniu sypa\u0107 powinno. Zbocza nad wiosk\u0105 Matrei (wchodz\u0105c\u0105 w sk\u0142ad znakomitej stacji Gro\u00dfglockner Ski Resort, kt\u00f3r\u0105 zachwala\u0142em tu w minionym roku <a href=\" http:\/\/narty.blog.polityka.pl\/2013\/03\/29\/jak-sie-tworzy-swietna-stacje-czyli-dzieje-the-grosglockner-ski-resort\" target=\"_blank\">\u201eJak si\u0119 robi \u015bwietn\u0105 stacj\u0119\u201d<\/a>, 29 marca 2013 r.) by\u0142y pokryte grub\u0105 warstw\u0105 \u015bniegu.Na po\u0142o\u017conej na przedmie\u015bciach Lienz, trasie Pucharu \u015awiata narciarze je\u017adzili w najlepsze \u2013 i w doskona\u0142ych warunkach (o stacjach wok\u00f3\u0142 stolicy Osttirolu w pi\u0119knym pa\u015bmie Dolomit\u00f3w Lienzerskich pisa\u0142em w raporcie zimowym drukowanej \u201ePolityki\u201d 46\/2013).<\/p>\n<p>Kiedy za\u015b po przesiadce dotar\u0142em do Heiligenblut, ma\u0142ej karyntyjskiej wioski po\u0142o\u017conej niemal u st\u00f3p najwy\u017cszego szczytu Austrii Grossglocknera (3798 m n.p.m.)., p\u0142ugi zbiera\u0142y z ulic \u015bwie\u017co spad\u0142y \u015bnieg. Wedle komunikat\u00f3w wy\u015bwietlanych przy dolnej stacji tamtejszej gondoli na okolicznych szczytach by\u0142o p\u00f3\u0142tora metra \u015bniegu. (Narciarskie i krajobrazowe walory Heiligenblut z detalami wymieni\u0142em relacjonuj\u0105c zorganizowany tu w minionym sezonie Freeride Camp:\u00a0 <a href=\"http:\/\/narty.blog.polityka.pl\/2013\/01\/23\/grossglockner-pl-1\/\" target=\"_blank\">\u201eGrossglockner.pl (I)\u201d<\/a>, 23 stycznia 2013 r. i nast\u0119pne).<\/p>\n<p><a href=\"\/wp-content\/uploads\/\/2014\/01\/TRA_7249a.jpg\"><img loading=\"lazy\" decoding=\"async\" class=\"alignnone size-medium wp-image-2423\" title=\"TRA_7249a\" src=\"\/wp-content\/uploads\/\/2014\/01\/TRA_7249a-300x200.jpg\" alt=\"\" width=\"300\" height=\"200\" srcset=\"\/narty\/wp-content\/uploads\/2014\/01\/TRA_7249a-300x200.jpg 300w, \/narty\/wp-content\/uploads\/2014\/01\/TRA_7249a.jpg 950w\" sizes=\"(max-width: 300px) 100vw, 300px\" \/><\/a> <em>Stoki nad Heiligenblut &#8211; w tym tygodniu ! (Fot. Tomasz Rakoczy)<\/em><\/p>\n<p>Nast\u0119pnego dnia znowu pada\u0142o \u2013 by\u0142a na dodatek g\u0119sta mg\u0142a, wi\u0119c jazda nie by \u0142atwa. Lecz ju\u017c dzie\u0144 p\u00f3\u017aniej, czyli w poniedzia\u0142ek, widoczno\u015b\u0107 si\u0119 poprawi\u0142a, wi\u0119c warunki sta\u0142y si\u0119 przednie. Swoje robi\u00a0 to, \u017ce na zboczach nie ma zbyt wielu narciarzy i snowboardzist\u00f3w. Na dodatek wi\u0119kszo\u015b\u0107 z nich to wprawieni w sztuce \u2013 a wi\u0119c bezpiecznie je\u017cd\u017c\u0105cy \u2013 uczestnicy Salomon Rocker Ski Camp \u2013 polsko-austriackiego pomys\u0142u na sportowy (i du\u017co ta\u0144sze ni\u017c zwykle, dzi\u0119ki oferowanym przez gospodarzy atrakcyjnym \u2013 si\u0119gaj\u0105cym pi\u0119\u0107dziesi\u0119ciu\u00a0 procent! \u2013 zni\u017ckom na skipassy i noclegi) zimowy wyjazd.<\/p>\n<p>To uatrakcyjniona wersja ubieg\u0142orocznego Freeride Camp: ot\u00f3\u017c teraz swoje umiej\u0119tno\u015bci mo\u017cna doskonali\u0107 pod okiem najlepszych w Polsce fachowc\u00f3w w a\u017c trzech narciarskich specjalno\u015bciach. Oto bowiem rad skitourowych udziela J\u0119drek Bargiel \u2013 tak, tak, ten sam, kt\u00f3ry w listopadzie wszed\u0142 i zjecha\u0142 z Shishapangmy, czyli z wysoko\u015bci 8013 m. n. p. m.(<a href=\"http:\/\/www.polityka.pl\/swiat\/komentarze\/1557285,1,nowy-trend-w-polskim-himalaizmie.read\" target=\"_blank\">\u201eNowy trend w polskim himalaizmie&#8221;<\/a>, 3 pa\u017adziernika ub.roku).<\/p>\n<p><a href=\"http:\/\/narty.blog.polityka.pl\/wp-content\/uploads\/\/2014\/01\/TRA_7252a.jpg\"><img loading=\"lazy\" decoding=\"async\" title=\"TRA_7252a\" src=\"http:\/\/narty.blog.polityka.pl\/wp-content\/uploads\/\/2014\/01\/TRA_7252a-300x200.jpg\" alt=\"\" width=\"300\" height=\"200\" \/><\/a> <em>J\u0119drek Bargiel na zboczach Heiligenblut (Fot. Tomasz Rakoczy)<\/em><\/p>\n<p>Mi\u0119dzy tyczkami \u2013 b\u0105d\u017a po prostu skr\u0119tem ci\u0119tym \u2013 mo\u017cna poje\u017adzi\u0107 w towarzystwie Macieja Kominko, niegdy\u015b zawodnika, a dzi\u015b s\u0142yn\u0105cego w bran\u017cy z trafnych uwag trenera alpejskiego. Z kolei przewodnikami w je\u017adzie terenowej s\u0105 Andrzej Osuchowski (rodzimy uczestnik zawod\u00f3w Freeride Tour Qualifier) oraz Roman Kuss, jeden z najlepszych austriackich spec\u00f3w od freeride. Obozowicze mog\u0105 te\u017c testowa\u0107 najnowsze kolekcje Salomona i Atomica (narty przygotowuj\u0105 serwisanci Intersportu), uczestniczy\u0107 w warsztatach o zagro\u017ceniach lawinowych czy pokazach pracy ps\u00f3w ratowniczych.<\/p>\n<p><a href=\"http:\/\/narty.blog.polityka.pl\/wp-content\/uploads\/\/2014\/01\/TRA_7254a.jpg\"><img loading=\"lazy\" decoding=\"async\" title=\"TRA_7254a\" src=\"http:\/\/narty.blog.polityka.pl\/wp-content\/uploads\/\/2014\/01\/TRA_7254a-300x201.jpg\" alt=\"\" width=\"300\" height=\"201\" \/><\/a> <em>O nartach Salomon i Atomic opowiada serwisman Intersportu Jerzy Heczko (Fot. Tomasz Rakoczy)<\/em><\/p>\n<p>A \u017ce warunki \u015bniegowe w ci\u0105gu dnia si\u0119 zmieniaj\u0105 \u2013 bo jednak i tu popo\u0142udniu \u015bnieg w ni\u017cszych partiach zaczyna by\u0107 ci\u0119\u017cki \u2013 wi\u0119c zalecenia co do bezpiecze\u0144stwa i techniki jazdy na r\u00f3\u017cnych pod\u0142o\u017cach s\u0105 tym cenniejsze.<\/p>\n<p>Lecz co najwa\u017cniejsze: podpatrywanie, jak eksperci od \u015bniegu szukaj\u0105 dobrego \u015bniegu i jak bezpiecznie prowadz\u0105 swoje grupy jest samo w sobie zajmuj\u0105ce i napawaj\u0105ce otuch\u0105. Cho\u0107 oczywi\u015bcie najwi\u0119ksz\u0105 frajd\u0105 jest samo je\u017cd\u017cenie w ich towarzystwie. Kiedy Roman Kuss pokaza\u0142 nam wielki kocio\u0142 pe\u0142en puchu \u2013 w kt\u00f3rym by\u0142y ledwie dwa \u015blady po jakich\u015b poprzednikach, a wi\u0119c mogli\u015bmy do woli wyznacza\u0107 w\u0142asne linie, szcz\u0119\u015bcia by\u0142o co niemiara. I to wcale nie dlatego, \u017ce gdzie indziej wci\u0105\u017c brakuje \u015bniegu.<\/p>\n","protected":false},"excerpt":{"rendered":"<p>Okazuje si\u0119, \u017ce s\u0105 jeszcze na tym \u015bwiecie miejsca, gdzie w styczniu jest normalna zima. Wystarczy cho\u0107by znale\u017a\u0107 si\u0119 po po\u0142udniowej stronie Alp. Przy g\u00f3rnej stacji gondoli w Heiligenblut 2600 m n.p.m. (Fot. Tomasz Rakoczy)<\/p>\n","protected":false},"author":1,"featured_media":0,"comment_status":"open","ping_status":"closed","sticky":false,"template":"","format":"standard","meta":{"footnotes":""},"categories":[1],"tags":[],"_links":{"self":[{"href":"https:\/\/blog.polityka.pl\/narty\/wp-json\/wp\/v2\/posts\/2417"}],"collection":[{"href":"https:\/\/blog.polityka.pl\/narty\/wp-json\/wp\/v2\/posts"}],"about":[{"href":"https:\/\/blog.polityka.pl\/narty\/wp-json\/wp\/v2\/types\/post"}],"author":[{"embeddable":true,"href":"https:\/\/blog.polityka.pl\/narty\/wp-json\/wp\/v2\/users\/1"}],"replies":[{"embeddable":true,"href":"https:\/\/blog.polityka.pl\/narty\/wp-json\/wp\/v2\/comments?post=2417"}],"version-history":[{"count":4,"href":"https:\/\/blog.polityka.pl\/narty\/wp-json\/wp\/v2\/posts\/2417\/revisions"}],"predecessor-version":[{"id":2422,"href":"https:\/\/blog.polityka.pl\/narty\/wp-json\/wp\/v2\/posts\/2417\/revisions\/2422"}],"wp:attachment":[{"href":"https:\/\/blog.polityka.pl\/narty\/wp-json\/wp\/v2\/media?parent=2417"}],"wp:term":[{"taxonomy":"category","embeddable":true,"href":"https:\/\/blog.polityka.pl\/narty\/wp-json\/wp\/v2\/categories?post=2417"},{"taxonomy":"post_tag","embeddable":true,"href":"https:\/\/blog.polityka.pl\/narty\/wp-json\/wp\/v2\/tags?post=2417"}],"curies":[{"name":"wp","href":"https:\/\/api.w.org\/{rel}","templated":true}]}}