
{"id":242,"date":"2010-02-23T08:09:08","date_gmt":"2010-02-23T07:09:08","guid":{"rendered":"http:\/\/narty.blog.polityka.pl\/?p=242"},"modified":"2010-03-02T11:27:45","modified_gmt":"2010-03-02T10:27:45","slug":"rozne-twarze-kasprowego","status":"publish","type":"post","link":"https:\/\/blog.polityka.pl\/narty\/2010\/02\/23\/rozne-twarze-kasprowego\/","title":{"rendered":"R\u00f3\u017cne twarze Kasprowego"},"content":{"rendered":"<p><a href=\"\/wp-content\/uploads\/\/2010\/02\/gasienicowa-11.jpg\"><\/a>Od minionego weekendu Polskie Koleje Linowe kusz\u0105 promocyjnymi cenami na wyci\u0105g w Kotle G\u0105sienicowym. R\u00f3wnocze\u015bnie jednak na Kasprowym w najlepsze trzyma si\u0119 duch realnego socjalizmu w podej\u015bciu do klienta.<\/p>\n<p>\u201eSerdecznie zapraszamy narciarzy na Kolej Linow\u0105 G\u0105sienicow\u0105: CENY PROMOCYJNE!!!\u201d\u00a0 \u2013 og\u0142oszenia takie pojawi\u0142y si\u0119 masowo w Ku\u017anicach i na samym Kasprowym. Faktycznie: dot\u0105d tzw. przejazd punktowy krzese\u0142kami z Kot\u0142a G\u0105sienicowego na szczyt kosztowa\u0142 6,5 z\u0142, a karnet ca\u0142odzienny \u2013 90 z\u0142. Od soboty na przejazd punktowy wystarczy 5 z\u0142, na kart\u0119 dzienn\u0105 \u2013 70 z\u0142, a popo\u0142udniow\u0105 \u2013 50 z\u0142.<br \/>\nEkstra ceny maj\u0105 obowi\u0105zywa\u0107 \u201edo odwo\u0142ania\u201d.<\/p>\n<p>By\u0107 mo\u017ce jednak PKL uzna\u0142a, \u017ce sezon ju\u017c si\u0119 sko\u0144czy\u0142 (identyczne stawiki mia\u0142y bowiem obowi\u0105zywa\u0107 dopiero od 19 kwietnia, czyli o okresie nazywanym \u201epoza sezonem\u201d). Zw\u0142aszcza, \u017ce do tej pory podczas tej zimy nie ruszy\u0142 wyci\u0105g w Kotle Goryczkowym, bo \u015bniegu na Kasprowym by\u0142o jak dot\u0105d niewiele (szcz\u0119\u015bliwie ostatnio nieco go przyby\u0142o &#8211; teraz pokrywa si\u0119ga 120 cm).<\/p>\n<p>Niewielu by\u0142o tak\u017ce w niedziel\u0119 na Kasprowym narciarzy (cho\u0107 wci\u0105\u017c w niekt\u00f3rych wojew\u00f3dztwach trwaj\u0105 ferie). Do\u015b\u0107 powiedzie\u0107, \u017ce gdy zjawi\u0142em si\u0119 w Ku\u017anicach o godz. 7.15 przede mn\u0105 przed kas\u0105 sta\u0142 ledwie jeden ch\u0119tny na wyjazd narciarz.<\/p>\n<p><a href=\"\/wp-content\/uploads\/\/2010\/02\/gasienicowa-11.jpg\"><img loading=\"lazy\" decoding=\"async\" class=\"alignnone size-medium wp-image-244\" title=\"gasienicowa-11\" src=\"\/wp-content\/uploads\/\/2010\/02\/gasienicowa-11-300x199.jpg\" alt=\"\" width=\"300\" height=\"199\" srcset=\"\/narty\/wp-content\/uploads\/2010\/02\/gasienicowa-11-300x199.jpg 300w, \/narty\/wp-content\/uploads\/2010\/02\/gasienicowa-11.jpg 800w\" sizes=\"(max-width: 300px) 100vw, 300px\" \/><\/a>\u00a0<em>Kocio\u0142 G\u0105sienicowy<\/em><\/p>\n<p>Tyle \u017ce ju\u017c tu pojawi\u0142 si\u0119 problem z wci\u0105\u017c obecn\u0105 tam przesz\u0142o\u015bci\u0105.<\/p>\n<p>Na Kasprowym \u2013 ukochanej G\u00f3rze czas\u00f3w licealnych i studenckich \u2013 ostatni raz by\u0142em dobre kilka lat temu. Nie mia\u0142em okazji jecha\u0107 ani now\u0105 kolejk\u0105, ani nowymi krzes\u0142ami. Nadzieje na odmieniony Kasprowy by\u0142y wi\u0119c (mimo nieczynnej Goryczkowej) olbrzymie.<\/p>\n<p>Tymczasem rzeczywisto\u015b\u0107 przypomina\u0142a dawne, PRL-owskie, czasy. Pracownik PKL dopiero od\u015bnie\u017ca\u0142 po nocnym opadzie schody i chodniki prowadz\u0105ce do budynku kolejki, wi\u0119c pierwsi ch\u0119tni do wyjazdu musieli brn\u0105\u0107 w zaspach. Kas\u0119 otwarto kwadrans po terminie. Mo\u017cna wi\u0119c by\u0142o do woli analizowa\u0107 \u2013 napisany z b\u0142\u0119dami logicznymi i okropn\u0105 polszczyzn\u0105 \u2013 regulamin PKL. I zastanawia\u0107 si\u0119, czy cena 32 z\u0142 za wyjazd nie jest aby wyg\u00f3rowana.<\/p>\n<p>Kiedy za\u015b wyjecha\u0142em na szczyt, okaza\u0142o si\u0119, \u017ce krzese\u0142ka nie kursuj\u0105 (cho\u0107 powinny wystartowa\u0107 o 8.00). Ruszy\u0142y dopiero tu\u017c przed godzin\u0105 10 \u2013 tyle czasu by\u0142o podobno niezb\u0119dne do przygotowania trasy oraz wyci\u0105gu. Tyle \u017ce \u015bwie\u017cego \u015bniegu nie napada\u0142o akurat na g\u00f3rze tej nocy zbyt wiele (wi\u0119cej dosypa\u0142o dopiero teraz). Trasa zreszt\u0105 nie zosta\u0142a bynajmniej perfekcyjnie utwardzona, bo do\u015b\u0107 szybko pojawi\u0142y si\u0119 wymuldzenia i ods\u0142oni\u0142y po\u0142acie lodu (zw\u0142aszcza na stromym odcinku przy stacji g\u00f3rnej oraz w tzw. szyjce przy doje\u017adzie do stacji dolnej). Pytanie naturalnie, dlaczego ratraki nie zacz\u0119\u0142y pracowa\u0107 wcze\u015bniej.<\/p>\n<p>Nie m\u00f3wi\u0105c o tym, \u017ce tak\u017ce obs\u0142uga wyci\u0105gu mog\u0142a wcze\u015bniej od\u015bnie\u017ca\u0107 krzese\u0142ka, a zaj\u0119\u0142a si\u0119 tym dopiero, gdy ratraki zjecha\u0142y ze stoku. W efekcie klienci musieli czeka\u0107 kolejne kwadranse. Mogli to czyni\u0107 w Dominium Pizza, bo teraz to ta sie\u0107 okupuje restauracj\u0119 na Kasprowym Wierchu. Szcz\u0119\u015bliwie, pr\u00f3cz pizzy, s\u0105 tam te\u017c bardziej tradycyjne dania, cho\u0107 ceny odpowiadaj\u0105 wysoko\u015bci (herbata \u2013 7, 5 z\u0142). Ale obs\u0142uga jest uprzejma i sprawna.<\/p>\n<p>Tak czy tak, nowy Kasprowy jest nowy tylko cz\u0119\u015bciowo. Tak samo moje nadzieje zwi\u0105zane z t\u0105 g\u00f3r\u0105 spe\u0142ni\u0142y si\u0119 po\u0142owicznie.<\/p>\n<p>Na dodatek okazuje si\u0119, \u017ce oddala si\u0119 decyzja o udost\u0119pnieniu narciarzom i snowboardzistom obszar\u00f3w poza wytyczonymi trasami. Chodzi\u0107 mia\u0142o o stok Po\u015bredniego Goryczkowego oraz Beskidu\u00a0(por. <a href=\"http:\/\/narty.blog.polityka.pl\/?p=201\" target=\"_blank\">\u201eMo\u017ce wi\u0119kszy Kasprowy!\u201d<\/a>, 7 stycznia 2010 r.\u00a0,\u00a0<a href=\"http:\/\/narty.blog.polityka.pl\/?p=210\" target=\"_blank\">\u201eWci\u0105\u017c czekamy na Kasprowy\u201d, <\/a>13 stycznia 2010 r. oraz <a href=\"http:\/\/narty.blog.polityka.pl\/?p=215\" target=\"_blank\">\u201eNarciarze! Do konsultacji!\u201d<\/a>, 22 stycznia 2010 r.). Analizy przeprowadzone przez ekspert\u00f3w Tatrza\u0144skiego Parku Narodowego dowodzi\u0142y, \u017ce nie zaszkodzi to \u015brodowisku. Jednak ekolodzy z organizacji pod nazw\u0105 Pracownia na Rzecz Wszystkich Istot twierdz\u0105, \u017ce konieczne s\u0105 dodatkowe raporty i konsultacje.<br \/>\nW najbli\u017cszy czwartek dyrekcja TPN wyda w tej sprawie oficjalny komunikat.<\/p>\n<p>\u00a0<\/p>\n","protected":false},"excerpt":{"rendered":"<p>Od minionego weekendu Polskie Koleje Linowe kusz\u0105 promocyjnymi cenami na wyci\u0105g w Kotle G\u0105sienicowym. R\u00f3wnocze\u015bnie jednak na Kasprowym w najlepsze trzyma si\u0119 duch realnego socjalizmu w podej\u015bciu do klienta. \u201eSerdecznie zapraszamy narciarzy na Kolej Linow\u0105 G\u0105sienicow\u0105: CENY PROMOCYJNE!!!\u201d\u00a0 \u2013 og\u0142oszenia takie pojawi\u0142y si\u0119 masowo w Ku\u017anicach i na samym Kasprowym. Faktycznie: dot\u0105d tzw. przejazd punktowy [&hellip;]<\/p>\n","protected":false},"author":1,"featured_media":0,"comment_status":"open","ping_status":"open","sticky":false,"template":"","format":"standard","meta":{"footnotes":""},"categories":[1],"tags":[],"_links":{"self":[{"href":"https:\/\/blog.polityka.pl\/narty\/wp-json\/wp\/v2\/posts\/242"}],"collection":[{"href":"https:\/\/blog.polityka.pl\/narty\/wp-json\/wp\/v2\/posts"}],"about":[{"href":"https:\/\/blog.polityka.pl\/narty\/wp-json\/wp\/v2\/types\/post"}],"author":[{"embeddable":true,"href":"https:\/\/blog.polityka.pl\/narty\/wp-json\/wp\/v2\/users\/1"}],"replies":[{"embeddable":true,"href":"https:\/\/blog.polityka.pl\/narty\/wp-json\/wp\/v2\/comments?post=242"}],"version-history":[{"count":0,"href":"https:\/\/blog.polityka.pl\/narty\/wp-json\/wp\/v2\/posts\/242\/revisions"}],"wp:attachment":[{"href":"https:\/\/blog.polityka.pl\/narty\/wp-json\/wp\/v2\/media?parent=242"}],"wp:term":[{"taxonomy":"category","embeddable":true,"href":"https:\/\/blog.polityka.pl\/narty\/wp-json\/wp\/v2\/categories?post=242"},{"taxonomy":"post_tag","embeddable":true,"href":"https:\/\/blog.polityka.pl\/narty\/wp-json\/wp\/v2\/tags?post=242"}],"curies":[{"name":"wp","href":"https:\/\/api.w.org\/{rel}","templated":true}]}}