
{"id":2457,"date":"2014-02-05T20:27:08","date_gmt":"2014-02-05T19:27:08","guid":{"rendered":"http:\/\/narty.blog.polityka.pl\/?p=2457"},"modified":"2014-02-05T20:28:23","modified_gmt":"2014-02-05T19:28:23","slug":"biedni-rodacy-wrocili-z-niewoli%e2%80%a6","status":"publish","type":"post","link":"https:\/\/blog.polityka.pl\/narty\/2014\/02\/05\/biedni-rodacy-wrocili-z-niewoli%e2%80%a6\/","title":{"rendered":"Biedni rodacy wr\u00f3cili z niewoli\u2026"},"content":{"rendered":"<p>\u2013 mniej wi\u0119cej w takim tonie niekt\u00f3re rodzime media opisywa\u0142y histori\u0119 grupy polskich narciarzy, kt\u00f3rzy na zimowy wyjazd wybrali si\u0119 do Wschodniego Tyrolu (sk\u0105din\u0105d s\u0142usznie, bo d\u0142ugo by\u0142o to jedno z niewielu miejsc, gdzie by\u0142 \u015bnieg), ale wskutek kolejnej fali opad\u00f3w musieli o kilka dni przed\u0142u\u017cy\u0107 sw\u00f3j tam pobyt.<\/p>\n<p><!--more-->\u017b\u0105dnym sensacji (i tragedii) \u017curnalistom jako\u015b nie przysz\u0142o do g\u0142owy, \u017ce Natura ma swoje prawa.\u00a0 Je\u015bli kto\u015b jedzie zim\u0105 w g\u00f3ry, to musi bra\u0107 pod uwag\u0119, \u017ce \u015bnieg mo\u017ce zasypa\u0107 drog\u0119. Tym razem tak w\u0142a\u015bnie sta\u0142o si\u0119 w Hochlienz. Ka\u017cdy za\u015b, kto bywa w Alpach, wie, \u017ce tamtejsze s\u0142u\u017cby pracuj\u0105 perfekcyjnie \u2013 na tyle w\u0142a\u015bnie, na ile pozwalaj\u0105 trudne warunki.<\/p>\n<p>Przed dwoma laty opisywa\u0142em tu, na przyk\u0142ad, swoje obawy podczas \u201ezimy stulecia\u201d w Szwajcarii, kiedy to wydawa\u0142o mi si\u0119, \u017ce nie ma szans bym wydosta\u0142 si\u0119 z kompletnie zasypanego Scuol . Tymczasem w niedziel\u0119 (!) o si\u00f3dmej rano (!) dy\u017curny ruchu miejscowej stacyjki by\u0142 mocno zdziwiony, \u017ce mog\u0119 mie\u0107 jakiekolwiek w\u0105tpliwo\u015bci, co do tego, \u017ce odjedzie z niej w tej sytuacji jakikolwiek poci\u0105g. Faktycznie, sk\u0142ad\u00a0 odjecha\u0142 jak gdyby \u017cadnej zimie stulecia nie by\u0142o mowy.<\/p>\n<p>Nadu\u017cywaj\u0105cym s\u0142owa &#8222;uwi\u0119zieni&#8221; \u017curnalistom nie przysz\u0142o r\u00f3wnocze\u015bnie do g\u0142owy, \u017ceby zwr\u00f3ci\u0107 uwag\u0119 na to, jak swoich go\u015bci potraktowali austriaccy gospodarze. Tymczasem mo\u017ce warto doceni\u0107, \u017ce w\u0142a\u015bciciele hotelu, w kt\u00f3rym mieszka\u0142a polska grupa nie za\u017c\u0105dali pieni\u0119dzy za wymuszone sytuacj\u0105 kolejne noclegi i posi\u0142ki, a potem w\u0142asnym samochodem poprowadzili konw\u00f3j jej aut przez odkopan\u0105 drog\u0119.<\/p>\n<p>Wida\u0107 austriaccy hotelarze przemy\u015bleli skutki zachowania swoich ziomk\u00f3w z doliny Paznaun sprzed pi\u0119tnastu lat. Przypomnijmy , w lutym 1999 roku silne opady \u015bniegu kompletnie odci\u0119\u0142y narciarskie stacje tej doliny od \u015bwiata. Na po\u0142o\u017con\u0105 na jej skraju wiosk\u0119 Galt\u00fcr zesz\u0142a gigantyczna lawina, pod kt\u00f3r\u0105 zgin\u0119\u0142o 31 os\u00f3b. Nie by\u0142o pr\u0105du i zwyk\u0142ej \u0142\u0105czno\u015bci (m.in. nie dzia\u0142a\u0142y bankomaty). \u017bywno\u015b\u0107 i inn\u0105 pomoc mo\u017cna by\u0142o dostarcza\u0107 jedynie \u015bmig\u0142owcami. Tymczasem niekt\u00f3rzy z w\u0142a\u015bcicieli tamtejszych pensjonat\u00f3w i hoteli, nie bacz\u0105c na dramatyzm sytuacji, zacz\u0119li domaga\u0107 si\u0119 od mieszkaj\u0105cych u nich go\u015bci dodatkowych pieni\u0119dzy za noclegi i \u017cywno\u015b\u0107. Pojawi\u0142y si\u0119 nawet gro\u017aby wykwaterowania\u2026 Pazerno\u015b\u0107 ta sta\u0142a si\u0119 w Austrii (i nie tylko) niemal symbolem. Dolina zacz\u0119\u0142a si\u0119 kojarzy\u0107 z bezwzgl\u0119dnymi i nastawionymi wy\u0142\u0105cznie na zysk mieszka\u0144cami \u2013 a nie tylko ze wspania\u0142ymi\u00a0 terenami narciarskimi.<\/p>\n<p>Szcz\u0119\u015bliwie sami paznaunczycy szybko wyci\u0105gn\u0119li z tego wnioski. Nie tylko opracowali plan wielkich inwestycji maj\u0105cych zabezpieczy\u0107 tamtejsze o\u015brodki i drogi przed lawinami (pisa\u0142em o tym w nocie <a href=\"http:\/\/narty.blog.polityka.pl\/2013\/09\/21\/kappl-technologia-kontra-lawiny\/\" target=\"_blank\">\u201eTechnologia kontra lawiny\u201d<\/a>, 21 wrze\u015bnia ub. roku), ale te\u017c pr\u00f3buj\u0105 stara\u0107 si\u0119 zmieni\u0107 taki wizerunek.<\/p>\n<p>Kiedy w\u00a0 grudniu minionego roku by\u0142em w Galt\u00fcr, miejscowi \u2013 i nie byli to tylko spece od promocji \u2013 krytycznie wspominali zachowanie sprzed lat i zapewniali, \u017ce dzi\u015b nie mog\u0142oby si\u0119 ono powt\u00f3rzy\u0107. Dzi\u0119ki postawie hotelarzy z Hochlienz na drugim kra\u0144cu Tyrolu wobec grupy Polak\u00f3w \u0142atwiej w to uwierzy\u0107.<\/p>\n","protected":false},"excerpt":{"rendered":"<p>\u2013 mniej wi\u0119cej w takim tonie niekt\u00f3re rodzime media opisywa\u0142y histori\u0119 grupy polskich narciarzy, kt\u00f3rzy na zimowy wyjazd wybrali si\u0119 do Wschodniego Tyrolu (sk\u0105din\u0105d s\u0142usznie, bo d\u0142ugo by\u0142o to jedno z niewielu miejsc, gdzie by\u0142 \u015bnieg), ale wskutek kolejnej fali opad\u00f3w musieli o kilka dni przed\u0142u\u017cy\u0107 sw\u00f3j tam pobyt.<\/p>\n","protected":false},"author":1,"featured_media":0,"comment_status":"open","ping_status":"closed","sticky":false,"template":"","format":"standard","meta":{"footnotes":""},"categories":[1],"tags":[],"_links":{"self":[{"href":"https:\/\/blog.polityka.pl\/narty\/wp-json\/wp\/v2\/posts\/2457"}],"collection":[{"href":"https:\/\/blog.polityka.pl\/narty\/wp-json\/wp\/v2\/posts"}],"about":[{"href":"https:\/\/blog.polityka.pl\/narty\/wp-json\/wp\/v2\/types\/post"}],"author":[{"embeddable":true,"href":"https:\/\/blog.polityka.pl\/narty\/wp-json\/wp\/v2\/users\/1"}],"replies":[{"embeddable":true,"href":"https:\/\/blog.polityka.pl\/narty\/wp-json\/wp\/v2\/comments?post=2457"}],"version-history":[{"count":2,"href":"https:\/\/blog.polityka.pl\/narty\/wp-json\/wp\/v2\/posts\/2457\/revisions"}],"predecessor-version":[{"id":2459,"href":"https:\/\/blog.polityka.pl\/narty\/wp-json\/wp\/v2\/posts\/2457\/revisions\/2459"}],"wp:attachment":[{"href":"https:\/\/blog.polityka.pl\/narty\/wp-json\/wp\/v2\/media?parent=2457"}],"wp:term":[{"taxonomy":"category","embeddable":true,"href":"https:\/\/blog.polityka.pl\/narty\/wp-json\/wp\/v2\/categories?post=2457"},{"taxonomy":"post_tag","embeddable":true,"href":"https:\/\/blog.polityka.pl\/narty\/wp-json\/wp\/v2\/tags?post=2457"}],"curies":[{"name":"wp","href":"https:\/\/api.w.org\/{rel}","templated":true}]}}