
{"id":2460,"date":"2014-02-08T05:28:45","date_gmt":"2014-02-08T04:28:45","guid":{"rendered":"http:\/\/narty.blog.polityka.pl\/?p=2460"},"modified":"2014-02-06T18:33:26","modified_gmt":"2014-02-06T17:33:26","slug":"szkola-ze-szkola","status":"publish","type":"post","link":"https:\/\/blog.polityka.pl\/narty\/2014\/02\/08\/szkola-ze-szkola\/","title":{"rendered":"Szko\u0142a ze szko\u0142\u0105"},"content":{"rendered":"<p>Ma\u0142opolscy uczniowie maj\u0105 w\u0142a\u015bnie ferie. Ci z Zespo\u0142u Szk\u00f3\u0142 Og\u00f3lnokszta\u0142c\u0105cych Spo\u0142ecznego Towarzystwa O\u015bwiatowego w Krakowie mog\u0105 w tym czasie uczy\u0107 si\u0119 jazdy na nartach we\u2026 w\u0142asnej szkole narciarskiej. To bodaj jedyny taki przypadek w kraju.<\/p>\n<p><a href=\"\/wp-content\/uploads\/\/2014\/02\/sto-nassfeld5697_IMG_4250.jpg\"><img loading=\"lazy\" decoding=\"async\" class=\"alignnone size-medium wp-image-2461\" title=\"sto nassfeld5697_IMG_4250\" src=\"\/wp-content\/uploads\/\/2014\/02\/sto-nassfeld5697_IMG_4250-300x199.jpg\" alt=\"\" width=\"300\" height=\"199\" srcset=\"\/narty\/wp-content\/uploads\/2014\/02\/sto-nassfeld5697_IMG_4250-300x199.jpg 300w, \/narty\/wp-content\/uploads\/2014\/02\/sto-nassfeld5697_IMG_4250.jpg 1024w\" sizes=\"(max-width: 300px) 100vw, 300px\" \/><\/a> <em>Zaj\u0119cia szko\u0142y narciarskiej Glosator krakowskiej szko\u0142y STO w Ski Arena Nassfeld<\/em><br \/>\n<!--more-->Dzia\u0142aj\u0105ca w ramach szk\u00f3\u0142 STO szk\u00f3\u0142ka narciarska Glosator ma licencj\u0119 Polskiego Zwi\u0105zku Narciarskiego i ju\u017c wieloletni\u0105 tradycj\u0119. Na pomys\u0142 ten wpad\u0142a w 1990 roku Anna Oko\u0144ska-Walkowicz, \u00f3wczesna prezes Ko\u0142a Terenowego STO w Krakowie. Dzi\u015b wi\u0119kszo\u015b\u0107 instruktor\u00f3w Glosatora wywodzi si\u0119 z absolwent\u00f3w szko\u0142y STO im. Juliusza S\u0142owackiego.<\/p>\n<p>Dzieci ze STO je\u017cd\u017c\u0105 na nartach ju\u017c od przedszkola (tej zimy przedszkolakom uda\u0142o si\u0119 znale\u017a\u0107 \u015bnieg w podkrakowskim Sieprawiu).<\/p>\n<p><a href=\"\/wp-content\/uploads\/\/2014\/02\/sto-siepraw-482_nartyprz.jpg\"><img loading=\"lazy\" decoding=\"async\" class=\"alignnone size-medium wp-image-2462\" title=\"sto siepraw 482_nartyprz\" src=\"\/wp-content\/uploads\/\/2014\/02\/sto-siepraw-482_nartyprz-300x199.jpg\" alt=\"\" width=\"300\" height=\"199\" srcset=\"\/narty\/wp-content\/uploads\/2014\/02\/sto-siepraw-482_nartyprz-300x199.jpg 300w, \/narty\/wp-content\/uploads\/2014\/02\/sto-siepraw-482_nartyprz.jpg 800w\" sizes=\"(max-width: 300px) 100vw, 300px\" \/><\/a> <em>Przedszkolaki ze STO z instruktorami Glosatora na obozie w Sieprawiu<\/em><\/p>\n<p>Uczniowie podstaw\u00f3wki, gimnazjum i liceum na zimowe wyprawy wybieraj\u0105 si\u0119 nie tylko podczas ferii. W tym sezonie je\u017adzili ju\u017c po stokach Gerlitzen\/Alpenrose (76 dzieci z podstaw\u00f3wki) oraz w Ski Arena Nassfeld (125 uczni\u00f3w klas podstawowych, gimnazjum i LO). Mogli tam zdoby\u0107 szkolne odznaki narciarskie (od \u201ema\u0142ego narciarza\u201d po \u201ez\u0142ot\u0105\u201d) oraz odby\u0107 kursy demonstratora, kwalifikanta oraz pomocnika instruktora PZN. Poznawali tak\u017ce zasady bezpiecze\u0144stwa w g\u00f3rach i udzielania pierwszej pomocy, a w ramach zaj\u0119\u0107 \u201eJak dba\u0107 o narty?\u201d uczyli si\u0119 obchodzenia ze sprz\u0119tem i jego konserwacji.<\/p>\n<p><a href=\"\/wp-content\/uploads\/\/2014\/02\/sto5698_IMG_4256.jpg\"><img loading=\"lazy\" decoding=\"async\" class=\"alignnone size-medium wp-image-2464\" title=\"sto5698_IMG_4256\" src=\"\/wp-content\/uploads\/\/2014\/02\/sto5698_IMG_4256-300x199.jpg\" alt=\"\" width=\"300\" height=\"199\" srcset=\"\/narty\/wp-content\/uploads\/2014\/02\/sto5698_IMG_4256-300x199.jpg 300w, \/narty\/wp-content\/uploads\/2014\/02\/sto5698_IMG_4256.jpg 1024w\" sizes=\"(max-width: 300px) 100vw, 300px\" \/><\/a> <em>Mistrzostwa Sto<\/em> <em>sezonu 2013\/2014<\/em><\/p>\n<p>Rokrocznie odbywaj\u0105 si\u0119 r\u00f3wnie\u017c mistrzostwa szko\u0142y w slalomie gigancie. Startuj\u0105 wszyscy.<\/p>\n","protected":false},"excerpt":{"rendered":"<p>Ma\u0142opolscy uczniowie maj\u0105 w\u0142a\u015bnie ferie. Ci z Zespo\u0142u Szk\u00f3\u0142 Og\u00f3lnokszta\u0142c\u0105cych Spo\u0142ecznego Towarzystwa O\u015bwiatowego w Krakowie mog\u0105 w tym czasie uczy\u0107 si\u0119 jazdy na nartach we\u2026 w\u0142asnej szkole narciarskiej. To bodaj jedyny taki przypadek w kraju. Zaj\u0119cia szko\u0142y narciarskiej Glosator krakowskiej szko\u0142y STO w Ski Arena Nassfeld<\/p>\n","protected":false},"author":1,"featured_media":0,"comment_status":"open","ping_status":"closed","sticky":false,"template":"","format":"standard","meta":{"footnotes":""},"categories":[1],"tags":[],"_links":{"self":[{"href":"https:\/\/blog.polityka.pl\/narty\/wp-json\/wp\/v2\/posts\/2460"}],"collection":[{"href":"https:\/\/blog.polityka.pl\/narty\/wp-json\/wp\/v2\/posts"}],"about":[{"href":"https:\/\/blog.polityka.pl\/narty\/wp-json\/wp\/v2\/types\/post"}],"author":[{"embeddable":true,"href":"https:\/\/blog.polityka.pl\/narty\/wp-json\/wp\/v2\/users\/1"}],"replies":[{"embeddable":true,"href":"https:\/\/blog.polityka.pl\/narty\/wp-json\/wp\/v2\/comments?post=2460"}],"version-history":[{"count":2,"href":"https:\/\/blog.polityka.pl\/narty\/wp-json\/wp\/v2\/posts\/2460\/revisions"}],"predecessor-version":[{"id":2465,"href":"https:\/\/blog.polityka.pl\/narty\/wp-json\/wp\/v2\/posts\/2460\/revisions\/2465"}],"wp:attachment":[{"href":"https:\/\/blog.polityka.pl\/narty\/wp-json\/wp\/v2\/media?parent=2460"}],"wp:term":[{"taxonomy":"category","embeddable":true,"href":"https:\/\/blog.polityka.pl\/narty\/wp-json\/wp\/v2\/categories?post=2460"},{"taxonomy":"post_tag","embeddable":true,"href":"https:\/\/blog.polityka.pl\/narty\/wp-json\/wp\/v2\/tags?post=2460"}],"curies":[{"name":"wp","href":"https:\/\/api.w.org\/{rel}","templated":true}]}}