
{"id":2466,"date":"2014-02-10T20:37:37","date_gmt":"2014-02-10T19:37:37","guid":{"rendered":"http:\/\/narty.blog.polityka.pl\/?p=2466"},"modified":"2014-02-11T07:14:52","modified_gmt":"2014-02-11T06:14:52","slug":"polacy-pierwszy-raz-docenieni-na-ispo","status":"publish","type":"post","link":"https:\/\/blog.polityka.pl\/narty\/2014\/02\/10\/polacy-pierwszy-raz-docenieni-na-ispo\/","title":{"rendered":"Polacy pierwszy raz docenieni (na ISPO)"},"content":{"rendered":"<p>Dwie polskie marki zosta\u0142y wyr\u00f3\u017cnione w presti\u017cowym konkursie ISPO 2015 \u2013 po raz pierwszy w historii tych najwi\u0119kszych targ\u00f3w na \u015bwiecie sprz\u0119tu do sport\u00f3w zimowych. Obie pochodz\u0105 przy tym z Beskidu \u015al\u0105skiego. Laury zdoby\u0142a bowiem deska do snowkite\u2019 u wyprodukowana przez firm\u0119 Nobile z Bielska-Bia\u0142ej oraz stela\u017c do przechowywania sprz\u0119tu narciarskiego i snowboardowego QBL z Ustronia.<\/p>\n<p><a href=\"\/wp-content\/uploads\/\/2014\/02\/Nobile_Tsar_front_kw.jpeg\"><img loading=\"lazy\" decoding=\"async\" class=\"alignnone size-medium wp-image-2467\" title=\"Nobile_Tsar_front_kw\" src=\"\/wp-content\/uploads\/\/2014\/02\/Nobile_Tsar_front_kw-300x300.jpg\" alt=\"\" width=\"300\" height=\"300\" srcset=\"\/narty\/wp-content\/uploads\/2014\/02\/Nobile_Tsar_front_kw-300x300.jpg 300w, \/narty\/wp-content\/uploads\/2014\/02\/Nobile_Tsar_front_kw-150x150.jpg 150w, \/narty\/wp-content\/uploads\/2014\/02\/Nobile_Tsar_front_kw.jpeg 960w\" sizes=\"(max-width: 300px) 100vw, 300px\" \/><\/a><em>Nobile RC2000- w ocenie juror\u00f3w ISPO 2014 &#8222;najlepsza deska do skikite&#8217;u na \u015bwiecie&#8221;<\/em><br \/>\n<!--more-->Nobile RC2000 to dwumetrowa deska do snowkite \u2013 czyli do \u201ejazdy po \u015bniegu z latawcem na d\u0142ugich dystansach\u201d, dyscyplinie popularnej zw\u0142aszcza w Stanach Zjednoczonych (na sprz\u0119cie z Bielska startuje tam aktualny mistrz USA), Rosji (RC2000 sprzedawana jest tam w limitowanej wersji pod nazw\u0105 Tsar) oraz Kanadzie i Argentynie.<\/p>\n<p>Na ISPO deska Nobile wygra\u0142a w kategorii Action Snowkite \u2013 a s\u0119dziowie docenili poziom technologii i jako\u015bci, a w szczeg\u00f3lno\u015bci zastosowanie opatentowanej w Polsce technologii APS (pozwala ona na oddzielne projektowania sztywno\u015bci deski i odporno\u015bci na skr\u0119canie wzd\u0142u\u017cne: efektem jest deska lekka, mi\u0119kka i \u0142atwo skr\u0119caj\u0105ca, ale r\u00f3wnocze\u015bnie dobrze trzymaj\u0105ca skr\u0119t nawet na lodzie). Znaczenie mia\u0142o pewnie i to, \u017ce zawodnicy u\u017cywaj\u0105cy RC2000 wygrywaj\u0105 nadzwyczaj cz\u0119sto na zawodach snowkite\u2019owych.<\/p>\n<p>Bielska firma dzia\u0142a od 1994 roku: produkuje sprz\u0119t\u00a0 \u2013 deski snowboardowe i snowkite&#8217;owe, ale tak\u017ce narty \u2013 dla tak znanych marek, jak Zag, Faction, Powderequipment, Whitedot, Majesty, Burton, Shinn i Rough. Od roku 2009 wytwarza r\u00f3wnie\u017c modele snowboard\u00f3w, a od 20134 roku tak\u017ce nart pod w\u0142asnym logo \u2013 i z wykorzystaniem technologii swojego autorstwa. W presti\u017cowym rankingu World Ski Test model nart \u201eNobile Supreme\u201d zdoby\u0142 br\u0105zowy medal w kategorii Open Space.<\/p>\n<p>Nobile zatrudnia ponad 130 os\u00f3b i ma blisko 100 dystrybutor\u00f3w na ca\u0142ym \u015bwiecie.<\/p>\n<p>Wkr\u00f3tce o drugim polskim laureacie ISPO 2015: stela\u017cu QBL.<\/p>\n","protected":false},"excerpt":{"rendered":"<p>Dwie polskie marki zosta\u0142y wyr\u00f3\u017cnione w presti\u017cowym konkursie ISPO 2015 \u2013 po raz pierwszy w historii tych najwi\u0119kszych targ\u00f3w na \u015bwiecie sprz\u0119tu do sport\u00f3w zimowych. Obie pochodz\u0105 przy tym z Beskidu \u015al\u0105skiego. Laury zdoby\u0142a bowiem deska do snowkite\u2019 u wyprodukowana przez firm\u0119 Nobile z Bielska-Bia\u0142ej oraz stela\u017c do przechowywania sprz\u0119tu narciarskiego i snowboardowego QBL z [&hellip;]<\/p>\n","protected":false},"author":1,"featured_media":0,"comment_status":"open","ping_status":"closed","sticky":false,"template":"","format":"standard","meta":{"footnotes":""},"categories":[1],"tags":[],"_links":{"self":[{"href":"https:\/\/blog.polityka.pl\/narty\/wp-json\/wp\/v2\/posts\/2466"}],"collection":[{"href":"https:\/\/blog.polityka.pl\/narty\/wp-json\/wp\/v2\/posts"}],"about":[{"href":"https:\/\/blog.polityka.pl\/narty\/wp-json\/wp\/v2\/types\/post"}],"author":[{"embeddable":true,"href":"https:\/\/blog.polityka.pl\/narty\/wp-json\/wp\/v2\/users\/1"}],"replies":[{"embeddable":true,"href":"https:\/\/blog.polityka.pl\/narty\/wp-json\/wp\/v2\/comments?post=2466"}],"version-history":[{"count":3,"href":"https:\/\/blog.polityka.pl\/narty\/wp-json\/wp\/v2\/posts\/2466\/revisions"}],"predecessor-version":[{"id":2470,"href":"https:\/\/blog.polityka.pl\/narty\/wp-json\/wp\/v2\/posts\/2466\/revisions\/2470"}],"wp:attachment":[{"href":"https:\/\/blog.polityka.pl\/narty\/wp-json\/wp\/v2\/media?parent=2466"}],"wp:term":[{"taxonomy":"category","embeddable":true,"href":"https:\/\/blog.polityka.pl\/narty\/wp-json\/wp\/v2\/categories?post=2466"},{"taxonomy":"post_tag","embeddable":true,"href":"https:\/\/blog.polityka.pl\/narty\/wp-json\/wp\/v2\/tags?post=2466"}],"curies":[{"name":"wp","href":"https:\/\/api.w.org\/{rel}","templated":true}]}}