
{"id":247,"date":"2010-02-26T00:11:56","date_gmt":"2010-02-25T23:11:56","guid":{"rendered":"http:\/\/narty.blog.polityka.pl\/?p=247"},"modified":"2010-02-23T07:12:54","modified_gmt":"2010-02-23T06:12:54","slug":"freeriderzy-sfilmowani","status":"publish","type":"post","link":"https:\/\/blog.polityka.pl\/narty\/2010\/02\/26\/freeriderzy-sfilmowani\/","title":{"rendered":"Freeriderzy sfilmowani"},"content":{"rendered":"<p>Nie ma pi\u0119kniejszego widoku dla mi\u0142o\u015bnika sport\u00f3w zimowych ni\u017c grupa maluch\u00f3w, sun\u0105ca \u0142ukami p\u0142u\u017cnymi ile si\u0142 w nogach za Panem Instruktorem, sylwetka slalomisty, atakuj\u0105cego tyczk\u0119 i wreszcie freerider, przecieraj\u0105cy w\u0142asny \u015blad w g\u0142\u0119bokim puchu na tle majestatycznych ska\u0142. Najlepszych narciarzy je\u017cd\u017c\u0105cych poza utartymi trasami mo\u017cna b\u0119dzie zobaczy\u0107 podczas 1. Przegl\u0105du Film\u00f3w Freeridowych.<br \/>\nRozpoczyna si\u0119 on w\u0142a\u015bnie w kinach wielu miast Polski \u2013 od Bia\u0142egostoku i Olsztyna przez Warszaw\u0119 i D\u0105brow\u0119 G\u00f3rnicz\u0105 po Krak\u00f3w i Zakopane.<\/p>\n<p>Do\u015b\u0107 powiedzie\u0107, \u017ce podczas Przegl\u0105du pokazany b\u0119dzie m.in. g\u0142o\u015bny ju\u017c \u201eZjazd\u201d (re\u017c. Mark Obenhaus) \u2013 d\u0142ugometra\u017cowy dokument o narciarstwie wysokog\u00f3rskim, dyscyplinie sportowej, kt\u00f3ra zaistnia\u0142a zaledwie 35 lat temu i opowie\u015b\u0107 \u201eo niebezpiecznej przygodzie, niebywa\u0142ej sprawno\u015bci fizycznej i pr\u00f3bie uchwycenia ulotnego pi\u0119kna narciarstwa\u201d.<\/p>\n<p>Atrakcj\u0105 b\u0119dzie te\u017c \u201eCz\u0142owiek, kt\u00f3ry zjecha\u0142 z Everestu\u201d \u2013 historia pierwszej pierwszego zjazdu na nartach z najwy\u017cszej g\u00f3ry \u015bwiata. Dokument powsta\u0142 na bazie pami\u0119tnika Yuichiro Miury, kt\u00f3rego decyduj\u0105ce 2 minuty 20 sekund zjazdu wymaga\u0142o zaanga\u017cowania prawie 800 tragarzy i cz\u0142onk\u00f3w ekspedycji, z kt\u00f3rych o\u015bmiu zgin\u0119\u0142o w szczelinie lodowej. Film w 1976 r. zosta\u0142 nagrodzony Oscarem jako najlepszy dokument.<\/p>\n<p>B\u0119d\u0105 te\u017c filmy o polskich mi\u0142o\u015bnikach jazdy poza trasami: powsta\u0142e ubieg\u0142ej zimy i pokazuj\u0105ce krajow\u0105 czo\u0142\u00f3wk\u0119 freeride\u2019u \u201eInto the White\u201d i \u201eThe White House\u201d.\u00a0 Co wa\u017cne: wszystkie uj\u0119cia kr\u0119cone by\u0142y w Tatrach!<\/p>\n<p>Pokazane zostan\u0105 wreszcie filmy fabularne, kt\u00f3rych bohaterami s\u0105 narty. Ot cho\u0107by \u201eSzale\u0144czy zjazd\u201d z Robertem Redfordem \u2013 jako zawodnikiem i Gene Hackmanem \u2013 jako trenerem, przygotowuj\u0105cymi si\u0119 do startu z zimowej olimpiady. Albo te\u017c \u201eW tajnej s\u0142u\u017cbie Jej Kr\u00f3lewskiej Mo\u015bci\u201d, czyli jeden z odcink\u00f3w przyg\u00f3d Jamesa Bonda, kt\u00f3re rozgrywaj\u0105 si\u0119 w g\u00f3rach.<\/p>\n<p>Szczeg\u00f3\u0142owy program dot\u0105d zaplanowanych projekcji oraz wykaz (i kr\u00f3tkie om\u00f3wienie pokazywanych film\u00f3w) mo\u017cna znale\u017a\u0107 na stronie <a href=\"http:\/\/www.360stopni.org\/?p=4657\" target=\"_blank\">360 stopni\/Cz\u0142owiek na kraw\u0119dzi<\/a>.\u00a0Organizatorzy nie wykluczaj\u0105, \u017ce wkr\u00f3tce filmy z Przegl\u0105du dotr\u0105 do kolejnych miast.<\/p>\n","protected":false},"excerpt":{"rendered":"<p>Nie ma pi\u0119kniejszego widoku dla mi\u0142o\u015bnika sport\u00f3w zimowych ni\u017c grupa maluch\u00f3w, sun\u0105ca \u0142ukami p\u0142u\u017cnymi ile si\u0142 w nogach za Panem Instruktorem, sylwetka slalomisty, atakuj\u0105cego tyczk\u0119 i wreszcie freerider, przecieraj\u0105cy w\u0142asny \u015blad w g\u0142\u0119bokim puchu na tle majestatycznych ska\u0142. Najlepszych narciarzy je\u017cd\u017c\u0105cych poza utartymi trasami mo\u017cna b\u0119dzie zobaczy\u0107 podczas 1. Przegl\u0105du Film\u00f3w Freeridowych. Rozpoczyna si\u0119 on [&hellip;]<\/p>\n","protected":false},"author":1,"featured_media":0,"comment_status":"open","ping_status":"open","sticky":false,"template":"","format":"standard","meta":{"footnotes":""},"categories":[1],"tags":[],"_links":{"self":[{"href":"https:\/\/blog.polityka.pl\/narty\/wp-json\/wp\/v2\/posts\/247"}],"collection":[{"href":"https:\/\/blog.polityka.pl\/narty\/wp-json\/wp\/v2\/posts"}],"about":[{"href":"https:\/\/blog.polityka.pl\/narty\/wp-json\/wp\/v2\/types\/post"}],"author":[{"embeddable":true,"href":"https:\/\/blog.polityka.pl\/narty\/wp-json\/wp\/v2\/users\/1"}],"replies":[{"embeddable":true,"href":"https:\/\/blog.polityka.pl\/narty\/wp-json\/wp\/v2\/comments?post=247"}],"version-history":[{"count":0,"href":"https:\/\/blog.polityka.pl\/narty\/wp-json\/wp\/v2\/posts\/247\/revisions"}],"wp:attachment":[{"href":"https:\/\/blog.polityka.pl\/narty\/wp-json\/wp\/v2\/media?parent=247"}],"wp:term":[{"taxonomy":"category","embeddable":true,"href":"https:\/\/blog.polityka.pl\/narty\/wp-json\/wp\/v2\/categories?post=247"},{"taxonomy":"post_tag","embeddable":true,"href":"https:\/\/blog.polityka.pl\/narty\/wp-json\/wp\/v2\/tags?post=247"}],"curies":[{"name":"wp","href":"https:\/\/api.w.org\/{rel}","templated":true}]}}