
{"id":2472,"date":"2014-02-13T05:01:37","date_gmt":"2014-02-13T04:01:37","guid":{"rendered":"http:\/\/narty.blog.polityka.pl\/?p=2472"},"modified":"2014-02-12T11:14:41","modified_gmt":"2014-02-12T10:14:41","slug":"regal-na-medal","status":"publish","type":"post","link":"https:\/\/blog.polityka.pl\/narty\/2014\/02\/13\/regal-na-medal\/","title":{"rendered":"Rega\u0142 na medal"},"content":{"rendered":"<p>Rega\u0142 do przechowywania nart, snowboard\u00f3w i kij\u00f3w to drugi z polskich produkt\u00f3w wyr\u00f3\u017cnionych podczas niedawnych targ\u00f3w sprz\u0119tu zimowego ISPO \u2013 najwi\u0119kszej takiej imprezy na \u015bwiecie. Powstaje w fabryczce firmy QBL w beskidzkim Ustroniu.<\/p>\n<p><a href=\"\/wp-content\/uploads\/\/2014\/02\/logo_QBL.jpg\"><img loading=\"lazy\" decoding=\"async\" class=\"alignnone size-medium wp-image-2475\" title=\"logo_QBL\" src=\"\/wp-content\/uploads\/\/2014\/02\/logo_QBL-300x135.jpg\" alt=\"\" width=\"300\" height=\"135\" srcset=\"\/narty\/wp-content\/uploads\/2014\/02\/logo_QBL-300x135.jpg 300w, \/narty\/wp-content\/uploads\/2014\/02\/logo_QBL-1024x461.jpg 1024w\" sizes=\"(max-width: 300px) 100vw, 300px\" \/><\/a><\/p>\n<p><!--more-->Jury ISPO 2014 doceni\u0142o zw\u0142aszcza funkcjonalno\u015b\u0107 rega\u0142u: g\u0142\u00f3wne elementy Snb Rental Universal\u00a0 (bo tak si\u0119 on formalnie nazywa) da si\u0119 ustawia\u0107 w r\u00f3\u017cnych konfiguracjach. Pozwala to przechowywa\u0107\u00a0 na nim \u2013 zale\u017cnie od potrzeb\u00a0 \u2013 albo samych nart, albo tylko snowboard\u00f3w b\u0105d\u017a te\u017c i nart, i snowboard\u00f3w.<br \/>\nZnaczenie ma tak\u017ce du\u017ca pojemno\u015b\u0107 rega\u0142u dzi\u0119ki zastosowaniu stosowanych ju\u017c od dawna, a wi\u0119c sprawdzonych, sposob\u00f3w mocowania nart czy kij\u00f3w. Deski z kolei umieszczane by\u0107 mog\u0105 na regale w pozycji wertykalnej przy pomocy specjalnych plastikowych grzebieni.<br \/>\nNa targowym stoisku QBL dowiedzia\u0142em si\u0119 te\u017c, \u017ce na razie produkty ustro\u0144skiej firmy (a s\u0105 w\u015br\u00f3d nich r\u00f3wnie\u017c rega\u0142y do suszenia but\u00f3w narciarskich i snowboardowych oraz szafki na sprz\u0119t i odzie\u017c) sprzedawane by\u0142y g\u0142\u00f3wnie do wypo\u017cyczalni w o\u015brodkach zimowych Rosji, Ukrainy, Czech, S\u0142owacji oraz naturalnie Polski. Teraz QBL szuka dystrybutor\u00f3w w krajach alpejskich.<br \/>\nAle osi\u0105gn\u0105\u0107 pozycj\u0119 przynajmniej por\u00f3wnywaln\u0105 do tej, jak\u0105 ma drugi polski laureat, czyli bielska Nobile (pisa\u0142em o niej w nocie <a href=\"http:\/\/narty.blog.polityka.pl\/2014\/02\/10\/polacy-pierwszy-raz-docenieni-na-ispo\/\" target=\"_blank\">&#8222;Polacy pierwsi raz docenieni&#8221;<\/a>, 10 lutego b.r.), mo\u017ce by\u0107 bardzo trudno.<\/p>\n","protected":false},"excerpt":{"rendered":"<p>Rega\u0142 do przechowywania nart, snowboard\u00f3w i kij\u00f3w to drugi z polskich produkt\u00f3w wyr\u00f3\u017cnionych podczas niedawnych targ\u00f3w sprz\u0119tu zimowego ISPO \u2013 najwi\u0119kszej takiej imprezy na \u015bwiecie. Powstaje w fabryczce firmy QBL w beskidzkim Ustroniu.<\/p>\n","protected":false},"author":1,"featured_media":0,"comment_status":"open","ping_status":"closed","sticky":false,"template":"","format":"standard","meta":{"footnotes":""},"categories":[1],"tags":[],"_links":{"self":[{"href":"https:\/\/blog.polityka.pl\/narty\/wp-json\/wp\/v2\/posts\/2472"}],"collection":[{"href":"https:\/\/blog.polityka.pl\/narty\/wp-json\/wp\/v2\/posts"}],"about":[{"href":"https:\/\/blog.polityka.pl\/narty\/wp-json\/wp\/v2\/types\/post"}],"author":[{"embeddable":true,"href":"https:\/\/blog.polityka.pl\/narty\/wp-json\/wp\/v2\/users\/1"}],"replies":[{"embeddable":true,"href":"https:\/\/blog.polityka.pl\/narty\/wp-json\/wp\/v2\/comments?post=2472"}],"version-history":[{"count":3,"href":"https:\/\/blog.polityka.pl\/narty\/wp-json\/wp\/v2\/posts\/2472\/revisions"}],"predecessor-version":[{"id":2474,"href":"https:\/\/blog.polityka.pl\/narty\/wp-json\/wp\/v2\/posts\/2472\/revisions\/2474"}],"wp:attachment":[{"href":"https:\/\/blog.polityka.pl\/narty\/wp-json\/wp\/v2\/media?parent=2472"}],"wp:term":[{"taxonomy":"category","embeddable":true,"href":"https:\/\/blog.polityka.pl\/narty\/wp-json\/wp\/v2\/categories?post=2472"},{"taxonomy":"post_tag","embeddable":true,"href":"https:\/\/blog.polityka.pl\/narty\/wp-json\/wp\/v2\/tags?post=2472"}],"curies":[{"name":"wp","href":"https:\/\/api.w.org\/{rel}","templated":true}]}}