
{"id":2480,"date":"2014-02-20T11:05:53","date_gmt":"2014-02-20T10:05:53","guid":{"rendered":"http:\/\/narty.blog.polityka.pl\/?p=2480"},"modified":"2014-02-20T11:06:45","modified_gmt":"2014-02-20T10:06:45","slug":"check-point-tatry","status":"publish","type":"post","link":"https:\/\/blog.polityka.pl\/narty\/2014\/02\/20\/check-point-tatry\/","title":{"rendered":"Check point Tatry"},"content":{"rendered":"<p>Ju\u017c w dw\u00f3ch miejscach polskich Tatr mo\u017cna samodzielnie sprawdzi\u0107 poprawno\u015b\u0107 dzia\u0142ania swojego detektora lawinowego. Po Ku\u017aniach kolejny taki check point uruchomiono w\u0142a\u015bnie na Hali G\u0105sienicowej (niedaleko schroniska Murowaniec). To element prowadzonej ju\u017c od trzech lat przez TOPR i Tatrza\u0144ski Park Narodowy akcji \u201eLawinowe ABC\u201d.<\/p>\n<p><a href=\"\/wp-content\/uploads\/\/2014\/02\/CHeck-point-P1080135.jpg\"><img loading=\"lazy\" decoding=\"async\" class=\"alignnone size-medium wp-image-2482\" title=\"CHeck point P1080135\" src=\"\/wp-content\/uploads\/\/2014\/02\/CHeck-point-P1080135-225x300.jpg\" alt=\"\" width=\"225\" height=\"300\" srcset=\"\/narty\/wp-content\/uploads\/2014\/02\/CHeck-point-P1080135-225x300.jpg 225w, \/narty\/wp-content\/uploads\/2014\/02\/CHeck-point-P1080135-768x1024.jpg 768w, \/narty\/wp-content\/uploads\/2014\/02\/CHeck-point-P1080135.jpg 900w\" sizes=\"(max-width: 225px) 100vw, 225px\" \/><\/a><br \/>\n<!--more-->Ma ona s\u0142u\u017cy\u0107 przekazaniu turystom i narciarzom wiedzy o przyczynach powstawania lawin, systemach ostrzegawczych, zasadach zachowania si\u0119 w terenie oraz prowadzenia akcji ratowniczej w razie zej\u015bcia \u015bniegu.<\/p>\n<p>Jedna z regu\u0142 dotyczy posiadania przez ka\u017cdego z uczestnik\u00f3w zimowych wypraw w g\u00f3ry zestawu lawinowego w postaci \u0142opaty, sondy oraz w\u0142a\u015bnie detektora lawinowego (zwanego potocznie piepsem), kt\u00f3ry mo\u017ce przyspieszy\u0107 odnalezienie zasypanego pod \u015bniegiem. Wychodz\u0105c w teren \u2013 czy to na wycieczk\u0119 piesz\u0105, czy te\u017c narciarsk\u0105 wypraw\u0119 pozatrasow\u0105 \u2013 powinno si\u0119 w\u0142\u0105czy\u0107 detektor lawinowy i sprawdzi\u0107 prawid\u0142owo\u015b\u0107 jego dzia\u0142ania zar\u00f3wno w trybie nadawania (wysy\u0142ania sygna\u0142u), jak odbioru (tryb poszukiwania).<\/p>\n<p>Check point pozwala na szybkie i \u0142atwe ustalenie, czy pieps faktycznie wysy\u0142a sygna\u0142. Wystarczy zbli\u017cy\u0107 sw\u00f3j detektor w\u0142\u0105czony na funkcj\u0119 \u201esend\u201d (nadawanie) do tablicy kontrolnej, a urz\u0105dzenie poka\u017ce, czy pracuje on w\u0142a\u015bciwie (zapala si\u0119 wtedy zielone \u015bwiat\u0142o).<\/p>\n<p>Szczeg\u00f3\u0142owo pisa\u0142em tu o tym &#8211; podobnie jak o piepsach &#8211; przed rokiem, anonsuj\u0105c uruchomienie pierwszego w Polskce check pointu (<a href=\"http:\/\/narty.blog.polityka.pl\/2012\/12\/18\/w-tatrach-jak-w-alpach%e2%80%a6\" target=\"_blank\">\u201eW Tatrach jak  w Alpach\u201d<\/a>, 18 grudnia 2012 r.).<\/p>\n<p>Organizatorzy akcji podkre\u015blaj\u0105 jednak stale, \u017ce posiadanie nawet sprawnego sprz\u0119tu lawinowego nie gwarantuje bezpiecze\u0144stwa w g\u00f3rach. Wa\u017cna jest przede wszystkim wiedza i do\u015bwiadczenie, szacunek dla natury i rozs\u0105dek podczas zimowych wypraw oraz sta\u0142e doskonalenie umiej\u0119tno\u015bci prowadzenia ewentualnej akcji ratowniczej i udzielanie pierwszej pomocy.<\/p>\n<p>Oba zamontowane w Tatrach check pointy przekaza\u0142a na potrzeby akcji firma Pieps, jeden z czo\u0142owych producent\u00f3w sprz\u0119tu lawinowego w \u015bwiecie. Partnerami \u201eLawinowego ABC\u201d s\u0105 tak\u017ce: PZU, firma Mammut, Polskie Stowarzyszenie Przewodnik\u00f3w Wysokog\u00f3rskich, Fundacja Ratownictwa Tatrza\u0144skiego TOPR oraz zakopia\u0144ski Urz\u0105d Miasta.<\/p>\n<p>Pr\u00f3cz uruchomienia check point\u00f3w w jej ramach m.in. wydano tak\u017ce ksi\u0105\u017ck\u0119 \u201eLawiny\u201e. W planach jest uruchomienie centrum treningowego na Kalat\u00f3wkach.<\/p>\n","protected":false},"excerpt":{"rendered":"<p>Ju\u017c w dw\u00f3ch miejscach polskich Tatr mo\u017cna samodzielnie sprawdzi\u0107 poprawno\u015b\u0107 dzia\u0142ania swojego detektora lawinowego. Po Ku\u017aniach kolejny taki check point uruchomiono w\u0142a\u015bnie na Hali G\u0105sienicowej (niedaleko schroniska Murowaniec). To element prowadzonej ju\u017c od trzech lat przez TOPR i Tatrza\u0144ski Park Narodowy akcji \u201eLawinowe ABC\u201d.<\/p>\n","protected":false},"author":1,"featured_media":0,"comment_status":"open","ping_status":"closed","sticky":false,"template":"","format":"standard","meta":{"footnotes":""},"categories":[1],"tags":[],"_links":{"self":[{"href":"https:\/\/blog.polityka.pl\/narty\/wp-json\/wp\/v2\/posts\/2480"}],"collection":[{"href":"https:\/\/blog.polityka.pl\/narty\/wp-json\/wp\/v2\/posts"}],"about":[{"href":"https:\/\/blog.polityka.pl\/narty\/wp-json\/wp\/v2\/types\/post"}],"author":[{"embeddable":true,"href":"https:\/\/blog.polityka.pl\/narty\/wp-json\/wp\/v2\/users\/1"}],"replies":[{"embeddable":true,"href":"https:\/\/blog.polityka.pl\/narty\/wp-json\/wp\/v2\/comments?post=2480"}],"version-history":[{"count":2,"href":"https:\/\/blog.polityka.pl\/narty\/wp-json\/wp\/v2\/posts\/2480\/revisions"}],"predecessor-version":[{"id":2483,"href":"https:\/\/blog.polityka.pl\/narty\/wp-json\/wp\/v2\/posts\/2480\/revisions\/2483"}],"wp:attachment":[{"href":"https:\/\/blog.polityka.pl\/narty\/wp-json\/wp\/v2\/media?parent=2480"}],"wp:term":[{"taxonomy":"category","embeddable":true,"href":"https:\/\/blog.polityka.pl\/narty\/wp-json\/wp\/v2\/categories?post=2480"},{"taxonomy":"post_tag","embeddable":true,"href":"https:\/\/blog.polityka.pl\/narty\/wp-json\/wp\/v2\/tags?post=2480"}],"curies":[{"name":"wp","href":"https:\/\/api.w.org\/{rel}","templated":true}]}}