
{"id":2490,"date":"2014-02-24T17:55:01","date_gmt":"2014-02-24T16:55:01","guid":{"rendered":"http:\/\/narty.blog.polityka.pl\/?p=2490"},"modified":"2014-02-24T17:55:01","modified_gmt":"2014-02-24T16:55:01","slug":"po-olimpiadzie-bez-olimpiady","status":"publish","type":"post","link":"https:\/\/blog.polityka.pl\/narty\/2014\/02\/24\/po-olimpiadzie-bez-olimpiady\/","title":{"rendered":"Po olimpiadzie: bez olimpiady!"},"content":{"rendered":"<p>Jest tak, jak mo\u017cna si\u0119 by\u0142o spodziewa\u0107: medale zdobyte na igrzyskach w Soczi zaczynaj\u0105 s\u0142u\u017cy\u0107 jako argument na rzecz stara\u0144 o organizacj\u0119 zawod\u00f3w olimpijskich w Krakowie. Tymczasem sensowniej by\u0142oby wykorzysta\u0107 zwyci\u0119stwa sportowc\u00f3w do popularyzacji dyscyplin zimowych i zmian w systemie szkolenia m\u0142odzie\u017cy.<br \/>\n<!--more-->Niekt\u00f3rzy komentatorzy (i politycy oczywi\u015bcie) piej\u0105 z dumy: sukcesy Justyny Kowalczyk, Kamila Stocha oraz \u0142y\u017cwiarek i \u0142y\u017cwiarzy szybkich maj\u0105 by\u0107 dowodem na to, \u017ce Polska w sportach zimowych jest pot\u0119g\u0105. Sam premier (nie licz\u0105c senatora \u2013 dzia\u0142acza Persona oraz paru dziennikarzy) uzna\u0142, \u017ce teraz to ju\u017c na pewno trzeba zawalczy\u0107 o status gospodarza igrzysk 2022 r.<\/p>\n<p>Wygl\u0105da na to, \u017ce w atmosferze narodowego triumfu (czy raczej triumfalizmu) niewa\u017cne oka\u017c\u0105 si\u0119: wci\u0105\u017c kiepskie skomunikowanie Krakowa z g\u00f3rami, niedostatek obiekt\u00f3w sportowych w Ma\u0142opolsce (a i na \u015al\u0105sku, gdzie planuje si\u0119 rozgrywa\u0107 mecze pono\u0107 hokeja), koszmarny stan Zakopanego, niestabilne warunki pogodowe w Tatrach, kwestia \u017ar\u00f3de\u0142 finansowania tak wielkiej imprezy oraz p\u00f3\u017aniejszego wykorzystania ewentualnie powsta\u0142ej na jej potrzeby infrastruktury itd. itp.<\/p>\n<p>Wygl\u0105da te\u017c na to, \u017ce rzeczywiste sukcesy w kilku dyscyplinach pozwol\u0105 zamie\u015b\u0107 pod sukno pytanie o totaln\u0105 pora\u017ck\u0119 w pozosta\u0142ych \u2013 cho\u0107by w narciarstwie alpejskim. Oczywi\u015bcie ma\u0142o kto \u0142udzi\u0142 si\u0119, \u017ce polscy alpejczycy mog\u0105 pokusi\u0107 si\u0119 o czo\u0142owe miejsca, lecz to, co zaprezentowali w Soczi jest \u017cenad\u0105. Zw\u0142aszcza, je\u015bli przypomnie\u0107, \u017ce uprawianie narciarstwa zjazdowego deklaruje ok. 4 miliony rodak\u00f3w, z czego wielu od dzieci\u0144stwa ma ju\u017c szans\u0119 i szcz\u0119\u015bcie je\u017adzi\u0107 w Alpach.<\/p>\n<p>To, \u017ce ten imponuj\u0105cy odsetek kochaj\u0105cej narty populacji nie przek\u0142ada si\u0119 na wyniki sportowe, musi wynika\u0107 z wadliwego systemu szkolenia najzdolniejszych. Faktycznie: od lat (czytaj: od tzw. ma\u0142yszomanii) Polski Zwi\u0105zek Narciarski za dyscyplin\u0119 nr 1 uzna\u0142 skoki \u2013 cho\u0107 z oczywistych wzgl\u0119d\u00f3w trudno z nich uczyni\u0107 sport masowy. Swoje robi\u0105 uk\u0142ady personalne (prezes Tajner), sponsorskie, a nawet wzgl\u0119dy polityczno-propagandowe (bia\u0142o-czerwony festyn na Krokwi dobrze wygl\u0105da w tv). Za wyborem tym posz\u0142y pieni\u0105dze \u2013 oraz rezultaty: w skokach uda\u0142o si\u0119 stworzy\u0107 skuteczny system szkolenia, a w ko\u0144cu siln\u0105 kadr\u0119.<\/p>\n<p>Na alpejczyk\u00f3w te\u017c id\u0105 pieni\u0105dze \u2013 tyle \u017ce wydawane s\u0105 one chaotycznie i, jak si\u0119 zdaje, po uwa\u017caniu. W narciarskiej bran\u017cy od dawna padaj\u0105 przyk\u0142ady faworyzowania niekt\u00f3rych zawodnik\u00f3w \u2013 tak\u017ce tych, kt\u00f3rzy mimo stworzenia im sprzyjaj\u0105cych warunk\u00f3w do treningu i rozwoju, nie potrafi\u0105 jako\u015b poprawia\u0107 swych wynik\u00f3w.<\/p>\n<p>Nadziej\u0105 rodzimego narciarstwa alpejskiego mia\u0142 by\u0107 \u2013 prywatny w sumie! \u2013 program Tauron-Bachleda Ski, lecz i w nim zmieni\u0142y si\u0119 chyba ostatnio akcenty ze szkod\u0105 dla najm\u0142odszych spo\u015br\u00f3d obj\u0119tych szkoleniowym patronatem.<\/p>\n<p>Teraz para ma p\u00f3j\u015b\u0107 w starania o olimpiad\u0119 \u2013 czyli znowu w spektakularn\u0105 fasad\u0119 (co z tego, \u017ce raczej trudn\u0105 do urzeczywistnienia), a nie w stworzenie rzeczywi\u015bcie istotnego zaplecza w postaci rzeszy m\u0142odych ludzi trenuj\u0105cych zimowe sporty.<\/p>\n","protected":false},"excerpt":{"rendered":"<p>Jest tak, jak mo\u017cna si\u0119 by\u0142o spodziewa\u0107: medale zdobyte na igrzyskach w Soczi zaczynaj\u0105 s\u0142u\u017cy\u0107 jako argument na rzecz stara\u0144 o organizacj\u0119 zawod\u00f3w olimpijskich w Krakowie. Tymczasem sensowniej by\u0142oby wykorzysta\u0107 zwyci\u0119stwa sportowc\u00f3w do popularyzacji dyscyplin zimowych i zmian w systemie szkolenia m\u0142odzie\u017cy.<\/p>\n","protected":false},"author":1,"featured_media":0,"comment_status":"open","ping_status":"closed","sticky":false,"template":"","format":"standard","meta":{"footnotes":""},"categories":[1],"tags":[],"_links":{"self":[{"href":"https:\/\/blog.polityka.pl\/narty\/wp-json\/wp\/v2\/posts\/2490"}],"collection":[{"href":"https:\/\/blog.polityka.pl\/narty\/wp-json\/wp\/v2\/posts"}],"about":[{"href":"https:\/\/blog.polityka.pl\/narty\/wp-json\/wp\/v2\/types\/post"}],"author":[{"embeddable":true,"href":"https:\/\/blog.polityka.pl\/narty\/wp-json\/wp\/v2\/users\/1"}],"replies":[{"embeddable":true,"href":"https:\/\/blog.polityka.pl\/narty\/wp-json\/wp\/v2\/comments?post=2490"}],"version-history":[{"count":1,"href":"https:\/\/blog.polityka.pl\/narty\/wp-json\/wp\/v2\/posts\/2490\/revisions"}],"predecessor-version":[{"id":2491,"href":"https:\/\/blog.polityka.pl\/narty\/wp-json\/wp\/v2\/posts\/2490\/revisions\/2491"}],"wp:attachment":[{"href":"https:\/\/blog.polityka.pl\/narty\/wp-json\/wp\/v2\/media?parent=2490"}],"wp:term":[{"taxonomy":"category","embeddable":true,"href":"https:\/\/blog.polityka.pl\/narty\/wp-json\/wp\/v2\/categories?post=2490"},{"taxonomy":"post_tag","embeddable":true,"href":"https:\/\/blog.polityka.pl\/narty\/wp-json\/wp\/v2\/tags?post=2490"}],"curies":[{"name":"wp","href":"https:\/\/api.w.org\/{rel}","templated":true}]}}