
{"id":2501,"date":"2014-03-06T07:24:08","date_gmt":"2014-03-06T06:24:08","guid":{"rendered":"http:\/\/narty.blog.polityka.pl\/?p=2501"},"modified":"2014-03-06T07:26:11","modified_gmt":"2014-03-06T06:26:11","slug":"kask-na-tyczki","status":"publish","type":"post","link":"https:\/\/blog.polityka.pl\/narty\/2014\/03\/06\/kask-na-tyczki\/","title":{"rendered":"Kask na tyczki"},"content":{"rendered":"<p>Znana z innowacji szwedzka firma POC lansuje kask narciarski, kt\u00f3ry chroni\u0107 ma g\u0142ow\u0119 narciarza nie tylko w razie upadku, ale i podczas uderzenia g\u0142ow\u0105 w slalomowe tyczki.<\/p>\n<p><a href=\"\/wp-content\/uploads\/\/2014\/03\/skull_orbic_comp_krypton_blue-m.png\"><img loading=\"lazy\" decoding=\"async\" class=\"alignnone size-medium wp-image-2504\" title=\"skull_orbic_comp_krypton_blue m\" src=\"\/wp-content\/uploads\/\/2014\/03\/skull_orbic_comp_krypton_blue-m-300x300.png\" alt=\"\" width=\"300\" height=\"300\" srcset=\"\/narty\/wp-content\/uploads\/2014\/03\/skull_orbic_comp_krypton_blue-m-300x300.png 300w, \/narty\/wp-content\/uploads\/2014\/03\/skull_orbic_comp_krypton_blue-m-150x150.png 150w, \/narty\/wp-content\/uploads\/2014\/03\/skull_orbic_comp_krypton_blue-m.png 625w\" sizes=\"(max-width: 300px) 100vw, 300px\" \/><\/a><em>POC Skull Orbic Comp<\/em><\/p>\n<p><!--more-->By\u0107 mo\u017ce kierunek jest zasadny, bo model POC Skull Orbic Comp zosta\u0142 nagrodzony przez jury powa\u017canych w bran\u017cy monachijskich targ\u00f3w sprz\u0119tu sportowego ISPO 2014.<\/p>\n<p>Obserwuj\u0105c narciarzy przy pomocy kamer szybkoobrotowych, fachowcy z POC zauwa\u017cyli, \u017ce niekt\u00f3rzy zawodnicy jad\u0105c slalom atakuj\u0105 bramki\u2026 g\u0142ow\u0105, a dok\u0142adnie kaskiem, kt\u00f3rego u\u017cywaj\u0105 do odchylenia tyczek w celu skr\u00f3cenia linii zjazdu. Z kolei analizy kask\u00f3w u\u017cywanych przez zawodnik\u00f3w wykaza\u0142y, \u017ce s\u0105 one bardziej zu\u017cyte w przedniej cz\u0119\u015bci, co powodowane jest w\u0142a\u015bnie powtarzaj\u0105cymi si\u0119 uderzeniami w tyczki.<\/p>\n<p>In\u017cynierowie POC poprosili o konsultacj\u0119 Richarda M. Greenwalda ameryka\u0144skiego specjalist\u0119 od biomedycyny i biomechaniki ortopedycznej. \u201eNasze badania wykaza\u0142y powtarzaj\u0105ce si\u0119 uderzenia oraz oddzia\u0142ywania si\u0142 dochodz\u0105cych do 70 G, co jest r\u00f3wne sile dw\u00f3ch ameryka\u0144skich pi\u0142karzy uderzaj\u0105cych si\u0119 kaskami podczas biegu z pe\u0142n\u0105 pr\u0119dko\u015bci\u0105. Ten wynik nas zaskoczy\u0142, a Richard M. Greenwald zasugerowa\u0142, by opracowa\u0107 technologi\u0119 bezpieczniejszych kask\u00f3w\u201d \u2013 tak Stefan Ytterborn , za\u0142o\u017cyciel POC, odpowiada dziennikarzom na pytanie o pocz\u0105tki prac nad nowym zawodniczym kaskiem.<\/p>\n<p>Znaczenie mia\u0142o i to, \u017ce w sezonie 2013\/14 Mi\u0119dzynarodowa Federacja Narciarska FIS og\u0142osi\u0142a ostrzejsze zasady tycz\u0105ce kask\u00f3w dla zawodnik\u00f3w biegu zjazdowego, super giganta i giganta Pucharu \u015awiata i Pucharu Kontynentalnego. Chodzi\u0142o o popraw\u0119 bezpiecze\u0144stwa, a nowe standardy mia\u0142y obowi\u0105zywa\u0107 od otwarcia Pucharu \u015awiata 2013 w austriackim S\u00f6lden.<\/p>\n<p>I faktycznie, to tam POC zaprezentowa\u0142\u00a0 sw\u00f3j najnowszy kask \u2013 model Skull Orbic Comp.<\/p>\n<p>W pracach nad nim wzi\u0119li te\u017c udzia\u0142 naukowcy ze szwedzkiego Centrum Bada\u0144 Sport\u00f3w Zimowych oraz Mid Sweden University. Testowali\u00a0 oni m.in. wydajno\u015bci r\u00f3\u017cnych materia\u0142\u00f3w i pow\u0142ok.<\/p>\n<p>W efekcie firma chwali si\u0119, \u017ce stworzy\u0142a kask, kt\u00f3ry \u201edzi\u0119ki zastosowaniu innowacyjnych materia\u0142\u00f3w i rozwi\u0105za\u0144 (\u2026) spe\u0142nia najwy\u017csze wymagania bezpiecze\u0144stwa podczas osi\u0105gania bardzo du\u017cych pr\u0119dko\u015bci oraz gwa\u0142townych, wielokrotnych uderze\u0144\u201d, a tym samym \u201eprzesuwa granice bezpiecze\u0144stwa na nowy poziom\u201d i \u201ewyznacza nowe trendy w ochronie\u201d.<\/p>\n<p>Istot\u0105 Skull Orbic Comp jest (opatentowany) panel \u2013 tzw. deflektor VPD 2,0. Umieszczony w cz\u0119\u015bci czo\u0142owej kasku, zmniejsza poziom przesy\u0142anej energii przy uderzeniu w bramk\u0119 nawet o po\u0142ow\u0119 w por\u00f3wnaniu do kask\u00f3w dot\u0105d u\u017cywanych przez czo\u0142\u00f3wk\u0119 Pucharu \u015awiata. Panel VPD 2.0 chroni nadto dodatkowo wn\u0119trze kasku podczas wypadku.<\/p>\n<p>Czas poka\u017ce, na ile rozwi\u0105zania dla zawodowc\u00f3w oka\u017c\u0105 si\u0119 przydatne tak\u017ce dla narciarzy-amator\u00f3w. Kilka razy si\u0119 to wszak zdarzy\u0142o.<\/p>\n","protected":false},"excerpt":{"rendered":"<p>Znana z innowacji szwedzka firma POC lansuje kask narciarski, kt\u00f3ry chroni\u0107 ma g\u0142ow\u0119 narciarza nie tylko w razie upadku, ale i podczas uderzenia g\u0142ow\u0105 w slalomowe tyczki. POC Skull Orbic Comp<\/p>\n","protected":false},"author":1,"featured_media":0,"comment_status":"open","ping_status":"closed","sticky":false,"template":"","format":"standard","meta":{"footnotes":""},"categories":[1],"tags":[],"_links":{"self":[{"href":"https:\/\/blog.polityka.pl\/narty\/wp-json\/wp\/v2\/posts\/2501"}],"collection":[{"href":"https:\/\/blog.polityka.pl\/narty\/wp-json\/wp\/v2\/posts"}],"about":[{"href":"https:\/\/blog.polityka.pl\/narty\/wp-json\/wp\/v2\/types\/post"}],"author":[{"embeddable":true,"href":"https:\/\/blog.polityka.pl\/narty\/wp-json\/wp\/v2\/users\/1"}],"replies":[{"embeddable":true,"href":"https:\/\/blog.polityka.pl\/narty\/wp-json\/wp\/v2\/comments?post=2501"}],"version-history":[{"count":4,"href":"https:\/\/blog.polityka.pl\/narty\/wp-json\/wp\/v2\/posts\/2501\/revisions"}],"predecessor-version":[{"id":2506,"href":"https:\/\/blog.polityka.pl\/narty\/wp-json\/wp\/v2\/posts\/2501\/revisions\/2506"}],"wp:attachment":[{"href":"https:\/\/blog.polityka.pl\/narty\/wp-json\/wp\/v2\/media?parent=2501"}],"wp:term":[{"taxonomy":"category","embeddable":true,"href":"https:\/\/blog.polityka.pl\/narty\/wp-json\/wp\/v2\/categories?post=2501"},{"taxonomy":"post_tag","embeddable":true,"href":"https:\/\/blog.polityka.pl\/narty\/wp-json\/wp\/v2\/tags?post=2501"}],"curies":[{"name":"wp","href":"https:\/\/api.w.org\/{rel}","templated":true}]}}