
{"id":2507,"date":"2014-03-07T18:24:31","date_gmt":"2014-03-07T17:24:31","guid":{"rendered":"http:\/\/narty.blog.polityka.pl\/?p=2507"},"modified":"2014-03-11T16:17:02","modified_gmt":"2014-03-11T15:17:02","slug":"jest-jeszcze-na-swiecie-snieg","status":"publish","type":"post","link":"https:\/\/blog.polityka.pl\/narty\/2014\/03\/07\/jest-jeszcze-na-swiecie-snieg\/","title":{"rendered":"Jest jeszcze tej zimy na \u015bwiecie \u015bnieg!"},"content":{"rendered":"<p>Niekoniecznie na lodowcach i niedaleko od Polski. A na dodatek ma przyzwoit\u0105 jako\u015b\u0107!<\/p>\n<p><a href=\"\/wp-content\/uploads\/\/2014\/03\/022-m.jpg\"><img loading=\"lazy\" decoding=\"async\" class=\"alignnone size-medium wp-image-2525\" title=\"022 m\" src=\"\/wp-content\/uploads\/\/2014\/03\/022-m-300x225.jpg\" alt=\"\" width=\"300\" height=\"225\" srcset=\"\/narty\/wp-content\/uploads\/2014\/03\/022-m-300x225.jpg 300w, \/narty\/wp-content\/uploads\/2014\/03\/022-m.jpg 768w\" sizes=\"(max-width: 300px) 100vw, 300px\" \/><\/a> <em>Ski Centre Angertal w dolinie Gastein (Ziemia Salzburska)<\/em><\/p>\n<p><!--more-->Na pocz\u0105tku wszystko wygl\u0105da\u0142o tragicznie. Jak ka\u017ce nowy obyczaj, wieczorem przez wyjazdem na internetowej stronie stacji sprawdzi\u0142em sytuacj\u0119 pogodow\u0105. Na wykresie \u201eczynne trasy\u201d widnia\u0142a przera\u017caj\u0105ca cyfra \u201e0\u201d. Nieco si\u0119 zdziwi\u0142em, bo r\u00f3wnocze\u015bnie internet pokazywa\u0142, \u017ce \u015bnieg w regionie, do kt\u00f3rego mia\u0142em jecha\u0107 jednak jest \u2013 od wysoko\u015bci 1700 m n.p.m., ale w docelowym o\u015brodku wyci\u0105gi docieraj\u0105 na 2686 m n.p.m. Ale \u017ce podczas tej wariackiej zimy wszystko jest mo\u017cliwe, wi\u0119c rzuci\u0142em brzydkie s\u0142owo i zacz\u0105\u0142em si\u0119 zastanawia\u0107, co przez te kilka dni b\u0119d\u0119 tam robi\u0142 z moim nader aktywnym dziewi\u0119cioletnim Kub\u0105. Wyprawy na rakietach i wizyty w s\u0142ynnych tamtejszych termach mog\u0142y jednak nie skanalizowa\u0107 jego energii&#8230;<\/p>\n<p>Kiedy jednak w ko\u0144cu w czwartkowy wiecz\u00f3r dotarli\u015bmy do Gastein \u2013 bo to ten s\u0142ynny kurort w Ziemi Salzburskiej by\u0142 naszym celem \u2013 nadzieja zacz\u0119\u0142a wraca\u0107. Bo cho\u0107 w dolinie by\u0142o zielono, to na okolicznych zboczach wida\u0107 by\u0142o bowiem reflektory ratrak\u00f3w. A to musia\u0142o znaczy\u0107, \u017ce jednak jakie\u015b narty b\u0119d\u0105 mo\u017cliwe.<\/p>\n<p>W pi\u0105tek rano diagnoza si\u0119 sprawdzi\u0142a. Kiedy wje\u017cd\u017cali\u015bmy do doliny Anger, z ko\u0144ca kt\u00f3rej startuj\u0105 kolejki obszaru nazywanego Sportgastein, pojawi\u0142 si\u0119 ju\u017c \u015bnieg. A na tablicy informacyjnej przy dolnej stacji zobaczyli\u015bmy, \u017ce otwartych jest ponad 90 proc. tamtejszych tras.<\/p>\n<p>Ruszyli\u015bmy wi\u0119c w g\u00f3ry, a nasz przewodnik Hans Naglmayr \u2013 przedni znawca okolicy \u2013 od razu wyja\u015bni\u0142: to austriacka precyzja powoduje, i\u017c wieczorem, kiedy na trasach pracuj\u0105 ratraki i na nartostradach nie mo\u017cna je\u017adzi\u0107, internetowe systemy informacyjne pokazuj\u0105 cyfr\u0119 \u201e0\u201d, bo przecie\u017c w tym czasie s\u0105 one zamkni\u0119te\u2026<\/p>\n<p>Potem Hans wywi\u00f3z\u0142 nas na Stubnerkogel (2251 m n.p.m.), a w ko\u0144cu w okolice szczytu Schlossalm (2050 m n.p.m.). W obu miejscach warunki by\u0142y ca\u0142kiem przyzwoite. Ba, miejscami (w zale\u017cno\u015bci od ekspozycji) \u015bnieg by\u0142 doskona\u0142ej, jak na marzec feralnego narciarsko roku 2014, jako\u015bci.<\/p>\n<p>Przy okazji Hans opowiedzia\u0142 mas\u0119 fascynuj\u0105cych historii o swoim regionie, b\u0119dzie zatem o czym pisa\u0107.<\/p>\n<p>PS. Niestety, nie wiedzie\u0107 czemu (a raczej wiedzie\u0107: z powodu ignorancji technologicznej potencjalnego autora) niezbyt wysz\u0142y mi zdj\u0119cia, kt\u00f3re pr\u00f3bowa\u0142em robi\u0107 podczas przerw w zjazdach. Mo\u017ce lepiej b\u0119dzie w nast\u0119pnych dniach&#8230;<\/p>\n","protected":false},"excerpt":{"rendered":"<p>Niekoniecznie na lodowcach i niedaleko od Polski. A na dodatek ma przyzwoit\u0105 jako\u015b\u0107! Ski Centre Angertal w dolinie Gastein (Ziemia Salzburska)<\/p>\n","protected":false},"author":1,"featured_media":0,"comment_status":"open","ping_status":"closed","sticky":false,"template":"","format":"standard","meta":{"footnotes":""},"categories":[1],"tags":[],"_links":{"self":[{"href":"https:\/\/blog.polityka.pl\/narty\/wp-json\/wp\/v2\/posts\/2507"}],"collection":[{"href":"https:\/\/blog.polityka.pl\/narty\/wp-json\/wp\/v2\/posts"}],"about":[{"href":"https:\/\/blog.polityka.pl\/narty\/wp-json\/wp\/v2\/types\/post"}],"author":[{"embeddable":true,"href":"https:\/\/blog.polityka.pl\/narty\/wp-json\/wp\/v2\/users\/1"}],"replies":[{"embeddable":true,"href":"https:\/\/blog.polityka.pl\/narty\/wp-json\/wp\/v2\/comments?post=2507"}],"version-history":[{"count":11,"href":"https:\/\/blog.polityka.pl\/narty\/wp-json\/wp\/v2\/posts\/2507\/revisions"}],"predecessor-version":[{"id":2526,"href":"https:\/\/blog.polityka.pl\/narty\/wp-json\/wp\/v2\/posts\/2507\/revisions\/2526"}],"wp:attachment":[{"href":"https:\/\/blog.polityka.pl\/narty\/wp-json\/wp\/v2\/media?parent=2507"}],"wp:term":[{"taxonomy":"category","embeddable":true,"href":"https:\/\/blog.polityka.pl\/narty\/wp-json\/wp\/v2\/categories?post=2507"},{"taxonomy":"post_tag","embeddable":true,"href":"https:\/\/blog.polityka.pl\/narty\/wp-json\/wp\/v2\/tags?post=2507"}],"curies":[{"name":"wp","href":"https:\/\/api.w.org\/{rel}","templated":true}]}}