
{"id":2514,"date":"2014-03-10T15:16:51","date_gmt":"2014-03-10T14:16:51","guid":{"rendered":"http:\/\/narty.blog.polityka.pl\/?p=2514"},"modified":"2014-03-11T06:29:00","modified_gmt":"2014-03-11T05:29:00","slug":"na-rakietach-po-firnie-za-lisem","status":"publish","type":"post","link":"https:\/\/blog.polityka.pl\/narty\/2014\/03\/10\/na-rakietach-po-firnie-za-lisem\/","title":{"rendered":"Na rakietach po firnie za lisem"},"content":{"rendered":"<p>Taka wyprawa zawsze jest prze\u017cyciem dla dzieci, a mo\u017ce by\u0107 fascynuj\u0105ca i dla doros\u0142ych. Dzi\u0119ki rakietom \u015bnie\u017cnym mo\u017cna bez wi\u0119kszego wysi\u0142ku dotrze\u0107 w takie miejsca, do kt\u00f3rych trudno si\u0119 dosta\u0107 nawet na nartach turowych: dzikie, odludne, ciche, pi\u0119kne. Na zboczach Kreuzkogel na kra\u0144cu doliny Gastein mo\u017cna na dodatek tropi\u0107 w ten spos\u00f3b zwierz\u0119ta.<\/p>\n<p><a href=\"http:\/\/narty.blog.polityka.pl\/wp-content\/uploads\/\/2014\/03\/033-m.jpg\"><img loading=\"lazy\" decoding=\"async\" title=\"033 m\" src=\"http:\/\/narty.blog.polityka.pl\/wp-content\/uploads\/\/2014\/03\/033-m-225x300.jpg\" alt=\"\" width=\"225\" height=\"300\" \/><\/a> <em>Zbocza Kreuzkogel w Sportgastein<\/em><\/p>\n<p><!--more-->Sportgastein to najwy\u017cej po\u0142o\u017cony z obszar\u00f3w narciarskich salzburskiej doliny Gastein: Kreuzkogel, na stokach kt\u00f3rego si\u0119 rozci\u0105ga, ma 2686 m n.p.m. S\u0142ynie ze zmiennej pogody: bywa tam wietrznie, a temperatura jest zwykle kilka stopni ni\u017csza ni\u017c w okolicy (co w tym sezonie jest akurat wielkim atutem).<\/p>\n<p><a href=\"\/wp-content\/uploads\/\/2014\/03\/025-m.jpg\"><img loading=\"lazy\" decoding=\"async\" class=\"alignnone size-medium wp-image-2523\" title=\"025 m\" src=\"\/wp-content\/uploads\/\/2014\/03\/025-m-300x225.jpg\" alt=\"\" width=\"300\" height=\"225\" srcset=\"\/narty\/wp-content\/uploads\/2014\/03\/025-m-300x225.jpg 300w, \/narty\/wp-content\/uploads\/2014\/03\/025-m.jpg 640w\" sizes=\"(max-width: 300px) 100vw, 300px\" \/><\/a> <em>Dolna stacja gondoli na Kreuzkogel<\/em><\/p>\n<p>Jest tam ledwie jedna (za to nadzwyczaj d\u0142uga) kolej gondolowa i orczyk. Sportgastein uchodzi wi\u0119c g\u0142\u00f3wnie \u2013 zas\u0142u\u017cenie \u2013 za idealne miejsce do narciarstwa terenowego. Pr\u00f3cz kilku, ciekawych zreszt\u0105, tras, wyznaczono tam trzy warianty off route (zjazd\u00f3w po trasach oznaczonych i zabezpieczonych lawinowo, lecz nieprzygotowywanych przez ratraki).<\/p>\n<p>S\u0105 te\u017c rejony, kt\u00f3re mo\u017cna poznawa\u0107 na w\u0142asne ryzyko \u2013 ale najlepiej z przewodnikiem, bo wielka tablica na szczycie nie bez przyczyny ostrzega przed niebezpiecze\u0144stwem osuni\u0119cia si\u0119 w skaliste klify. Jak opowiada\u0142 Hans Naglmayr, przewodnik i pracownik Parku Narodowego Wysokich Taur\u00f3w (bo to w jego granicach le\u017cy cz\u0119\u015b\u0107 Gasteintal), ka\u017cdego sezonu s\u0142u\u017cby ratownicze przynajmniej kilkana\u015bcie razy s\u0105 wzywane do nierozs\u0105dnych narciarzy, kt\u00f3rzy zapu\u015bcili si\u0119 w tamten rejon a to bez przewodnika, a to nie bacz\u0105c na komunikaty o kiepskiej pogodzie (podawane s\u0105 na specjalnej tablicy informacyjnej na szczycie) \u2013 i utkn\u0119li w terenie. Sk\u0105din\u0105d akcja taka s\u0142ono delikwent\u00f3w kosztuje \u2013 I bardzo dobrze! \u2013 skomentowa\u0142 Hans.<\/p>\n<p><a href=\"\/wp-content\/uploads\/\/2014\/03\/029-m.jpg\"><img loading=\"lazy\" decoding=\"async\" class=\"alignnone size-medium wp-image-2517\" title=\"029 m\" src=\"\/wp-content\/uploads\/\/2014\/03\/029-m-225x300.jpg\" alt=\"\" width=\"225\" height=\"300\" srcset=\"\/narty\/wp-content\/uploads\/2014\/03\/029-m-225x300.jpg 225w, \/narty\/wp-content\/uploads\/2014\/03\/029-m.jpg 480w\" sizes=\"(max-width: 225px) 100vw, 225px\" \/><\/a><\/p>\n<p>Okolica jest te\u017c idealnym miejscem do wypraw na rakietach \u015bnie\u017cnych. Mo\u017cna na nich zapu\u015bci\u0107 si\u0119 tam, gdzie rzadko docieraj\u0105 nawet skiturowcy, a urozmaicony teren jest dodatkow\u0105 atrakcj\u0105 \u2013 i wyzwaniem. Co wa\u017cne: by maszerowa\u0107 na rakietach, nie trzeba uczy\u0107 si\u0119 \u017cadnej specjalnej techniki. Chodzi\u0107 wi\u0119c na nich mo\u017ce ka\u017cdy. Wystarczy pami\u0119ta\u0107, \u017ce nawet strome odcinki zar\u00f3wno w g\u00f3r\u0119, jak w d\u00f3\u0142 najlepiej pokonywa\u0107 w linii spadku stoku, bo wtedy rakiety najlepiej trzymaj\u0105 si\u0119 pod\u0142o\u017ca.<\/p>\n<p>Nam w miniony weekend trafi\u0142 si\u0119 pi\u0119kny wiosenny firn \u2013 tyle \u017ce ten najlepszy, pr\u00f3cz puchu, \u015bnieg do jazdy na nartach w przypadku rakiet ze wzgl\u0119du na sw\u0105 konsystencj\u0119 bywa, szczeg\u00f3lnie na stromiznach, zdradliwy.<\/p>\n<p><a href=\"\/wp-content\/uploads\/\/2014\/03\/040-m.jpg\"><img loading=\"lazy\" decoding=\"async\" class=\"alignnone size-medium wp-image-2519\" title=\"040 m\" src=\"\/wp-content\/uploads\/\/2014\/03\/040-m-225x300.jpg\" alt=\"\" width=\"225\" height=\"300\" srcset=\"\/narty\/wp-content\/uploads\/2014\/03\/040-m-225x300.jpg 225w, \/narty\/wp-content\/uploads\/2014\/03\/040-m.jpg 480w\" sizes=\"(max-width: 225px) 100vw, 225px\" \/><\/a><\/p>\n<p>Ale frajda by\u0142a tym wi\u0119ksza. Do\u015b\u0107 powiedzie\u0107, \u017ce m\u00f3j dziewi\u0119cioletni Kuba, cho\u0107 mia\u0142 rakiety na nogach pierwszy raz w \u017cyciu, radzi\u0142 sobie ca\u0142kiem sprawnie i by\u0142 rozgoryczony, \u017ce wyprawa trwa\u0142a tylko trzy godziny.<\/p>\n<p><a href=\"\/wp-content\/uploads\/\/2014\/03\/041-m.jpg\"><img loading=\"lazy\" decoding=\"async\" class=\"alignnone size-medium wp-image-2520\" title=\"041 m\" src=\"\/wp-content\/uploads\/\/2014\/03\/041-m-225x300.jpg\" alt=\"\" width=\"225\" height=\"300\" srcset=\"\/narty\/wp-content\/uploads\/2014\/03\/041-m-225x300.jpg 225w, \/narty\/wp-content\/uploads\/2014\/03\/041-m.jpg 480w\" sizes=\"(max-width: 225px) 100vw, 225px\" \/><\/a><\/p>\n<p>Osobn\u0105 atrakcj\u0105 by\u0142y za\u015b tropy zwierz\u0105t (m.in. lisa), kt\u00f3re wypatrywa\u0142 w\u015br\u00f3d drzew Hans.<\/p>\n<p>*<br \/>\nNieopodal dolnej stacji gondoli na Kreuzkogel przygotowane s\u0105 trasy dla narciarzy biegowych. A \u017ce to wysoko\u015b\u0107 1590 m n.p.m., wi\u0119c jako\u015b\u0107 \u015bniegu nawet p\u00f3\u017an\u0105 wiosn\u0105 jest przyzwoita. W sobot\u0119 w\u0142a\u015bnie tam rozgrywane by\u0142y zawody w rzadkiej konkurencji: wy\u015bcig na bieg\u00f3wkach ci\u0105gnionych na dodatek przez psy.<\/p>\n<p><a href=\"\/wp-content\/uploads\/\/2014\/03\/051-m.jpg\"><img loading=\"lazy\" decoding=\"async\" class=\"alignnone size-medium wp-image-2521\" title=\"051 m\" src=\"\/wp-content\/uploads\/\/2014\/03\/051-m-225x300.jpg\" alt=\"\" width=\"225\" height=\"300\" srcset=\"\/narty\/wp-content\/uploads\/2014\/03\/051-m-225x300.jpg 225w, \/narty\/wp-content\/uploads\/2014\/03\/051-m.jpg 480w\" sizes=\"(max-width: 225px) 100vw, 225px\" \/><\/a><\/p>\n<p>Narciarze i ich czworonogi na mecie wygl\u0105dali na r\u00f3wnie zm\u0119czonych, ale te\u017c r\u00f3wnie szcz\u0119\u015bliwych z takiej zabawy.<\/p>\n<p>*<br \/>\nDo Sportgastein z doliny mo\u017cna dojecha\u0107 skibusami b\u0105d\u017a autem (je\u017celi ma si\u0119 skipass, nie trzeba p\u0142aci\u0107 \u201ewjazdowego\u201d). Po drodze mija si\u0119 m.in. Muzeum G\u00f3rskie (warto si\u0119 zatrzyma\u0107 na zwiedzanie!) oraz Heilstollen \u2013 skalne sztolnie, kt\u00f3re dzi\u015b s\u0142u\u017c\u0105 do cel\u00f3w leczniczych z racji wysokiego st\u0119\u017cenia radonu oraz korzystnego pono\u0107 uk\u0142adu wilgotno\u015bci i temperatur w poszczeg\u00f3lnych komorach (od 27 do 41 stopni Celsjusza). Pobyt w sztolniach ma redukowa\u0107 dolegliwo\u015bci b\u00f3lowe, by\u0107 korzystny dla astmatyk\u00f3w i cierpi\u0105cych na choroby dr\u00f3g oddechowych czy sk\u00f3ry oraz wzmacnia\u0107 odporno\u015b\u0107.<br \/>\nA wszystko zacz\u0119\u0142o si\u0119 od\u2026 kopalni z\u0142ota. Ot\u00f3\u017c wy\u017csze partie doliny Gastein ju\u017c w XVI i XVII wieku s\u0142yn\u0119\u0142y jako (wedle niekt\u00f3rych wiod\u0105ce) miejsce wydobycia z\u0142ota i srebra. Kopaliny eksploatowano dzi\u0119ki szybom wykuwanym w wysokich g\u00f3rach (nawet powy\u017cej 1000 m od dna doliny) na g\u0142\u0119boko\u015b\u0107 si\u0119gaj\u0105c\u0105 400 m.<br \/>\nW latach 40. minionego stulecia g\u00f3rnicy pracuj\u0105cy w sztolniach na zboczach Radhausberg zauwa\u017cyli popraw\u0119 swojego stanu zdrowia i zwr\u00f3cili na to uwag\u0119 naukowcom z uniwersytetu w Innsbrucku. W 1946 roku w licz\u0105cym 2 km d\u0142ugo\u015bci tunelu Paselstollen rozpocz\u0119to systematyczne badania, kt\u00f3rych efektem by\u0142o og\u0142oszenie w 1952 roku danych o terapeutycznych walorach sztolni Gasteintal.<\/p>\n","protected":false},"excerpt":{"rendered":"<p>Taka wyprawa zawsze jest prze\u017cyciem dla dzieci, a mo\u017ce by\u0107 fascynuj\u0105ca i dla doros\u0142ych. Dzi\u0119ki rakietom \u015bnie\u017cnym mo\u017cna bez wi\u0119kszego wysi\u0142ku dotrze\u0107 w takie miejsca, do kt\u00f3rych trudno si\u0119 dosta\u0107 nawet na nartach turowych: dzikie, odludne, ciche, pi\u0119kne. Na zboczach Kreuzkogel na kra\u0144cu doliny Gastein mo\u017cna na dodatek tropi\u0107 w ten spos\u00f3b zwierz\u0119ta. Zbocza Kreuzkogel [&hellip;]<\/p>\n","protected":false},"author":1,"featured_media":0,"comment_status":"open","ping_status":"closed","sticky":false,"template":"","format":"standard","meta":{"footnotes":""},"categories":[1],"tags":[],"_links":{"self":[{"href":"https:\/\/blog.polityka.pl\/narty\/wp-json\/wp\/v2\/posts\/2514"}],"collection":[{"href":"https:\/\/blog.polityka.pl\/narty\/wp-json\/wp\/v2\/posts"}],"about":[{"href":"https:\/\/blog.polityka.pl\/narty\/wp-json\/wp\/v2\/types\/post"}],"author":[{"embeddable":true,"href":"https:\/\/blog.polityka.pl\/narty\/wp-json\/wp\/v2\/users\/1"}],"replies":[{"embeddable":true,"href":"https:\/\/blog.polityka.pl\/narty\/wp-json\/wp\/v2\/comments?post=2514"}],"version-history":[{"count":5,"href":"https:\/\/blog.polityka.pl\/narty\/wp-json\/wp\/v2\/posts\/2514\/revisions"}],"predecessor-version":[{"id":2518,"href":"https:\/\/blog.polityka.pl\/narty\/wp-json\/wp\/v2\/posts\/2514\/revisions\/2518"}],"wp:attachment":[{"href":"https:\/\/blog.polityka.pl\/narty\/wp-json\/wp\/v2\/media?parent=2514"}],"wp:term":[{"taxonomy":"category","embeddable":true,"href":"https:\/\/blog.polityka.pl\/narty\/wp-json\/wp\/v2\/categories?post=2514"},{"taxonomy":"post_tag","embeddable":true,"href":"https:\/\/blog.polityka.pl\/narty\/wp-json\/wp\/v2\/tags?post=2514"}],"curies":[{"name":"wp","href":"https:\/\/api.w.org\/{rel}","templated":true}]}}