
{"id":255,"date":"2010-03-15T00:10:33","date_gmt":"2010-03-14T23:10:33","guid":{"rendered":"http:\/\/narty.blog.polityka.pl\/?p=255"},"modified":"2010-03-19T18:27:52","modified_gmt":"2010-03-19T17:27:52","slug":"piekna-swieta-katarzyna","status":"publish","type":"post","link":"https:\/\/blog.polityka.pl\/narty\/2010\/03\/15\/piekna-swieta-katarzyna\/","title":{"rendered":"Pi\u0119kna \u015awi\u0119ta Katarzyna"},"content":{"rendered":"<p><a href=\"\/wp-content\/uploads\/\/2010\/03\/deborah1_022098ap.jpg\"><\/a><a href=\"\/wp-content\/uploads\/\/2010\/03\/santa-nihgtlocalita_paese02_p.jpg\"><\/a>Santa Caterina Valfurva mo\u017ce s\u0142u\u017cy\u0107 za przyk\u0142ad dobrze wykorzystanej szansy, jak\u0105 bywa rola gospodarza presti\u017cowych zawod\u00f3w sportowych. Ta le\u017c\u0105ca w Lombardii, niedaleko granicy w\u0142osko-szwajcarskiej i ceniona przez znawc\u00f3w stacja zimowa, w 2005 roku by\u0142a aren\u0105 Alpejskich Mistrzostw \u015awiata. Dzi\u0119ki nim nadzwyczaj si\u0119 rozwin\u0119\u0142a i unowocze\u015bni\u0142a, a r\u00f3wnocze\u015bnie potrafi\u0142a zachowa\u0107 sw\u00f3j kameralny charakter. Dlatego kiedy w sobot\u0119 zn\u00f3w tu po latach przyjecha\u0142em, mog\u0142em zachwyci\u0107 si\u0119 ni\u0105 na nowo.\u00a0<\/p>\n<p><a href=\"\/wp-content\/uploads\/\/2010\/03\/santa-nihgtlocalita_paese02_p.jpg\"><img loading=\"lazy\" decoding=\"async\" class=\"alignnone size-medium wp-image-257\" title=\"santa-nihgtlocalita_paese02_p\" src=\"\/wp-content\/uploads\/\/2010\/03\/santa-nihgtlocalita_paese02_p.jpg\" alt=\"\" width=\"180\" height=\"120\" \/><\/a>\u00a0<em>Santa Caterina 2010<\/em><\/p>\n<p>Ostatni raz by\u0142em tu w styczniu 2004 roku. Wioska przygotowywa\u0142a si\u0119 w\u0142a\u015bnie do Mistrzostw FIS \u2013 w nieodleg\u0142ym Bormio mia\u0142y by\u0107 rozegrane zjazdy i slalomy, tu za\u015b gigant kobiet. Wytyczano w\u0142a\u015bnie jego tras\u0119, nosz\u0105c\u0105 dzi\u015b imi\u0119 Deborah Compagnoni \u2013 pochodz\u0105cej st\u0105d s\u0142ynnej w\u0142oskiej alpejki, kt\u00f3ry przez lata rozs\u0142awia\u0142a swoj\u0105 miejscowo\u015b\u0107 i kraj. Trzy razy zdoby\u0142a olimpijskie z\u0142oto: w 1992 r. w Albertville w supergigancie, a nast\u0119pnie w Lillehammer i w Nagano \u2013 w gigancie. W Japonii wywalczy\u0142a te\u017c srebro w slalomie. Trzy razy by\u0142a mistrzyni\u0105 \u015bwiata: w Sierra Nevada w gigancie, a w Sestriere w gigancie i slalomie. A zawody Pucharu \u015awiata wygrywa\u0142a a\u017c 16 razy.<\/p>\n<p><a href=\"\/wp-content\/uploads\/\/2010\/03\/deborah1_022098ap.jpg\"><img loading=\"lazy\" decoding=\"async\" class=\"alignnone size-medium wp-image-256\" title=\"deborah1_022098ap\" src=\"\/wp-content\/uploads\/\/2010\/03\/deborah1_022098ap.jpg\" alt=\"\" width=\"180\" height=\"117\" \/><\/a>\u00a0<em>Deborah Compagnoni<\/em><\/p>\n<p>Dzi\u015b do rodu Compagnoni nale\u017cy kilka tutejszych hoteli i rezydencji oraz restauracji i sklep\u00f3w sportowych.<\/p>\n<p>Wtedy jednak Santa Caterina, cho\u0107 pi\u0119kna krajobrazowo i architektonicznie mog\u0142a uchodzi\u0107 najwy\u017cej za jedn\u0105 z wielu ma\u0142ych alpejskich stacyjek. Owszem, dzi\u0119ki po\u0142o\u017ceniu na ko\u0144cu doliny Alta Valtellina \u2013 mia\u0142a te\u017c specyficzny mikroklimat, dzi\u0119ki kt\u00f3remu \u015bnieg le\u017ca\u0142 tu wyj\u0105tkowo d\u0142ugo. Tak\u017ce ukszta\u0142towanie terenu wygl\u0105da\u0142o obiecuj\u0105co i ju\u017c wtedy kilka tras by\u0142o nader atrakcyjnych. Do\u015b\u0107 jednak powiedzie\u0107, \u017ce dzia\u0142a\u0142 ledwie jeden dwuosobowy wyci\u0105g krzese\u0142kowy oraz kilka orczyk\u00f3w.<\/p>\n<p>Dzi\u015b nie tylko infrastruktura jest znacznie lepsza, trasy szerokie (nawet te w, nielicznych zreszt\u0105, le\u015bnych przecinkach), a \u017ce s\u0105 wytyczone w wi\u0119kszo\u015bci powy\u017cej 2000 m n.p.m., wi\u0119c i jako\u015b\u0107 \u015bniegu jest zwykle doskona\u0142a.\u00a0\u00a0A na dodatek ceny s\u0105 tu nieco ni\u017csze ni\u017c gdzie indziej.<\/p>\n<p>O tym, jak rozkwit\u0142a Santa Catherina \u2013 wkr\u00f3tce.<\/p>\n","protected":false},"excerpt":{"rendered":"<p>Santa Caterina Valfurva mo\u017ce s\u0142u\u017cy\u0107 za przyk\u0142ad dobrze wykorzystanej szansy, jak\u0105 bywa rola gospodarza presti\u017cowych zawod\u00f3w sportowych. Ta le\u017c\u0105ca w Lombardii, niedaleko granicy w\u0142osko-szwajcarskiej i ceniona przez znawc\u00f3w stacja zimowa, w 2005 roku by\u0142a aren\u0105 Alpejskich Mistrzostw \u015awiata. Dzi\u0119ki nim nadzwyczaj si\u0119 rozwin\u0119\u0142a i unowocze\u015bni\u0142a, a r\u00f3wnocze\u015bnie potrafi\u0142a zachowa\u0107 sw\u00f3j kameralny charakter. Dlatego kiedy w [&hellip;]<\/p>\n","protected":false},"author":1,"featured_media":0,"comment_status":"open","ping_status":"open","sticky":false,"template":"","format":"standard","meta":{"footnotes":""},"categories":[1],"tags":[],"_links":{"self":[{"href":"https:\/\/blog.polityka.pl\/narty\/wp-json\/wp\/v2\/posts\/255"}],"collection":[{"href":"https:\/\/blog.polityka.pl\/narty\/wp-json\/wp\/v2\/posts"}],"about":[{"href":"https:\/\/blog.polityka.pl\/narty\/wp-json\/wp\/v2\/types\/post"}],"author":[{"embeddable":true,"href":"https:\/\/blog.polityka.pl\/narty\/wp-json\/wp\/v2\/users\/1"}],"replies":[{"embeddable":true,"href":"https:\/\/blog.polityka.pl\/narty\/wp-json\/wp\/v2\/comments?post=255"}],"version-history":[{"count":0,"href":"https:\/\/blog.polityka.pl\/narty\/wp-json\/wp\/v2\/posts\/255\/revisions"}],"wp:attachment":[{"href":"https:\/\/blog.polityka.pl\/narty\/wp-json\/wp\/v2\/media?parent=255"}],"wp:term":[{"taxonomy":"category","embeddable":true,"href":"https:\/\/blog.polityka.pl\/narty\/wp-json\/wp\/v2\/categories?post=255"},{"taxonomy":"post_tag","embeddable":true,"href":"https:\/\/blog.polityka.pl\/narty\/wp-json\/wp\/v2\/tags?post=255"}],"curies":[{"name":"wp","href":"https:\/\/api.w.org\/{rel}","templated":true}]}}