
{"id":2567,"date":"2014-03-26T07:26:53","date_gmt":"2014-03-26T06:26:53","guid":{"rendered":"http:\/\/narty.blog.polityka.pl\/?p=2567"},"modified":"2014-03-26T07:26:53","modified_gmt":"2014-03-26T06:26:53","slug":"najwyzej-polozona-trasa-zjazdowa-w-tatrach%e2%80%a6","status":"publish","type":"post","link":"https:\/\/blog.polityka.pl\/narty\/2014\/03\/26\/najwyzej-polozona-trasa-zjazdowa-w-tatrach%e2%80%a6\/","title":{"rendered":"Najwy\u017cej  po\u0142o\u017cona trasa zjazdowa w Tatrach\u2026"},"content":{"rendered":"<p>&#8230;zosta\u0142a w\u0142a\u015bnie otwarta na S\u0142owacji. Prowadzi po zboczach Tatrza\u0144skiej \u0141omnicy.<\/p>\n<p><a href=\"\/wp-content\/uploads\/\/2014\/03\/9fab3187dd.jpg\"><img loading=\"lazy\" decoding=\"async\" class=\"alignnone size-medium wp-image-2568\" title=\"9fab3187dd\" src=\"\/wp-content\/uploads\/\/2014\/03\/9fab3187dd-300x225.jpg\" alt=\"\" width=\"300\" height=\"225\" srcset=\"\/narty\/wp-content\/uploads\/2014\/03\/9fab3187dd-300x225.jpg 300w, \/narty\/wp-content\/uploads\/2014\/03\/9fab3187dd.jpg 1000w\" sizes=\"(max-width: 300px) 100vw, 300px\" \/><\/a> <em>G\u00f3rne partie Tatrza\u0144skiej \u0141omnicy<\/em><\/p>\n<p><!--more-->Pocz\u0105tek znajduje si\u0119 na wysoko\u015bci 2196 m n.p.m. w tzw. Siode\u0142ku \u0141omnicy i wiedzie przez \u0141omnicki Staw (Skalnat\u00e9 pleso) a\u017c do samego kurortu. (O samej stacji pisa\u0142em tu m.in. w nocie <a href=\"http:\/\/narty.blog.polityka.pl\/2011\/02\/01\/tatrzanska-lomnica-idzie-nowe-stare-jedzie\/\" target=\"_blank\">\u201eTatrza\u0144ska \u0141omnica: idzie nowe, stare jedzie\u201d<\/a>, 1 lutego 2011 r.). Nartostrada ma 5,5 km d\u0142ugo\u015bci i powsta\u0142a z po\u0142\u0105czenia kilku tras o r\u00f3\u017cnym stopniu trudno\u015bci: od czarnego przez czerwony po niebieski.<\/p>\n<p>Co najwa\u017cniejsze, po ostatnich opadach warunki w Wysokich Tatrach sta\u0142y si\u0119 pono\u0107 ca\u0142kiem przyzwoite, bo grubo\u015b\u0107 pokrywy \u015bnie\u017cnej si\u0119ga 80 cm. Aktualne warunki narciarskie na Tatrza\u0144skiej \u0141omnicy mo\u017cna \u015bledzi\u0107 na stronie internetowej <a href=\"http:\/\/www.webkamery.sk\/webkamera-live\/70-skalnate-pleso-tmr\" target=\"_blank\">Zive Kamery<\/a>.<\/p>\n","protected":false},"excerpt":{"rendered":"<p>&#8230;zosta\u0142a w\u0142a\u015bnie otwarta na S\u0142owacji. Prowadzi po zboczach Tatrza\u0144skiej \u0141omnicy. G\u00f3rne partie Tatrza\u0144skiej \u0141omnicy<\/p>\n","protected":false},"author":1,"featured_media":0,"comment_status":"open","ping_status":"closed","sticky":false,"template":"","format":"standard","meta":{"footnotes":""},"categories":[1],"tags":[],"_links":{"self":[{"href":"https:\/\/blog.polityka.pl\/narty\/wp-json\/wp\/v2\/posts\/2567"}],"collection":[{"href":"https:\/\/blog.polityka.pl\/narty\/wp-json\/wp\/v2\/posts"}],"about":[{"href":"https:\/\/blog.polityka.pl\/narty\/wp-json\/wp\/v2\/types\/post"}],"author":[{"embeddable":true,"href":"https:\/\/blog.polityka.pl\/narty\/wp-json\/wp\/v2\/users\/1"}],"replies":[{"embeddable":true,"href":"https:\/\/blog.polityka.pl\/narty\/wp-json\/wp\/v2\/comments?post=2567"}],"version-history":[{"count":1,"href":"https:\/\/blog.polityka.pl\/narty\/wp-json\/wp\/v2\/posts\/2567\/revisions"}],"predecessor-version":[{"id":2569,"href":"https:\/\/blog.polityka.pl\/narty\/wp-json\/wp\/v2\/posts\/2567\/revisions\/2569"}],"wp:attachment":[{"href":"https:\/\/blog.polityka.pl\/narty\/wp-json\/wp\/v2\/media?parent=2567"}],"wp:term":[{"taxonomy":"category","embeddable":true,"href":"https:\/\/blog.polityka.pl\/narty\/wp-json\/wp\/v2\/categories?post=2567"},{"taxonomy":"post_tag","embeddable":true,"href":"https:\/\/blog.polityka.pl\/narty\/wp-json\/wp\/v2\/tags?post=2567"}],"curies":[{"name":"wp","href":"https:\/\/api.w.org\/{rel}","templated":true}]}}