
{"id":2583,"date":"2014-04-15T12:36:40","date_gmt":"2014-04-15T10:36:40","guid":{"rendered":"http:\/\/narty.blog.polityka.pl\/?p=2583"},"modified":"2014-04-15T13:32:29","modified_gmt":"2014-04-15T11:32:29","slug":"norwegia-wydluza-sezon","status":"publish","type":"post","link":"https:\/\/blog.polityka.pl\/narty\/2014\/04\/15\/norwegia-wydluza-sezon\/","title":{"rendered":"Norwegia wyd\u0142u\u017ca sezon"},"content":{"rendered":"<p>W Alpach nawet na wi\u0119kszo\u015bci lodowc\u00f3w tegoroczny sezon potrwa najwy\u017cej do d\u0142ugiego weekendu. Tymczasem w norweskim Hemsedal \u015bniegu jest tej zimy tyle, \u017ce zarz\u0105dzaj\u0105cy stacj\u0105 postanowili, \u017ce wyci\u0105gi b\u0119d\u0105 czynne a\u017c do 11 maja. Je\u017adzi si\u0119 tam przednio, a przy odrobinie zapobiegliwo\u015bci niekoniecznie du\u017co dro\u017cej ni\u017c w innych g\u00f3rach Europy.<\/p>\n<p><a href=\"\/wp-content\/uploads\/\/2014\/04\/013m.jpg\"><img loading=\"lazy\" decoding=\"async\" class=\"alignnone size-medium wp-image-2584\" title=\"013m\" src=\"\/wp-content\/uploads\/\/2014\/04\/013m-300x225.jpg\" alt=\"\" width=\"300\" height=\"225\" srcset=\"\/narty\/wp-content\/uploads\/2014\/04\/013m-300x225.jpg 300w, \/narty\/wp-content\/uploads\/2014\/04\/013m.jpg 768w\" sizes=\"(max-width: 300px) 100vw, 300px\" \/><\/a> <em>Dolne partie Hemsedal Skisenter<\/em><\/p>\n<p><!--more-->W miniony wtorek w Hemsedal g\u0119sty \u015bnieg pada\u0142, na przyk\u0142ad, ca\u0142y dzie\u0144. A przecie\u017c stacja le\u017cy ledwie na 600 m n.p.m., za\u015b jej szczyty nie przekraczaj\u0105 1500 m wysoko\u015bci. R\u00f3wnocze\u015bnie jednak jest to 220 km (podr\u00f3\u017cy busem trwa trzy i p\u00f3\u0142 godziny \u2013 oczywi\u015bcie z uwzgl\u0119dnieniem norweskich ogranicze\u0144 pr\u0119dko\u015bci) na p\u00f3\u0142nocny-zach\u00f3d od Oslo.<\/p>\n<p>W efekcie pr\u00f3cz jazdy po trasach mo\u017cna by\u0142o szuka\u0107 frajdy poza nimi (cho\u0107 w obu miejscach pod koniec dnia \u015bnieg stawa\u0142 si\u0119 ju\u017c do\u015b\u0107 ci\u0119\u017cki).<\/p>\n<p>Miejscowi dowodz\u0105 zreszt\u0105, \u017ce \u2013 w przeciwie\u0144stwie do wi\u0119kszo\u015bci europejskich g\u00f3r \u2013 w Hemsedal ten sezon jest po wzgl\u0119dem opad\u00f3w nadzwyczajny (a przecie\u017c tak czy tak wyci\u0105gi otwierane s\u0105 tam 1 listopada, a zamykane po pierwszym majowym weekendzie). Wspominaj\u0105 zw\u0142aszcza prze\u0142om stycznia i lutego, gdzie nie do\u015b\u0107, \u017ce pada\u0142o dzie\u0144 w dzie\u0144, to jeszcze jako\u015b\u0107 \u015bniegu by\u0142a wy\u015bmienita. &#8222;By\u0142 suchy niczym w Colorado&#8221; \u2013 zapewniaj\u0105.<\/p>\n<p><a href=\"\/wp-content\/uploads\/\/2014\/04\/010m.jpg\"><img loading=\"lazy\" decoding=\"async\" class=\"alignnone size-medium wp-image-2587\" title=\"010m\" src=\"\/wp-content\/uploads\/\/2014\/04\/010m-300x225.jpg\" alt=\"\" width=\"300\" height=\"225\" srcset=\"\/narty\/wp-content\/uploads\/2014\/04\/010m-300x225.jpg 300w, \/narty\/wp-content\/uploads\/2014\/04\/010m.jpg 768w\" sizes=\"(max-width: 300px) 100vw, 300px\" \/><\/a><\/p>\n<p>Ratrakowanych nartostrad jest tu 48 (Hemsedal jest dzi\u0119ki temu jednym z najwa\u017cniejszych o\u015brodk\u00f3w zimowych Skandynawii) i to o najr\u00f3\u017cniejszym stopniu trudno\u015bci. S\u0105 tu cho\u0107by trasy\u2026 oznaczone na zielono i okre\u015blane jako \u201ebardzo \u0142atwe\u201d (w krajach Unii Europejskich nartostrad w tym kolorze od kilku lat ju\u017c nie ma). Niekt\u00f3re rejony uznane s\u0105 wr\u0119cz (i odpowiednio oznakowane) za \u201eslow tempo area\u201d: tam tak\u017ce zaawansowani narciarze nie powinni porusza\u0107 si\u0119 zbyt szybko z uwagi na liczne wyci\u0105gi dla pocz\u0105tkuj\u0105cych i miejsca treningowe szk\u00f3\u0142ek narciarskich.<\/p>\n<p>Ale oczywi\u015bcie s\u0105 w Hemsedal r\u00f3wnie\u017c trasy czerwone i czarne \u2013 nie przez przypadek dwa tygodnie temu w\u0142a\u015bnie tam odby\u0142y si\u0119 alpejskie mistrzostwa Norwegii z udzia\u0142em samego Aksela Lund Svindala.<\/p>\n<p>Pod wzgl\u0119dem szeroko\u015bci nartostrady najcz\u0119\u015bciej sporo przekraczaj\u0105 standardy znane z Alp, o Polsce czy Czechach nie wspominaj\u0105c. Dla bezpiecze\u0144stwa go\u015bci znaczenie ma i to, \u017ce ko\u0144cz\u0105 si\u0119 w jednym miejscu: przy kompleksie restauracji i apartament\u00f3w zwanym Hemsedal Alpin Lodge. O zgubieniu si\u0119 nie ma wi\u0119c raczej mowy.<\/p>\n<p>Co za\u015b do mo\u017cliwo\u015bci jazdy terenowej, to s\u0105 one \u2013 bez \u017cadnej przesady \u2013 nieograniczone. Trzy g\u00f3ruj\u0105ce nad stacj\u0105 szczyty nie imponuj\u0105 wprawdzie wysoko\u015bci\u0105 i nie  znajdzie si\u0119 tu ani radykalnych stromizm, ani (z racji charakteru  tamtejszych masyw\u00f3w) w\u0105skich \u017cleb\u00f3w. Na ka\u017cdym ze zboczy s\u0105 jednak  olbrzymie po\u0142acie zach\u0119caj\u0105ce do wytyczania swoich linii \u2013 nie tylko w  kierunku stacji, ale tak\u017ce do s\u0105siednich dolin, sk\u0105d do miejsca  zakwaterowania mo\u017cna wr\u00f3ci\u0107 skibusami lub w ostateczno\u015bci taks\u00f3wk\u0105.<\/p>\n<p>Ni\u017csze partie poro\u015bni\u0119te s\u0105 rzadkim zwykle lasem (drzewa z racji bia\u0142ej kory podobne s\u0105 do brzozy, du\u017co jednak \u2013 pewnie z racji surowego klimatu \u2013 mniejsze) \u2013 co stanowi kolejne wyzwanie.<\/p>\n<p>Zaskoczeniem mo\u017ce by\u0107 to, \u017ce w\u015br\u00f3d dwudziestu tutejszych wyci\u0105g\u00f3w nie ma ani jednej kolejki linowej i gondoli! Krzese\u0142ka nie maj\u0105 te\u017c standardowych ju\u017c w Alpach podgrzewanych siedze\u0144 czy te\u017c os\u0142on przeciwko wiatrowi. Poruszaj\u0105 si\u0119 za to nadzwyczaj szybko \u2013 podobnie zreszt\u0105 jak miejscowe orczyki.<\/p>\n<p>Bo i taka jest chyba natura nart (a zapewne i \u017cycia) w Norwegii: s\u0105 proste i surowe, bez zb\u0119dnych cz\u0119sto udogodnie\u0144, czy raczej \u2013 blichtru. Co tylko dodaje im uroku.<\/p>\n<p>Swoje robi tak\u017ce widok z Totten, Tinden czy Rogjin (to g\u0142\u00f3wne szczyty masywu okalaj\u0105cego od p\u00f3\u0142nocy Hemsedal Skisenter) na okolic\u0119. Jest imponuj\u0105cy chocia\u017cby ju\u017c przez to, \u017ce g\u00f3rski krajobraz Skandynawii kompletnie r\u00f3\u017cni si\u0119 od tego znanego z centralnej czy po\u0142udniowej Europy. Si\u0142\u0119 natury \u2013 tam wci\u0105\u017c nieujarzmionej \u2013 czuje si\u0119 tam w specjalny spos\u00f3b.<\/p>\n<p><a href=\"http:\/\/narty.blog.polityka.pl\/wp-content\/uploads\/\/2014\/04\/009m.jpg\"><img loading=\"lazy\" decoding=\"async\" title=\"009m\" src=\"http:\/\/narty.blog.polityka.pl\/wp-content\/uploads\/\/2014\/04\/009m-300x225.jpg\" alt=\"\" width=\"300\" height=\"225\" \/><\/a><\/p>\n<p>O innych, narciarskich i nie tylko!, atrakcjach Hemsedal, a tak\u017ce o tym, jak mo\u017cna tam sp\u0119dzi\u0107 zimowy urlop nie p\u0142ac\u0105c wi\u0119cej (a w ka\u017cdym razie wiele wi\u0119cej) ni\u017c w Alpach \u2013 napisz\u0119 tu wkr\u00f3tce. Dla przyk\u0142adu tylko: przy wielu g\u00f3rskich restauracjach dost\u0119pne s\u0105 sale, w kt\u00f3rych mo\u017cna samemu przygotowa\u0107 sobie posi\u0142ek z w\u0142asnych produkt\u00f3w przy pomocy darmowych kuchenek mikrofalowych, zlewozmywak\u00f3w itd.<\/p>\n<p><a href=\"\/wp-content\/uploads\/\/2014\/04\/011m.jpg\"><img loading=\"lazy\" decoding=\"async\" class=\"alignnone size-medium wp-image-2585\" title=\"011m\" src=\"\/wp-content\/uploads\/\/2014\/04\/011m-225x300.jpg\" alt=\"\" width=\"225\" height=\"300\" srcset=\"\/narty\/wp-content\/uploads\/2014\/04\/011m-225x300.jpg 225w, \/narty\/wp-content\/uploads\/2014\/04\/011m.jpg 576w\" sizes=\"(max-width: 225px) 100vw, 225px\" \/><\/a> <em>Tzw. restroom w restauracji Fjellkaffen<\/em> <em>przy g\u00f3rnej stacji sze\u015bcioosobowych krzese\u0142 Holvinn Express<\/em><\/p>\n<p>Tygodniowy za\u015b karnet (na 6-8 dni) kosztuje doros\u0142ego 1750 koron, czyli niewiele ponad 850 z\u0142otych b\u0105d\u017a 210 euro \u2013 a zatem tyle samo (b\u0105d\u017a nawet mniej) ni\u017c w wi\u0119kszo\u015bci stacji alpejskich (oraz na Kasprowym Wierchu). Na dodatek je\u015bli chodzi o skipassy nie ma tu podzia\u0142u na \u201eniski\u201d i \u201ewysoki\u201d sezon.<\/p>\n<p>Cdn.<\/p>\n","protected":false},"excerpt":{"rendered":"<p>W Alpach nawet na wi\u0119kszo\u015bci lodowc\u00f3w tegoroczny sezon potrwa najwy\u017cej do d\u0142ugiego weekendu. Tymczasem w norweskim Hemsedal \u015bniegu jest tej zimy tyle, \u017ce zarz\u0105dzaj\u0105cy stacj\u0105 postanowili, \u017ce wyci\u0105gi b\u0119d\u0105 czynne a\u017c do 11 maja. Je\u017adzi si\u0119 tam przednio, a przy odrobinie zapobiegliwo\u015bci niekoniecznie du\u017co dro\u017cej ni\u017c w innych g\u00f3rach Europy. Dolne partie Hemsedal Skisenter<\/p>\n","protected":false},"author":1,"featured_media":0,"comment_status":"open","ping_status":"closed","sticky":false,"template":"","format":"standard","meta":{"footnotes":""},"categories":[1],"tags":[],"_links":{"self":[{"href":"https:\/\/blog.polityka.pl\/narty\/wp-json\/wp\/v2\/posts\/2583"}],"collection":[{"href":"https:\/\/blog.polityka.pl\/narty\/wp-json\/wp\/v2\/posts"}],"about":[{"href":"https:\/\/blog.polityka.pl\/narty\/wp-json\/wp\/v2\/types\/post"}],"author":[{"embeddable":true,"href":"https:\/\/blog.polityka.pl\/narty\/wp-json\/wp\/v2\/users\/1"}],"replies":[{"embeddable":true,"href":"https:\/\/blog.polityka.pl\/narty\/wp-json\/wp\/v2\/comments?post=2583"}],"version-history":[{"count":6,"href":"https:\/\/blog.polityka.pl\/narty\/wp-json\/wp\/v2\/posts\/2583\/revisions"}],"predecessor-version":[{"id":2596,"href":"https:\/\/blog.polityka.pl\/narty\/wp-json\/wp\/v2\/posts\/2583\/revisions\/2596"}],"wp:attachment":[{"href":"https:\/\/blog.polityka.pl\/narty\/wp-json\/wp\/v2\/media?parent=2583"}],"wp:term":[{"taxonomy":"category","embeddable":true,"href":"https:\/\/blog.polityka.pl\/narty\/wp-json\/wp\/v2\/categories?post=2583"},{"taxonomy":"post_tag","embeddable":true,"href":"https:\/\/blog.polityka.pl\/narty\/wp-json\/wp\/v2\/tags?post=2583"}],"curies":[{"name":"wp","href":"https:\/\/api.w.org\/{rel}","templated":true}]}}