
{"id":259,"date":"2010-03-19T18:50:12","date_gmt":"2010-03-19T17:50:12","guid":{"rendered":"http:\/\/narty.blog.polityka.pl\/?p=259"},"modified":"2010-03-19T18:53:54","modified_gmt":"2010-03-19T17:53:54","slug":"piekna-swieta-katarzyna-ii","status":"publish","type":"post","link":"https:\/\/blog.polityka.pl\/narty\/2010\/03\/19\/piekna-swieta-katarzyna-ii\/","title":{"rendered":"Pi\u0119kna \u015awi\u0119ta Katarzyna II"},"content":{"rendered":"<p><a href=\"\/wp-content\/uploads\/\/2010\/03\/santa-5.jpg\"><\/a><a href=\"\/wp-content\/uploads\/\/2010\/03\/santa-1-gallery_3.jpg\"><\/a>Chlub\u0105 Santa Cateriny jest dzi\u015b trasa, na kt\u00f3rej w 2005 roku rozgrywano konkurencje kobiet alpejskich mistrzostw \u015bwiata. Ale na niej zalety stacji si\u0119 nie ko\u0144cz\u0105.<\/p>\n<p>&#8222;Deborah Compagnoni piste\u201d zaczyna si\u0119 na wysoko\u015bci. 2725 m n.p.m., ma 3300 metr\u00f3w d\u0142ugo\u015bci i 973 m r\u00f3\u017cnicy poziom\u00f3w. Najlepsi m\u0119\u017cczy\u017ani pokonuj\u0105 j\u0105 w 2 minuty. Rekord kobiet to 2,05 minuty. Pocz\u0105tkowo prowadzona pod grani\u0105 g\u00f3ruj\u0105cej nad wiosk\u0105 Mont Sobretta (3296 m n.p.m.) jest do\u015b\u0107 w\u0105ska, rych\u0142o jednak \u2013 na po\u0142oninach Plaghera \u2013 si\u0119 rozszerza. Nawet wi\u0119c urozmaicenia w postaci zakr\u0119t\u00f3w, garb\u00f3w i stromizn przeje\u017cd\u017ca si\u0119 wi\u0119c \u2013 jak na zawodnicz\u0105 tras\u0119 \u2013 bezpiecznie. Tak\u017ce w ko\u0144cowej cz\u0119\u015bci, wiod\u0105cej ju\u017c przez las, jest bardzo szeroko.<\/p>\n<p><a href=\"\/wp-content\/uploads\/\/2010\/03\/santa-5.jpg\"><img loading=\"lazy\" decoding=\"async\" class=\"alignnone size-medium wp-image-260\" title=\"santa-5\" src=\"\/wp-content\/uploads\/\/2010\/03\/santa-5-300x199.jpg\" alt=\"\" width=\"300\" height=\"199\" srcset=\"\/narty\/wp-content\/uploads\/2010\/03\/santa-5-300x199.jpg 300w, \/narty\/wp-content\/uploads\/2010\/03\/santa-5.jpg 700w\" sizes=\"(max-width: 300px) 100vw, 300px\" \/><\/a>\u00a0<em>Ko\u0144cowy odcinek trasy Deborah Compagnoni<\/em><\/p>\n<p>To wa\u017cna cecha tras Santa Cateriny: w wi\u0119kszo\u015bci wytyczono je powy\u017cej granicy lasu, a nieliczne odcinki w le\u015bnych przecinkach (pozwalaj\u0105ce zjecha\u0107 do wioski) s\u0105 nadzwyczaj szerokie i doskonale zabezpieczone.<\/p>\n<p>Na dodatek nawet w weekendy nie ma tu zwykle t\u0142oku. Wi\u0119kszo\u015b\u0107 narciarzy i snowboardzist\u00f3w zostaje w po\u0142o\u017conym du\u017co ni\u017cej Bormio, nie decyduj\u0105c si\u0119 na dodatkowe 12 km jazdy w g\u0142\u0105b doliny.<\/p>\n<p>Tras\u0119 &#8222;Deborah Compagnoni&#8221; obs\u0142uguj\u0105 szybkie 8-osobowe gondolki. Pozwalaj\u0105 si\u0119 one dosta\u0107 tak\u017ce na drug\u0105, po\u0142udniow\u0105 stron\u0119 grani \u2013 na obszar zwany Valle dell\u2019Alpe. To kolejna nowo\u015b\u0107 ostatnich lat. Wcze\u015bniej ci, kt\u00f3rzy nie lubi\u0105 mroz\u00f3w mogli nie lubi\u0107 tak\u017ce nart i snowboardu w Santa Caterina. S\u0142o\u0144ce chowa\u0142o si\u0119 tu bowiem za gra\u0144 do\u015b\u0107 wcze\u015bnie \u2013 i od godzin po\u0142udniowych bywa\u0142o bardzo zimno. Teraz w s\u0142o\u0144cu mo\u017cna je\u017adzi\u0107 ca\u0142y dzie\u0144 \u2013 w\u0142a\u015bnie w Valle dell\u2019Alpe nie bez powodu zwanej te\u017c S\u0142oneczn\u0105 Dolin\u0105. Zw\u0142aszcza, \u017ce zbudowano tam nowoczesny (os\u0142ona od wiatru, a nawet podgrzewane siedzenia), 4-osobowy wyci\u0105g krzese\u0142kowy.<\/p>\n<p>\u015anieg \u2013 cho\u0107by z racji po\u0142o\u017cenia tras powy\u017cej 2500 m n.p.m. \u2013 jest doskona\u0142ej jako\u015bci. Generalnie zreszt\u0105 trasy w Santa Caterina przygotowywane s\u0105 na medal.<\/p>\n<p><a href=\"\/wp-content\/uploads\/\/2010\/03\/santa-1-gallery_3.jpg\"><img loading=\"lazy\" decoding=\"async\" class=\"alignnone size-medium wp-image-261\" title=\"santa-1-gallery_3\" src=\"\/wp-content\/uploads\/\/2010\/03\/santa-1-gallery_3-300x203.jpg\" alt=\"\" width=\"300\" height=\"203\" srcset=\"\/narty\/wp-content\/uploads\/2010\/03\/santa-1-gallery_3-300x203.jpg 300w, \/narty\/wp-content\/uploads\/2010\/03\/santa-1-gallery_3.jpg 620w\" sizes=\"(max-width: 300px) 100vw, 300px\" \/><\/a>\u00a0<em>Valle dell&#8217;Alpe<\/em>\u00a0<\/p>\n<p>Je\u015bli mo\u017cna na co\u015b narzeka\u0107, to na informacj\u0119 tycz\u0105c\u0105 pogody meteo. Prognozy meteo sporz\u0105dzane s\u0105 tylko po w\u0142osku i dotycz\u0105 ca\u0142ego regionu, a nie samej stacji.\u00a0<\/p>\n<p>Wreszcie ceny, jedzenie i wino.<\/p>\n<p>Pierwsze s\u0105 atrakcyjne. Przyk\u0142adowo: wygodny 4-osobowy apartament w Residencia Valfurva (nale\u017cy oczywi\u015bcie od rodu Compagnoni) mo\u017cna wynaj\u0105\u0107 na tydzie\u0144 za 500 euro \u2013 i to nawet w po\u0142owie marca. Z kolei 6-dniowy karnet na obszar tzw. 4 Valle kosztuje doros\u0142ych w tzw, wysokim sezonie 185 euro, a w\u00a0 niskim (przez wi\u0119kszo\u015b\u0107 stycznia, tu\u017c przed \u015bwi\u0119tami Wielkanocnymi i po nich) \u2013 156 euro. Dzieci do 9 roku \u017cycia je\u017cd\u017c\u0105 gratis! A mo\u017cna wtedy je\u017adzi\u0107 nie tylko w Santa Caterina, ale tak\u017ce w Bormio, Oga i Issolaccia \u2013 kt\u00f3ra w ostatnich latach tak\u017ce sta\u0142a si\u0119 atrakcyjnym miejscem dla narciarzy i snowboardzist\u00f3w. Stacja oferuje te\u017c tzw. ski free \u2013 go\u015bcie niekt\u00f3rych hoteli i rezydencji dostaj\u0105 wtedy karnet gratis.<\/p>\n<p>Lokalna szko\u0142a narciarska oferuje 6 dniowe kursy narciarstwa (po 2 godziny dziennie) za 89 euro. Godzina porannej lekcji indywidualnej kosztuje 29 euro (podczas gdy w s\u0105siednim Bormio a\u017c 40 euro!). A stoki s\u0105 tu idealne zar\u00f3wno do nabywania podstawowych umiej\u0119tno\u015bci, jak i do doskonalenia sztuki jazdy \u2013 i to na ka\u017cdym poziomie. Wi\u0119kszo\u015b\u0107 tras oznaczono na czerwono (czyli jako \u015brednio trudne), ale s\u0105 te\u017c odcinki czarne dla najlepszych oraz niebieskie dla pocz\u0105tkuj\u0105cych.\u00a0 M\u00f3j dot\u0105d je\u017cd\u017c\u0105cy dzieci\u0119cym p\u0142ugiem 5,5-letni Kuba tu w\u0142a\u015bnie po trzech dniach jazdy pod okiem pana Silviano opanowa\u0142 skr\u0119t r\u00f3wnoleg\u0142y, czasem nawet bez ze\u015blizgu! A tygodniowy kurs ko\u0144czy si\u0119 oczywi\u015bcie zawodami w slalomie gigancie: s\u0105 bramki, meta, profesjonalny pomiar czasu, t\u0142umy kibic\u00f3w i medale \u2013 dla najlepszych, ale te\u017c dla wszystkich zawodnik\u00f3w (Kuba w swojej grupie wiekowej wywalczy\u0142 drugi czas i srebro!).<\/p>\n<p>Z kolei jedzenie i wino s\u0105 rewelacyjne. Makarony (z miejscowym pizzoccherii na czele), polenta (z r\u00f3\u017cnymi dodatkami), a wreszcie lokalne grona Inferno i Sassella \u2013 rewelacja! A i tu ceny s\u0105 przyst\u0119pne. Przyk\u0142adowo: 7 euro kosztuje nader obfita porcja pizzoccherii sporz\u0105dzanego przez szefa po\u0142o\u017conej w zacisznym i zawsze nas\u0142onecznionym miejscu chaty Palu.<\/p>\n<p>No i widoki: wra\u017cenie robi cho\u0107by Ortler w pobliskim Tyrolu po\u0142udniowym, zw\u0142aszcza, gdy o\u015bwietla go popo\u0142udniowe s\u0142o\u0144ce. A jeszcze ta cisza\u2026 Nic dziwnego, \u017ce okolice Santa Cateriny s\u0105 tak\u017ce wymarzonymi terenami do jazdy poza trasami i skitouringu. To w\u0142a\u015bnie tu rozgrywanych jest kilka cenionych w\u015br\u00f3d mi\u0142o\u015bnik\u00f3w tych form narciarstwa memoria\u0142\u00f3w i zawod\u00f3w.\u00a0 Mi\u0119dzy 11 a 18 kwietnia sw\u00f3j tydzie\u0144 maj\u0105 freeride\u2019owcy, a w ten weekend odby\u0107 si\u0119 ma 33 mistrzostwa W\u0142och w skialpinizmie).<\/p>\n<p>O s\u0142ynnym Bormio te\u017c tu wkr\u00f3tce napisz\u0119. Cho\u0107 wra\u017cenia z powrotu do tego miejsca na razie nie s\u0105 buduj\u0105ce.<\/p>\n","protected":false},"excerpt":{"rendered":"<p>Chlub\u0105 Santa Cateriny jest dzi\u015b trasa, na kt\u00f3rej w 2005 roku rozgrywano konkurencje kobiet alpejskich mistrzostw \u015bwiata. Ale na niej zalety stacji si\u0119 nie ko\u0144cz\u0105. &#8222;Deborah Compagnoni piste\u201d zaczyna si\u0119 na wysoko\u015bci. 2725 m n.p.m., ma 3300 metr\u00f3w d\u0142ugo\u015bci i 973 m r\u00f3\u017cnicy poziom\u00f3w. Najlepsi m\u0119\u017cczy\u017ani pokonuj\u0105 j\u0105 w 2 minuty. Rekord kobiet to 2,05 [&hellip;]<\/p>\n","protected":false},"author":1,"featured_media":0,"comment_status":"open","ping_status":"open","sticky":false,"template":"","format":"standard","meta":{"footnotes":""},"categories":[1],"tags":[],"_links":{"self":[{"href":"https:\/\/blog.polityka.pl\/narty\/wp-json\/wp\/v2\/posts\/259"}],"collection":[{"href":"https:\/\/blog.polityka.pl\/narty\/wp-json\/wp\/v2\/posts"}],"about":[{"href":"https:\/\/blog.polityka.pl\/narty\/wp-json\/wp\/v2\/types\/post"}],"author":[{"embeddable":true,"href":"https:\/\/blog.polityka.pl\/narty\/wp-json\/wp\/v2\/users\/1"}],"replies":[{"embeddable":true,"href":"https:\/\/blog.polityka.pl\/narty\/wp-json\/wp\/v2\/comments?post=259"}],"version-history":[{"count":0,"href":"https:\/\/blog.polityka.pl\/narty\/wp-json\/wp\/v2\/posts\/259\/revisions"}],"wp:attachment":[{"href":"https:\/\/blog.polityka.pl\/narty\/wp-json\/wp\/v2\/media?parent=259"}],"wp:term":[{"taxonomy":"category","embeddable":true,"href":"https:\/\/blog.polityka.pl\/narty\/wp-json\/wp\/v2\/categories?post=259"},{"taxonomy":"post_tag","embeddable":true,"href":"https:\/\/blog.polityka.pl\/narty\/wp-json\/wp\/v2\/tags?post=259"}],"curies":[{"name":"wp","href":"https:\/\/api.w.org\/{rel}","templated":true}]}}