
{"id":2607,"date":"2014-04-29T09:54:12","date_gmt":"2014-04-29T07:54:12","guid":{"rendered":"http:\/\/narty.blog.polityka.pl\/?p=2607"},"modified":"2014-04-29T10:08:50","modified_gmt":"2014-04-29T08:08:50","slug":"w-alpy-w-maju-w-alpy-w-czerwcu-i","status":"publish","type":"post","link":"https:\/\/blog.polityka.pl\/narty\/2014\/04\/29\/w-alpy-w-maju-w-alpy-w-czerwcu-i\/","title":{"rendered":"W Alpy w maju, w Alpy w czerwcu (I)"},"content":{"rendered":"<p>Pisa\u0142em tu niedawno, \u017ce w norweskim Hemsedal dzi\u0119ki obfitym opadom mo\u017cna by\u0142o wyd\u0142u\u017cy\u0107 zimowy sezon do 11 marca. W Alpach ze \u015bniegiem tej zimy bywa\u0142o r\u00f3\u017cnie (po po\u0142udniowej ich stronie by\u0142 przedni, po p\u00f3\u0142nocnej \u2013 taki sobie), ale na przynajmniej niekt\u00f3rych lodowcach b\u0119dzie mo\u017cna je\u017adzi\u0107 tak\u017ce w maju (a gdzieniegdzie nawet w czerwcu i latem).<\/p>\n<p><!--more-->Wi\u0119kszo\u015b\u0107 ni\u017cej po\u0142o\u017conych alpejskich o\u015brodk\u00f3w do\u015b\u0107 wcze\u015bnie w tym sezonie przesz\u0142a z promocji wypoczynku zimowego na letni\u2026 Te, kt\u00f3re deklarowa\u0142y, \u017ce b\u0119d\u0105 czynne a\u017c do weekendu majowego oczywi\u015bcie staraj\u0105 si\u0119 spe\u0142ni\u0107 obietnice, ale \u2013 m\u00f3wi\u0105c ogl\u0119dnie \u2013 cho\u0107by poprzedniej zimy mo\u017cna to by\u0142o uczyni\u0107 o wiele \u0142atwiej i z lepszym efektem.<br \/>\nOd czeg\u00f3\u017c jednak s\u0105 lodowce \u2013 przynajmniej niekt\u00f3re z nich maj\u0105 by\u0107 otwarte dla narciarzy jeszcze co najmniej przez par\u0119 tygodni. Przypomnia\u0142 o tym \u2013 zasadnie \u2013 w swoim komentarzu Gajowy.<\/p>\n<p>Zacznijmy od bliskiego i popularnego w Polsce Tyrolu (do\u015b\u0107 wspomnie\u0107, \u017ce cho\u0107 w efekcie k\u0142opot\u00f3w ze \u015bniegiem region ten zanotowa\u0142 w tym sezonie spadek liczby go\u015bci, to prawid\u0142owo\u015b\u0107 ta nie dotyczy\u0142a Polak\u00f3w).<\/p>\n<p>Wprawdzie po pierwszym majowym weekendzie (bo ju\u017c 5 maja) zamkni\u0119te zostan\u0105 dwa lodowce w okolicach S\u00f6lden (zob. m.in. <a href=\" http:\/\/narty.blog.polityka.pl\/2010\/09\/08\/austria-mysli-o-sezonie-ii-solden\/\" target=\"_blank\">&#8222;Austria my\u015bli o sezonie&#8221;<\/a>, 8 wrze\u015bnia 2010 r.), ale za to tydzie\u0144 d\u0142u\u017cej (do 11 maja) dzia\u0142a\u0107 maj\u0105 kolejki na Pitztaler Gletscher (por. m.in. <a href=\"http:\/\/narty.blog.polityka.pl\/2011\/12\/08\/na-pitztal-jest-snieg\/\" target=\"_blank\">&#8222;Na Piztal jest \u015bnieg!&#8221;<\/a>, 8 grudnia 2012 r.).<\/p>\n<p>S\u0105siedni (i powi\u0105zany z Pitztal tak\u017ce biznesowo) lodowiec Kaunertal czynny ma by\u0107 a\u017c do 9 czerwca! By\u0142em tam przed dwoma laty na prze\u0142omie kwietnia i maja &#8211; i zapewniam: warunki s\u0105 przednie (cho\u0107 z jazd\u0105 pozatrasow\u0105 bywaj\u0105 ju\u017c k\u0142opoty), a ceny bardzo korzystne (<a href=\"http:\/\/narty.blog.polityka.pl\/2012\/04\/30\/tani-sposob-szlifowania-stylu\/\" target=\"_blank\">&#8222;Tani spos\u00f3b szlifowania stylu&#8221;<\/a>, 30 kwietnia 2012).<\/p>\n<p>O miesi\u0105c d\u0142u\u017cej \u2013 bo a\u017c do 4 lipca \u2013 b\u0119dzie mo\u017cna najprawdopodobniej je\u017adzi\u0107 na Stubaier Gletscher. A jako \u017ce le\u017cy on ledwie 25 km od Innsbrucka warto wi\u0119c popo\u0142udniami, gdy ju\u017c \u015bnieg b\u0119dzie mokry, a kolejki stan\u0105, zwiedzi\u0107 to wa\u017cne dla historii Europy miasto (<a href=\"http:\/\/narty.blog.polityka.pl\/2013\/03\/11\/zlebem-na-deptak\/\" target=\"_blank\">&#8222;\u017blebem na deptak&#8221;<\/a>, 11 marca ub.roku).<\/p>\n<p>Poza wszelk\u0105 klasyfikacj\u0105 znajduje si\u0119 oczywi\u015bcie zamykaj\u0105cy dolin\u0119 Zillertal lodowiec Hintertux \u2013 jest on bowiem jedynym lodowcem Tyrolu otwartym dla narciarstwa okr\u0105g\u0142y rok (por. m.in. <a href=\" http:\/\/narty.blog.polityka.pl\/2014\/01\/13\/z-dziecmi-pod-lodowcem\/\" target=\"_blank\">&#8222;Z dzie\u0107mi pod lodowcem&#8221;<\/a>, 13 stycznia b.r.).<\/p>\n<p>Praktycznie przez ca\u0142y rok mo\u017cna te\u017c je\u017adzi\u0107 na Kitzsteinhorn(<a href=\"http:\/\/narty.blog.polityka.pl\/2014\/03\/23\/kitzsteinhorn-stary-ale-jary\" target=\"_blank\">&#8222;Kitzsteinhorn: stary, ale jary&#8221;<\/a>, 23 marca br.) w Ziemi Salzburskiej (sk\u0105din\u0105d to pierwszy lodowcowy o\u015brodek narciarski w Austrii \u2013 s\u0142u\u017cy narciarzom ju\u017c od ponad p\u00f3\u0142 wieku, a w Polsce znany jest powszechnie pod nazw\u0105 dwu najbli\u017cszych mu miejscowo\u015bci, czyli Kaprun\/Zell Am See). Przerwy na przegl\u0105dy wyci\u0105g\u00f3w planowane s\u0105 jedynie mi\u0119dzy 10 a 26 czerwca oraz 21 lipca a po\u0142ow\u0105 wrze\u015bnia (wtedy swoje robi\u0105 te\u017c nadtopione, a wi\u0119c cienkie mostki \u015bnie\u017cne nad szczelinami lodowcowymi).<\/p>\n<p>Na letnie narty (tak\u017ce, a mo\u017ce przede wszystkim biegowe) zaprasza te\u017c niewielki lodowiec Dachstein w Styrii.<\/p>\n<p>Tylko do 11 maja czynny b\u0119dzie za\u015b karyntyjski M\u00f6lltaler Gletscher. \u201eTylko\u201d, bo w tym sezonie to w\u0142a\u015bnie m.in. w jego okolicach notowano najwi\u0119ksze opady \u015bniegu w ca\u0142ych austriackich Alpach.<\/p>\n<p>Wkr\u00f3tce informacje o mo\u017cliwo\u015bci p\u00f3\u017anowiosennych i letnich nart we W\u0142oszech, Szwajcarii\u00a0 i Francji.<\/p>\n","protected":false},"excerpt":{"rendered":"<p>Pisa\u0142em tu niedawno, \u017ce w norweskim Hemsedal dzi\u0119ki obfitym opadom mo\u017cna by\u0142o wyd\u0142u\u017cy\u0107 zimowy sezon do 11 marca. W Alpach ze \u015bniegiem tej zimy bywa\u0142o r\u00f3\u017cnie (po po\u0142udniowej ich stronie by\u0142 przedni, po p\u00f3\u0142nocnej \u2013 taki sobie), ale na przynajmniej niekt\u00f3rych lodowcach b\u0119dzie mo\u017cna je\u017adzi\u0107 tak\u017ce w maju (a gdzieniegdzie nawet w czerwcu i latem).<\/p>\n","protected":false},"author":1,"featured_media":0,"comment_status":"open","ping_status":"closed","sticky":false,"template":"","format":"standard","meta":{"footnotes":""},"categories":[1],"tags":[],"_links":{"self":[{"href":"https:\/\/blog.polityka.pl\/narty\/wp-json\/wp\/v2\/posts\/2607"}],"collection":[{"href":"https:\/\/blog.polityka.pl\/narty\/wp-json\/wp\/v2\/posts"}],"about":[{"href":"https:\/\/blog.polityka.pl\/narty\/wp-json\/wp\/v2\/types\/post"}],"author":[{"embeddable":true,"href":"https:\/\/blog.polityka.pl\/narty\/wp-json\/wp\/v2\/users\/1"}],"replies":[{"embeddable":true,"href":"https:\/\/blog.polityka.pl\/narty\/wp-json\/wp\/v2\/comments?post=2607"}],"version-history":[{"count":6,"href":"https:\/\/blog.polityka.pl\/narty\/wp-json\/wp\/v2\/posts\/2607\/revisions"}],"predecessor-version":[{"id":2613,"href":"https:\/\/blog.polityka.pl\/narty\/wp-json\/wp\/v2\/posts\/2607\/revisions\/2613"}],"wp:attachment":[{"href":"https:\/\/blog.polityka.pl\/narty\/wp-json\/wp\/v2\/media?parent=2607"}],"wp:term":[{"taxonomy":"category","embeddable":true,"href":"https:\/\/blog.polityka.pl\/narty\/wp-json\/wp\/v2\/categories?post=2607"},{"taxonomy":"post_tag","embeddable":true,"href":"https:\/\/blog.polityka.pl\/narty\/wp-json\/wp\/v2\/tags?post=2607"}],"curies":[{"name":"wp","href":"https:\/\/api.w.org\/{rel}","templated":true}]}}