
{"id":262,"date":"2010-03-23T00:02:42","date_gmt":"2010-03-22T23:02:42","guid":{"rendered":"http:\/\/narty.blog.polityka.pl\/?p=262"},"modified":"2010-03-25T12:39:12","modified_gmt":"2010-03-25T11:39:12","slug":"kasina-to-justyna-ale%e2%80%a6","status":"publish","type":"post","link":"https:\/\/blog.polityka.pl\/narty\/2010\/03\/23\/kasina-to-justyna-ale%e2%80%a6\/","title":{"rendered":"Kasina to Justyna, ale\u2026"},"content":{"rendered":"<p><a href=\"\/wp-content\/uploads\/\/2010\/03\/sneiznica-3.jpg\"><\/a><a href=\"\/wp-content\/uploads\/\/2010\/03\/snieznica-2.jpg\"><\/a>&#8230; te\u017c ca\u0142kiem przyzwoita trasa zjazdowa. Bo wprawdzie po\u0142o\u017cona w Ma\u0142opolsce Kasina Wielka s\u0142ynie dzi\u015b g\u0142\u00f3wnie z Justyny Kowalczyk, medalistki olimpijskiej i triumfatorki Pucharu \u015awiata w biegach narciarskich, to jest r\u00f3wnie\u017c interesuj\u0105cym miejscem dla mi\u0142o\u015bnik\u00f3w narciarstwa alpejskiego i snowboardu. A w najbli\u017cszy pi\u0105tek stanie si\u0119 aren\u0105 otwartych dla wszystkich zawod\u00f3w o Puchar W\u00f3jta Gminy Mszana Dolna. Wszystko dla popularyzacji zdrowego stylu \u017cycia i narciarstwa \u2013 ka\u017cdego rodzaju i w ka\u017cdym wydaniu.<\/p>\n<p>Nie bez powodu w\u0142a\u015bnie na stokach g\u00f3ruj\u0105cej nad Kasin\u0105 \u015anie\u017cnicy (1006 m n.p.m.) przez lata zaj\u0119cia z narciarstwa alpejskiego odbywali studenci krakowskiej Akademii Wychowania Fizycznego. Sam tak\u017ce par\u0119 lat je\u017adzi\u0142em na zimowe ferie do Kasiny (od Krakowa dzieli j\u0105 ok. 70 km; niegdy\u015b dociera\u0142 tu te\u017c poci\u0105g, z kt\u00f3rego wysiada\u0142o si\u0119 u st\u00f3p \u015anie\u017cnicy). Nie zapomn\u0119 zar\u00f3wno samych zjazd\u00f3w (m.in. mi\u0119dzy drzewami w tamtejszym lesie), ale te\u017c tzw. oskubin u goszcz\u0105cych nas gospodarzy \u2013 z opowie\u015bciami o okolicznych akcjach partyzanckich w czasie II wojny \u015bwiatowej i tu\u017c po niej oraz z wy\u015bmienitym g\u0119sim pasztetem zapijanym bimbrem \u201eod szwagra\u201d.<\/p>\n<p><a href=\"\/wp-content\/uploads\/\/2010\/03\/snieznica-2.jpg\"><img loading=\"lazy\" decoding=\"async\" class=\"alignnone size-medium wp-image-264\" title=\"snieznica-2\" src=\"\/wp-content\/uploads\/\/2010\/03\/snieznica-2.jpg\" alt=\"\" width=\"120\" height=\"90\" \/><\/a>\u00a0<em>\u015anie\u017cnica<\/em><\/p>\n<p>W\u00f3wczas tras\u0119 na zachodnim zboczu \u015anie\u017cnicy obs\u0142ugiwa\u0142 wyci\u0105g orczykowy (do\u015b\u0107 stromy i bodaj najd\u0142u\u017cszy wtedy w Polsce, wi\u0119c trzeba by\u0142o mie\u0107 nie lada kondycj\u0119, by korzysta\u0107 z niego ca\u0142y dzie\u0144). Naturalnie nie by\u0142o mowy o \u017cadnych ratrakach, wi\u0119c szybko tworzy\u0142y si\u0119 muldy i oblodzenia. Na dodatek w du\u017cej cz\u0119\u015bci poprowadzonej le\u015bn\u0105 przecink\u0105 nartostrady je\u017adzi\u0142o si\u0119 \u201ena jedn\u0105 nog\u0119\u201d, bo by\u0142a ona nachylona nie tylko w linii spadku stoku, ale te\u017c nieco wszerz (na jego praw\u0105 stron\u0119). Mimo to zw\u0142aszcza w weekendy w kolejce do wyci\u0105gu trzeba by\u0142o odsta\u0107 swoje.<\/p>\n<p>Od paru lat stacja narciarska \u015anie\u017cnica ma ca\u0142kiem nowe oblicze. W 2007 roku wybudowano tam czteroosobow\u0105 kolej krzese\u0142kow\u0105 o d\u0142ugo\u015bci 1100 metr\u00f3w i wydajno\u015bci 2400 os\u00f3b na godzin\u0119. Wyjazd na stacj\u0119 g\u00f3rn\u0105 (na wysoko\u015bci 900 m n.p.m.) trwa niespe\u0142na 7 minut. Pocz\u0105tkuj\u0105cy mog\u0105 korzysta\u0107 r\u00f3wnie\u017c ze 120-metrowego wyci\u0105gu talerzykowego.<\/p>\n<p><a href=\"\/wp-content\/uploads\/\/2010\/03\/sneiznica-3.jpg\"><img loading=\"lazy\" decoding=\"async\" class=\"alignnone size-medium wp-image-263\" title=\"sneiznica-3\" src=\"\/wp-content\/uploads\/\/2010\/03\/sneiznica-3.jpg\" alt=\"\" width=\"120\" height=\"90\" \/><\/a>\u00a0<em>Dolna stacja nowoczesnych krzese\u0142ek na \u015anie\u017cnic\u0119<\/em><\/p>\n<p>Stok (1400 metr\u00f3w d\u0142ugo\u015bci i 290 m r\u00f3\u017cnicy poziom\u00f3w) zosta\u0142 wyprofilowany: nie ma ju\u017c mowy o nabieraniu z\u0142ych nawyk\u00f3w, a jednolite nachylenie (21 proc.) u\u0142atwia jazd\u0119 pocz\u0105tkuj\u0105cym. Mo\u017ce by\u0107 ju\u017c oczywi\u015bcie sztucznie do\u015bnie\u017cony, a tras\u0119 przygotowuj\u0105 dwa ratraki. Jako \u017ce wci\u0105\u017c poprowadzona jest ona przez las krzese\u0142ka kursuj\u0105 nawet przy silnym wietrze, a \u015bnieg zalega d\u0142u\u017cej.<\/p>\n<p>Nawet teraz \u2013 pomimo ocieplenia (4 stopnie powy\u017cej zera) \u2013 na stoku w Kasinie jest go wci\u0105\u017c 90 cm.<\/p>\n<p>Dlatego organizatorzy planowanych na pi\u0105tek zawod\u00f3w narciarskich \u201edla dzieci, m\u0142odzie\u017cy i doros\u0142ych\u201d s\u0105 optymistami (szczeg\u00f3\u0142y imprezy mo\u017cna znale\u017a\u0107 na stronie internetowej <a href=\"http:\/\/www.snieznica.pl\/aktualnosci&amp;newsview=74\" target=\"_blank\">Stacji Narciarskiej \u015anie\u017cnica<\/a>. Ryszard Fryc, prezes Beskidzkich Stacji Narciarskich napisa\u0142 mi w poniedzia\u0142ek wieczorem: \u201eMamy jeszcze sporo \u015bniegu, tak \u017ce zawody nie s\u0105 zagro\u017cone. A dalej wszystko zale\u017cy od aury\u201d. Oczywi\u015bcie, je\u015bli znowu zacznie pada\u0107 deszcz, warunki sta\u0107 si\u0119 mog\u0105 kiepskie. Na szcz\u0119\u015bcie, wedle prognoz w tym tygodniu temperatury w nocy maj\u0105 spa\u015b\u0107 poni\u017cej zera. \u201eJest wi\u0119c szansa na super szusowanie na \u015anie\u017cnicy\u201d \u2013 przekonuje prezes. Tak\u017ce w najbli\u017cszy weekend.<\/p>\n","protected":false},"excerpt":{"rendered":"<p>&#8230; te\u017c ca\u0142kiem przyzwoita trasa zjazdowa. Bo wprawdzie po\u0142o\u017cona w Ma\u0142opolsce Kasina Wielka s\u0142ynie dzi\u015b g\u0142\u00f3wnie z Justyny Kowalczyk, medalistki olimpijskiej i triumfatorki Pucharu \u015awiata w biegach narciarskich, to jest r\u00f3wnie\u017c interesuj\u0105cym miejscem dla mi\u0142o\u015bnik\u00f3w narciarstwa alpejskiego i snowboardu. A w najbli\u017cszy pi\u0105tek stanie si\u0119 aren\u0105 otwartych dla wszystkich zawod\u00f3w o Puchar W\u00f3jta Gminy Mszana [&hellip;]<\/p>\n","protected":false},"author":1,"featured_media":0,"comment_status":"open","ping_status":"open","sticky":false,"template":"","format":"standard","meta":{"footnotes":""},"categories":[1],"tags":[],"_links":{"self":[{"href":"https:\/\/blog.polityka.pl\/narty\/wp-json\/wp\/v2\/posts\/262"}],"collection":[{"href":"https:\/\/blog.polityka.pl\/narty\/wp-json\/wp\/v2\/posts"}],"about":[{"href":"https:\/\/blog.polityka.pl\/narty\/wp-json\/wp\/v2\/types\/post"}],"author":[{"embeddable":true,"href":"https:\/\/blog.polityka.pl\/narty\/wp-json\/wp\/v2\/users\/1"}],"replies":[{"embeddable":true,"href":"https:\/\/blog.polityka.pl\/narty\/wp-json\/wp\/v2\/comments?post=262"}],"version-history":[{"count":0,"href":"https:\/\/blog.polityka.pl\/narty\/wp-json\/wp\/v2\/posts\/262\/revisions"}],"wp:attachment":[{"href":"https:\/\/blog.polityka.pl\/narty\/wp-json\/wp\/v2\/media?parent=262"}],"wp:term":[{"taxonomy":"category","embeddable":true,"href":"https:\/\/blog.polityka.pl\/narty\/wp-json\/wp\/v2\/categories?post=262"},{"taxonomy":"post_tag","embeddable":true,"href":"https:\/\/blog.polityka.pl\/narty\/wp-json\/wp\/v2\/tags?post=262"}],"curies":[{"name":"wp","href":"https:\/\/api.w.org\/{rel}","templated":true}]}}