
{"id":265,"date":"2010-03-26T13:50:32","date_gmt":"2010-03-26T12:50:32","guid":{"rendered":"http:\/\/narty.blog.polityka.pl\/?p=265"},"modified":"2010-03-26T18:56:12","modified_gmt":"2010-03-26T17:56:12","slug":"kiedy-ten-pierwszy-raz","status":"publish","type":"post","link":"https:\/\/blog.polityka.pl\/narty\/2010\/03\/26\/kiedy-ten-pierwszy-raz\/","title":{"rendered":"Kiedy ten pierwszy raz&#8230;"},"content":{"rendered":"<p class=\"MsoNormal\" style=\"margin: 0cm 0cm 10pt;\">&#8230;przypi\u0105\u0107 dziecku narty? \u2013 to pytanie nurtuje wielu rodzic\u00f3w, pasjonat\u00f3w tego sportu, kt\u00f3rzy chcieliby, by ich pociechy tak\u017ce go pokocha\u0142y.<\/p>\n<p class=\"MsoNormal\" style=\"margin: 0cm 0cm 10pt;\">Mo\u017ce wskaz\u00f3wk\u0105 b\u0119d\u0105 przypadki dw\u00f3ch wybitnych alpejczyk\u00f3w z Austrii: Manfreda Prangera (w bie\u017c\u0105cym sezonie z\u0142oty medalista Mistrzostw \u015awiata w slalomie) oraz Benjamina Reicha (czterokrotne mistrzostwo \u015bwiata junior\u00f3w, dwukrotne z\u0142oto olimpiejskie w Turynie w 2006 r., 9 medali na Mistrzostwach \u015awiata, najlepszy w klasyfikacji generalnej Pucharu \u015awiata 2005\/2006 i o\u015bmiokrotny zdobywca Ma\u0142ej Kryszta\u0142owej Kuli \u2013 w tym sezonie w kombinacji). Bo cho\u0107 naturalnie nie wszystkie dzieci uczy\u0107 si\u0119 jazdy na nartach, by zosta\u0107 zawodnikami, to historie mistrz\u00f3w zawsze s\u0105 ciekawe.<\/p>\n<p class=\"MsoNormal\" style=\"margin: 0cm 0cm 10pt;\">Ot\u00f3\u017c urodzony w 1978 r. Pragner mia\u0142 ledwie dwa lata, kiedy w plastikowych nartkach biega\u0142 wok\u00f3\u0142 rodzinnego domu, a potem zje\u017cd\u017ca\u0142 z pobliskiego pag\u00f3rka. Ju\u017c jako pi\u0119ciolatek wygra\u0142 dzieci\u0119ce zawody narciarskie w rodzinnej wiosce, Gschnitz. W m\u0142odo\u015bci pr\u00f3bowa\u0142 oczywi\u015bcie wszystkich mo\u017cliwych styl\u00f3w, je\u017adzi\u0142 poza trasami i \u015bciga\u0142 si\u0119 na tzw. krech\u0119. W ko\u0144cu w 2000 r. zadebiutowa\u0142 w zawodach Pucharu \u015awiata. Dzi\u015b radzi pocz\u0105tkuj\u0105cym, by\u2026 uzbroili si\u0119 w cierpliwo\u015b\u0107 i od pocz\u0105tku szlifowali jazd\u0119 prawid\u0142ow\u0105 technik\u0105, by nie nabra\u0107 z\u0142ych nawyk\u00f3w, bo one tylko wyd\u0142u\u017caj\u0105 nauk\u0119. Dlatego sugeruje, \u017ce najrozs\u0105dniej jest zapisa\u0107 dzieci na kurs narciarski. Poleca oczywi\u015bcie instruktor\u00f3w ze swojego Tyrolu, kt\u00f3rych znajomo\u015b\u0107 nowoczesnych metod szkoleniowych, w tym wielu zabaw i \u0107wicze\u0144, u\u0142atwiaj\u0105cych dzieciom zapoznanie si\u0119 z nartami i pomagaj\u0105cych w polubieniu tego sportu .<\/p>\n<p class=\"MsoNormal\" style=\"margin: 0cm 0cm 10pt;\"><a href=\"\/wp-content\/uploads\/\/2010\/03\/pranger.bmp\"><img decoding=\"async\" class=\"alignnone size-full wp-image-266\" title=\"pranger\" src=\"\/wp-content\/uploads\/\/2010\/03\/pranger.bmp\" alt=\"\" \/><\/a>\u00a0<em>Manfred Pranger <\/em><\/p>\n<p class=\"MsoNormal\" style=\"margin: 0cm 0cm 10pt;\">Tak\u017ce Benni Raich (tak\u017ce rocznik 1978 r.), uczy\u0142 si\u0119 jazdy od wczesnego dzieci\u0144stwa. Podobno nie pami\u0119ta nawet momentu, gdy pierwszy raz mia\u0142 narty na nogach. Na pewno by\u0142o to jednak pod okiem ojca, a za stok s\u0142u\u017cy\u0142a g\u00f3rka przed domem w rodzinnej dolinie Pitztal. Wspomina za to sw\u00f3j pierwszy upadek: \u201eKiedy pad\u0142em jak d\u0142ugi, dziadek powiedzia\u0142 do mnie: Chod\u017a, pomog\u0119 ci wsta\u0107! Ten moment przypominam sobie doskonale!\u201d. Kariera sportowa Raicha rozpocz\u0119\u0142a si\u0119 wcze\u015bniej ni\u017c si\u0119 to oficjalnie przyjmuje. Ju\u017c w wieku pi\u0119ciu lat wygra\u0142 swoje pierwsze zawody narciarskie: \u201eW mistrzostwach KS Arzl im Pitztal zdoby\u0142em z\u0142oty medal!\u201d.<\/p>\n<p class=\"MsoNormal\" style=\"margin: 0cm 0cm 10pt;\">R\u00f3wnie\u017c Raich poleca pocz\u0105tkuj\u0105cym kursy w szk\u00f3\u0142kach narciarskich, bo tylko w nich mo\u017cna krok po kroku nauczy\u0107 si\u0119 prawid\u0142owej techniki. Pytany, czy dobrym nauczycielem nie mo\u017ce by\u0107 kto\u015b z rodziny b\u0105d\u017a starszy kolega, opowiada: \u201eOwszem, o ile jest instruktorem\u2026\u201d.<\/p>\n<p class=\"MsoNormal\" style=\"margin: 0cm 0cm 10pt;\">Sam swojego syna postawi\u0142em na nartach \u2013 wbrew protestom cz\u0119\u015bci rodziny i znajomych \u2013 gdy mia\u0142 dwa i p\u00f3\u0142 roku. Wi\u0119cej: ju\u017c wtedy zacz\u0105\u0142 \u0107wiczy\u0107 w szk\u00f3\u0142ce narciarskiej Les Marmottones w Tignes. Je\u017adzi\u0142 tam przez dwa sezony (w sumie ponad trzy tygodnie). Potem \u2013 ju\u017c w tym roku \u2013 uczy\u0142 si\u0119 te\u017c w austriackim Alpbach i w\u0142oskiej Santa Caterinie.<\/p>\n<p class=\"MsoNormal\" style=\"margin: 0cm 0cm 10pt;\">Co wa\u017cne: nigdzie wi\u0119kszego problemu nie stanowi\u0142a bariera j\u0119zykowa \u2013 okazuje si\u0119, \u017ce dziecko doskonale bawi si\u0119 samym na\u015bladowaniem ruch\u00f3w Pana lub Pani (instruktor\u00f3w) oraz pozosta\u0142ych dzieciak\u00f3w w grupie. I w\u0142a\u015bnie w Santa Caterinie Kuba, maj\u0105c pi\u0119\u0107 i p\u00f3\u0142 roku, pokona\u0142\u00a0 fragment trasy Mistrzostw \u015awiata w giganci e kobiet 2005 r. (tzw. Deborah Compagnoni slope, oznaczona jako czarno-czerwona), bez problem\u00f3w je\u017adzi\u0142 po tamtejszych czerwonych nartostradach (a nawet po specjalnym torze wytyczonym dla dzieci w lesie). I te\u017c \u2013 z wielkim przej\u0119ciem \u2013 zaliczy\u0142 pierwsze zawody, zdobywaj\u0105c drugie miejsce.<\/p>\n<p class=\"MsoNormal\" style=\"margin: 0cm 0cm 10pt;\"><a href=\"\/wp-content\/uploads\/\/2010\/03\/kubaimg_4333.jpg\"><img loading=\"lazy\" decoding=\"async\" class=\"alignnone size-medium wp-image-267\" title=\"kubaimg_4333\" src=\"\/wp-content\/uploads\/\/2010\/03\/kubaimg_4333-300x225.jpg\" alt=\"\" width=\"300\" height=\"225\" srcset=\"\/narty\/wp-content\/uploads\/2010\/03\/kubaimg_4333-300x225.jpg 300w, \/narty\/wp-content\/uploads\/2010\/03\/kubaimg_4333.jpg 1280w\" sizes=\"(max-width: 300px) 100vw, 300px\" \/><\/a>\u00a0<em>Kuba na trasie zawod\u00f3w w Santa Caterina (fot. Ma\u0142gorzata Cie\u017cak)<\/em><\/p>\n<p class=\"MsoNormal\" style=\"margin: 0cm 0cm 10pt;\">Co najwa\u017cniejsze: na nartach czuje si\u0119 coraz pewniej i momentami je\u017adzi ju\u017c skr\u0119tem r\u00f3wnoleg\u0142ym. Jest przy tym z tego dumny, a r\u00f3wnocze\u015bnie \u015bwietnie si\u0119 bawi. A wszystkich swoich instruktor\u00f3w (Tommy&#8217;iego z Tignes, Harriet i Big Rudy&#8217;iego z Alpbach oraz Silviano z Santa Caterina) wspomina z wielk\u0105 estym\u0105.\u00a0<\/p>\n<p class=\"MsoNormal\" style=\"margin: 0cm 0cm 10pt;\">\u00a0<\/p>\n","protected":false},"excerpt":{"rendered":"<p>&#8230;przypi\u0105\u0107 dziecku narty? \u2013 to pytanie nurtuje wielu rodzic\u00f3w, pasjonat\u00f3w tego sportu, kt\u00f3rzy chcieliby, by ich pociechy tak\u017ce go pokocha\u0142y. Mo\u017ce wskaz\u00f3wk\u0105 b\u0119d\u0105 przypadki dw\u00f3ch wybitnych alpejczyk\u00f3w z Austrii: Manfreda Prangera (w bie\u017c\u0105cym sezonie z\u0142oty medalista Mistrzostw \u015awiata w slalomie) oraz Benjamina Reicha (czterokrotne mistrzostwo \u015bwiata junior\u00f3w, dwukrotne z\u0142oto olimpiejskie w Turynie w 2006 r., [&hellip;]<\/p>\n","protected":false},"author":1,"featured_media":0,"comment_status":"open","ping_status":"open","sticky":false,"template":"","format":"standard","meta":{"footnotes":""},"categories":[1],"tags":[],"_links":{"self":[{"href":"https:\/\/blog.polityka.pl\/narty\/wp-json\/wp\/v2\/posts\/265"}],"collection":[{"href":"https:\/\/blog.polityka.pl\/narty\/wp-json\/wp\/v2\/posts"}],"about":[{"href":"https:\/\/blog.polityka.pl\/narty\/wp-json\/wp\/v2\/types\/post"}],"author":[{"embeddable":true,"href":"https:\/\/blog.polityka.pl\/narty\/wp-json\/wp\/v2\/users\/1"}],"replies":[{"embeddable":true,"href":"https:\/\/blog.polityka.pl\/narty\/wp-json\/wp\/v2\/comments?post=265"}],"version-history":[{"count":0,"href":"https:\/\/blog.polityka.pl\/narty\/wp-json\/wp\/v2\/posts\/265\/revisions"}],"wp:attachment":[{"href":"https:\/\/blog.polityka.pl\/narty\/wp-json\/wp\/v2\/media?parent=265"}],"wp:term":[{"taxonomy":"category","embeddable":true,"href":"https:\/\/blog.polityka.pl\/narty\/wp-json\/wp\/v2\/categories?post=265"},{"taxonomy":"post_tag","embeddable":true,"href":"https:\/\/blog.polityka.pl\/narty\/wp-json\/wp\/v2\/tags?post=265"}],"curies":[{"name":"wp","href":"https:\/\/api.w.org\/{rel}","templated":true}]}}