
{"id":269,"date":"2010-04-07T11:31:22","date_gmt":"2010-04-07T09:31:22","guid":{"rendered":"http:\/\/narty.blog.polityka.pl\/?p=269"},"modified":"2010-04-07T11:31:22","modified_gmt":"2010-04-07T09:31:22","slug":"pozne-narty-pozna-deska","status":"publish","type":"post","link":"https:\/\/blog.polityka.pl\/narty\/2010\/04\/07\/pozne-narty-pozna-deska\/","title":{"rendered":"P\u00f3\u017ane narty, p\u00f3\u017ana deska"},"content":{"rendered":"<p>W Polsce na nartach mo\u017cna je\u017adzi\u0107 ju\u017c tylko na Kasprowym Wierchu. Tyle \u017ce TOPR okre\u015bla panuj\u0105ce tam warunki jako \u201ebardzo trudne\u201d. Lepiej jest oczywi\u015bcie w Alpach.\u00a0\u00a0<\/p>\n<p>W Kotle G\u0105sienicowym zalega od 20 do 152 cm \u015bniegu \u2013 z czego 15 cm to \u015bwie\u017cy opad z ostatnich dni. W\u0142a\u015bnie tak zr\u00f3\u017cnicowana pokrywa \u015bnie\u017cna powoduje, \u017ce jazda jest niebezpieczna (nie wspominaj\u0105c o wysokim prawdopodobie\u0144stwie uszkodzenia \u015blizg\u00f3w nart czy deski).<\/p>\n<p>Jedyna optymistyczna wie\u015b\u0107 to promocyjne ceny na Kolei G\u0105sienicow\u0105. Za 70 z\u0142 mo\u017cna je\u017adzi\u0107 przez ca\u0142y dzie\u0144 (a za 50 z\u0142 \u2013 od godziny 11 do zamkni\u0119cia wyci\u0105gu). Oferta obowi\u0105zuje okr\u0105g\u0142y tydzie\u0144 \u2013 tak\u017ce w weekendy. Co wi\u0119cej: w cenie mie\u015bci si\u0119 te\u017c mo\u017cliwo\u015b\u0107 powrotu Kolej\u0105 Linow\u0105 do Ku\u017anic. Jest to o tyle wa\u017cne, \u017ce z Kasprowego nie da si\u0119 zjecha\u0107 tam \u017cadn\u0105 z nartostrad. Nie ma nawet mowy o je\u017adzie w Kotle Goryczkowym \u2013 tam przez ca\u0142y sezon by\u0142o ma\u0142o \u015bniegu, a teraz jest go ledwie od 10 do 50 cm. Wyci\u0105g krzese\u0142kowy naturalnie tam nie kursuje.<\/p>\n<p>Za to w Alpach \u2013 cho\u0107 mijaj\u0105ca zima by\u0142a, by tak rzec, mocno zmienna \u2013 w wielu miejscach b\u0119dzie mo\u017cna je\u017adzi\u0107 na nartach b\u0105d\u017a desce jeszcze na pocz\u0105tku maja.<\/p>\n<p>Najbli\u017cej \u015bnieg mo\u017cna wci\u0105\u017c znale\u017a\u0107 w Austrii. Wprawdzie ni\u017cej po\u0142o\u017cone stacje po \u015awi\u0119tach \u2013 jak ka\u017ce tamtejsza tradycja \u2013 powoli ko\u0144cz\u0105 sezon, ale wci\u0105\u017c wiele jest miejsc, w kt\u00f3rych nadal mo\u017cna je\u017adzi\u0107.<\/p>\n<p>Ich symbolem jest udost\u0119pniany przez okr\u0105g\u0142y rok lodowiec Hintertux, kt\u00f3ry od ub. sezonu szczyci si\u0119 wyr\u00f3\u017cnieniem organizacji Skiresort International Service Team dla \u201enajlepszego lodowcowego terenu narciarskiego na \u015bwiecie\u201d. Ale na nim oczywi\u015bcie lista si\u0119 nie ko\u0144czy.<\/p>\n<p>Jak tylko zbior\u0119 naj\u015bwie\u017csze dane o sytuacji na austriackich lodowcach, od razu je tu przeka\u017c\u0119. A potem b\u0119dzie te\u017c o \u201ep\u00f3\u017anych nartach\u201d w Szwajcarii, W\u0142oszech i Francji (tu zaskoczeniem jest, \u017ce sezon w popularnym w Polsce Les 2 Alpes glacier sko\u0144czy\u0107 si\u0119 ma ju\u017c 24 kwietnia!)<\/p>\n<p>\u00a0<\/p>\n","protected":false},"excerpt":{"rendered":"<p>W Polsce na nartach mo\u017cna je\u017adzi\u0107 ju\u017c tylko na Kasprowym Wierchu. Tyle \u017ce TOPR okre\u015bla panuj\u0105ce tam warunki jako \u201ebardzo trudne\u201d. Lepiej jest oczywi\u015bcie w Alpach.\u00a0\u00a0 W Kotle G\u0105sienicowym zalega od 20 do 152 cm \u015bniegu \u2013 z czego 15 cm to \u015bwie\u017cy opad z ostatnich dni. W\u0142a\u015bnie tak zr\u00f3\u017cnicowana pokrywa \u015bnie\u017cna powoduje, \u017ce jazda [&hellip;]<\/p>\n","protected":false},"author":1,"featured_media":0,"comment_status":"open","ping_status":"open","sticky":false,"template":"","format":"standard","meta":{"footnotes":""},"categories":[1],"tags":[],"_links":{"self":[{"href":"https:\/\/blog.polityka.pl\/narty\/wp-json\/wp\/v2\/posts\/269"}],"collection":[{"href":"https:\/\/blog.polityka.pl\/narty\/wp-json\/wp\/v2\/posts"}],"about":[{"href":"https:\/\/blog.polityka.pl\/narty\/wp-json\/wp\/v2\/types\/post"}],"author":[{"embeddable":true,"href":"https:\/\/blog.polityka.pl\/narty\/wp-json\/wp\/v2\/users\/1"}],"replies":[{"embeddable":true,"href":"https:\/\/blog.polityka.pl\/narty\/wp-json\/wp\/v2\/comments?post=269"}],"version-history":[{"count":0,"href":"https:\/\/blog.polityka.pl\/narty\/wp-json\/wp\/v2\/posts\/269\/revisions"}],"wp:attachment":[{"href":"https:\/\/blog.polityka.pl\/narty\/wp-json\/wp\/v2\/media?parent=269"}],"wp:term":[{"taxonomy":"category","embeddable":true,"href":"https:\/\/blog.polityka.pl\/narty\/wp-json\/wp\/v2\/categories?post=269"},{"taxonomy":"post_tag","embeddable":true,"href":"https:\/\/blog.polityka.pl\/narty\/wp-json\/wp\/v2\/tags?post=269"}],"curies":[{"name":"wp","href":"https:\/\/api.w.org\/{rel}","templated":true}]}}