
{"id":275,"date":"2010-04-12T00:56:05","date_gmt":"2010-04-11T22:56:05","guid":{"rendered":"http:\/\/narty.blog.polityka.pl\/?p=275"},"modified":"2010-04-11T11:57:34","modified_gmt":"2010-04-11T09:57:34","slug":"pozne-narty-austria-ii","status":"publish","type":"post","link":"https:\/\/blog.polityka.pl\/narty\/2010\/04\/12\/pozne-narty-austria-ii\/","title":{"rendered":"P\u00f3\u017ane narty: Austria (II)"},"content":{"rendered":"<p><a href=\"\/wp-content\/uploads\/\/2010\/04\/kitzkaprun910804f40df54ebd694411ea66ee487.jpg\"><\/a>Lodowce M\u00f6lltaler i Kitzsteinhorn to kolejne miejsca w Austrii, gdzie sezon zimowy trwa w najlepsze. Ba, na nartach b\u0105d\u017a snowboardzieb\u0119dzie tam mo\u017cna je\u017adzi\u0107 jeszcze d\u0142ugo.<\/p>\n<p>M\u00f6lltaler w Karyntii to 53 km nartostrad oraz \u2013 jak opowiada\u0142 mi niedawno Jacek Szyndler, dyrektor katolickiej \u201eSzko\u0142y z charakterem\u201d im. Edyty Stein w Gliwicach , kt\u00f3ry od lat je\u017adzi tam ze swoimi wychowankami na zako\u0144czenie sezonu \u2013 \u201ebardzo du\u017co terenu do jazdy poza trasami\u201d. A przecie\u017c off piste na lodowcach to rzadko\u015b\u0107: trzeba dobrze zna\u0107 teren (b\u0105d\u017a wynaj\u0105\u0107 przewodnika) i nieustannie mie\u0107 si\u0119 na baczno\u015bci, by nie wpa\u015b\u0107 w szczelin\u0119.<\/p>\n<p>W miniony weekend przy g\u00f3rnej stacji kolejki na M\u00f6lltaler (na 3122 m n.p.m.) zalega\u0142o do\u2026 390 m \u015bniegu, a przy \u015brodkowej (czyli na 2100 m n.p.m. ) by\u0142o go 120 cm. Obecnie otwartych jest wi\u0119c 45 km tras. Pracuje 6 z 9 wyci\u0105g\u00f3w \u2013 i b\u0119d\u0105 czynne a\u017c do 16 maja.<\/p>\n<p>Dyr. Szyndler zachwala te\u017c, \u017ce \u201ew restauracji na szczycie jest dobre jedzenie, a po\u015brodku bardzo fajne schronisko \u2013 cz\u0119\u015bciowo po remoncie\u201d.<\/p>\n<p>Je\u017adzi\u0107 mo\u017cna te\u017c oczywi\u015bcie na lodowcu Kitzsteinhorn w Ziemi Salzburskiej, kt\u00f3ry w Polsce znany jest jako Zell Am See\/Kaprun. Jest tam ok. 150 cm \u015bniegu, a w najbli\u017cszych dniach mo\u017cliwe s\u0105 opady, bo na g\u00f3rze temperatury s\u0105 i b\u0119d\u0105 ujemne. Je\u017adzi si\u0119 mi\u0119dzy 1978 a 3029 m n.p.m. Dzia\u0142a 15 z 17 kolejek i wyci\u0105g\u00f3w. Tak\u017ce tam udost\u0119pniono 5 obszar\u00f3w do freeride\u2019u o r\u00f3\u017cnym stopniu trudno\u015bci. Od tego sezonu dzia\u0142a r\u00f3wnie\u017c nowy system informacji dla amator\u00f3w jazdy poza trasami. A aktualne has\u0142o brzmi: Powder in Spring Freeride XXL.<\/p>\n<p><a href=\"\/wp-content\/uploads\/\/2010\/04\/kitzkaprun910804f40df54ebd694411ea66ee487.jpg\"><img loading=\"lazy\" decoding=\"async\" class=\"alignnone size-medium wp-image-276\" title=\"kitzkaprun910804f40df54ebd694411ea66ee487\" src=\"\/wp-content\/uploads\/\/2010\/04\/kitzkaprun910804f40df54ebd694411ea66ee487.jpg\" alt=\"\" width=\"120\" height=\"80\" \/><\/a>\u00a0<em>Kitzsteinhorn <\/em><\/p>\n<p>Za\u015b na prze\u0142omie kwietnia i maja na Kitzsteinhorn odb\u0119dzie si\u0119 Firn Und Fest Happening, a w jego ramach koncerty na \u015bniegu, rozmaite zawody (dost\u0119pne tak\u017ce dla go\u015bci) oraz darmowe testy modeli nart i desek sezonu 2010\/2011. Szczeg\u00f3\u0142owy program na stronie internetowej <a href=\"http:\/\/www.kitzsteinhorn.at\/aktuell\/events\/?we_objectID=324\" target=\"_blank\">Firn Und Fest<\/a>.<\/p>\n<p>I wreszcie: Kitzsteinhorn jest otwarty dla narciarzy i snowboardzist\u00f3w praktycznie przez okr\u0105g\u0142y rok. Sezon zimowy ko\u0144czy si\u0119 tam dopiero 30 maja, a ju\u017c 20 czerwca rusza&#8230; letni sezon narciarski. Potrwa do ko\u0144ca wrze\u015bnia, a potem nadejdzie znowu zima!<\/p>\n<p>\u00a0<\/p>\n","protected":false},"excerpt":{"rendered":"<p>Lodowce M\u00f6lltaler i Kitzsteinhorn to kolejne miejsca w Austrii, gdzie sezon zimowy trwa w najlepsze. Ba, na nartach b\u0105d\u017a snowboardzieb\u0119dzie tam mo\u017cna je\u017adzi\u0107 jeszcze d\u0142ugo. M\u00f6lltaler w Karyntii to 53 km nartostrad oraz \u2013 jak opowiada\u0142 mi niedawno Jacek Szyndler, dyrektor katolickiej \u201eSzko\u0142y z charakterem\u201d im. Edyty Stein w Gliwicach , kt\u00f3ry od lat je\u017adzi [&hellip;]<\/p>\n","protected":false},"author":1,"featured_media":0,"comment_status":"open","ping_status":"open","sticky":false,"template":"","format":"standard","meta":{"footnotes":""},"categories":[1],"tags":[],"_links":{"self":[{"href":"https:\/\/blog.polityka.pl\/narty\/wp-json\/wp\/v2\/posts\/275"}],"collection":[{"href":"https:\/\/blog.polityka.pl\/narty\/wp-json\/wp\/v2\/posts"}],"about":[{"href":"https:\/\/blog.polityka.pl\/narty\/wp-json\/wp\/v2\/types\/post"}],"author":[{"embeddable":true,"href":"https:\/\/blog.polityka.pl\/narty\/wp-json\/wp\/v2\/users\/1"}],"replies":[{"embeddable":true,"href":"https:\/\/blog.polityka.pl\/narty\/wp-json\/wp\/v2\/comments?post=275"}],"version-history":[{"count":0,"href":"https:\/\/blog.polityka.pl\/narty\/wp-json\/wp\/v2\/posts\/275\/revisions"}],"wp:attachment":[{"href":"https:\/\/blog.polityka.pl\/narty\/wp-json\/wp\/v2\/media?parent=275"}],"wp:term":[{"taxonomy":"category","embeddable":true,"href":"https:\/\/blog.polityka.pl\/narty\/wp-json\/wp\/v2\/categories?post=275"},{"taxonomy":"post_tag","embeddable":true,"href":"https:\/\/blog.polityka.pl\/narty\/wp-json\/wp\/v2\/tags?post=275"}],"curies":[{"name":"wp","href":"https:\/\/api.w.org\/{rel}","templated":true}]}}