
{"id":277,"date":"2010-04-17T14:12:05","date_gmt":"2010-04-17T12:12:05","guid":{"rendered":"http:\/\/narty.blog.polityka.pl\/?p=277"},"modified":"2010-04-17T14:12:05","modified_gmt":"2010-04-17T12:12:05","slug":"pozne-narty-szwajcaria","status":"publish","type":"post","link":"https:\/\/blog.polityka.pl\/narty\/2010\/04\/17\/pozne-narty-szwajcaria\/","title":{"rendered":"P\u00f3\u017ane narty: Szwajcaria"},"content":{"rendered":"<p><a href=\"\/wp-content\/uploads\/\/2010\/04\/ef_teleski6_08.jpg\"><\/a><a href=\"\/wp-content\/uploads\/\/2010\/04\/bottaolden.jpg\"><\/a><a href=\"\/wp-content\/uploads\/\/2010\/04\/ef_village-ete.jpg\"><\/a><a href=\"\/wp-content\/uploads\/\/2010\/04\/shapeimage_1.jpg\"><\/a>P\u00f3\u017ane narty w Szwajcarii to oczywi\u015bcie Glacier Paradise u st\u00f3p samego Matterhornu \u2013 z baz\u0105 wypadow\u0105 w Zermatt. Ale \u015bwietnym miejscem jest tak\u017ce ma\u0142o znany w Polsce lodowiec Glacier 3000 nad wiosk\u0105 Les Diablerets w regionie Jeziora Genewskiego.<\/p>\n<p>Ta po\u0142o\u017cona nieopodal Montreaux (oraz 120 km od Genewy i 250 km od Zurichu) urocza osada s\u0142usznie szczyci si\u0119 ortodoksyjn\u0105 dba\u0142o\u015bci\u0105 o zachowanie alpejskiego charakteru. Do\u015b\u0107 wspomnie\u0107, \u017ce nie wydaje si\u0119 tu zezwole\u0144 na budow\u0119 dom\u00f3w odbiegaj\u0105cych od u\u015bwi\u0119conego tradycj\u0105 wzoru, a jedyny wi\u0119kszy hotel Eurotel Victoria, cho\u0107 ma ledwie 4 kondygnacje, to musia\u0142 stan\u0105\u0107 na skraju wsi i zosta\u0107 tak wkomponowany w otoczenie, by nie zak\u0142\u00f3ca\u0107 panoramy.<\/p>\n<p><a href=\"\/wp-content\/uploads\/\/2010\/04\/ef_village-ete.jpg\"><img loading=\"lazy\" decoding=\"async\" class=\"alignnone size-medium wp-image-281\" title=\"ef_village-ete\" src=\"\/wp-content\/uploads\/\/2010\/04\/ef_village-ete-300x198.jpg\" alt=\"\" width=\"300\" height=\"198\" srcset=\"\/narty\/wp-content\/uploads\/2010\/04\/ef_village-ete-300x198.jpg 300w, \/narty\/wp-content\/uploads\/2010\/04\/ef_village-ete.jpg 800w\" sizes=\"(max-width: 300px) 100vw, 300px\" \/><\/a><em>\u00a0Les Diablerets<\/em><\/p>\n<p>Z podobn\u0105 trosk\u0105 w\u0142adze Les Diablerets podesz\u0142y do kolejki wwo\u017c\u0105cej narciarzy, snowboardzist\u00f3w i innych go\u015bci na lodowiec: jako projektant zatrudniony zosta\u0142 mi\u0119dzynarodowej s\u0142awy architekt Mario Botta, kt\u00f3ry poza oryginaln\u0105 bry\u0142\u0105 g\u00f3rnej stacji, poleci\u0142 perony dolnej umie\u015bci\u0107 w podziemnym tunelu, co pozwoli\u0142o zmniejszy\u0107 jej rozmiary.\u00a0<\/p>\n<p><em><a href=\"\/wp-content\/uploads\/\/2010\/04\/shapeimage_1.jpg\"><img loading=\"lazy\" decoding=\"async\" class=\"alignnone size-medium wp-image-282\" title=\"shapeimage_1\" src=\"\/wp-content\/uploads\/\/2010\/04\/shapeimage_1-300x95.jpg\" alt=\"\" width=\"300\" height=\"95\" srcset=\"\/narty\/wp-content\/uploads\/2010\/04\/shapeimage_1-300x95.jpg 300w, \/narty\/wp-content\/uploads\/2010\/04\/shapeimage_1.jpg 723w\" sizes=\"(max-width: 300px) 100vw, 300px\" \/><\/a>\u00a0Glacier 3000 i g\u00f3rna stacja kolejki <\/em><\/p>\n<p>Na samym Glacier 3000 czeka 30 km tras. Dla wszystkich. Pocz\u0105tkuj\u0105cy mog\u0105 trenowa\u0107 na \u0142agodnych nartostradach plateau lodowca. A \u017ce s\u0105 one odpowiednio szerokie, zadowol\u0105 te\u017c mi\u0142o\u015bnik\u00f3w klasycznego carvingu. Ci, kt\u00f3rzy kochaj\u0105 freeride po opadach \u015bniegu (sam mia\u0142em szcz\u0119\u015bcie trafi\u0107 na nie pod koniec lutego) mog\u0105 popr\u00f3bowa\u0107 puchu poza trasami. Wprawdzie, jak to na lodowcu, trzeba uwa\u017ca\u0107 na szczeliny, ale tamtejsi ratownicy g\u00f3rscy twierdz\u0105, \u017ce na Glacier 3000 s\u0105 one \u2013 \u201ena tyle, na ile si\u0119 da\u201d \u2013 oznaczane.<\/p>\n<p>Do\u015bwiadczeni narciarze i snowboardzi\u015bci obowi\u0105zkowo musz\u0105 te\u017c spr\u00f3bowa\u0107 czarnej trasy z lodowca przez Combe d\u2019Audon do Oldenalp. Wiedzie w\u0105skim przesmykiem mi\u0119dzy wysokimi ska\u0142ami (sceneria przypomina s\u0142ynn\u0105 Valle Blanche z Aiquille di Midi w Chamonix), a r\u00f3\u017cnica poziom\u00f3w przekracza 1100 m. W razie potrzeby mo\u017ce by\u0107 sztucznie do\u015bnie\u017cona, co sprawia, \u017ce w Les Diablerets mo\u017cna nawet pod koniec sezonu je\u017adzi\u0107 nie tylko na 3000 m n.p.m., ale r\u00f3wnie\u017c na wysoko\u015bci&#8230; 1840 m n.p.m.<\/p>\n<p>A o ile pogoda dopisze, wszyscy mog\u0105 zachwyci\u0107 si\u0119 tam r\u00f3wnie\u017c widokiem \u0142agodnej kopu\u0142y Mont Blanc, wyrazistej grani Matterhorn oraz&#8230; tafli Jeziora Genewskiego. Sam mog\u0142em tylko zobaczy\u0107 szczyty s\u0142ynnych czterotysi\u0119cznik\u00f3w, bo jezioro zakrywa\u0142y niskie chmury. Ciekawe jednak, \u017ce cho\u0107 wia\u0142 nadzwyczaj silny wiatr (ponad 100 km\/godzin\u0119) zar\u00f3wno kolejka kabinowa na lodowiec, jak krzes\u0142a i orczyki dzia\u0142a\u0142y niemal w najlepsze. Zmniejszono jedynie pr\u0119dko\u015b\u0107 jazdy, a do kabiny kolejki wtoczono betonowe balasty. Emocje by\u0142y w ka\u017cdym razie wielkie \u2013 w \u017cyciu przy takim wietrze nie korzysta\u0142em z wyci\u0105g\u00f3w. Obs\u0142uga przyzna\u0142a jednak, \u017ce poprzedniego dnia musia\u0142a zamkn\u0105\u0107 wszystkie instalacje z kolejk\u0105 w\u0142\u0105cznie \u2013 tyle \u017ce pr\u0119dko\u015b\u0107 wichury si\u0119ga\u0142a 150 km\/godzin\u0119.<\/p>\n<p>W sezonie pr\u00f3cz lodowca czynne s\u0105 w Les Diablerets dodatkowe, wytyczone ju\u017c ni\u017cej, bo na wysoko\u015bci samej wioski, czyli nieco powy\u017cej 1150 m n.p.m., obszary narciarskie obejmuj\u0105ce 100 km tras. Dzieci do 9 lat je\u017cd\u017c\u0105 tam na dodatek za darmo, specjalne zni\u017cki maj\u0105 te\u017c dla nich niekt\u00f3re hotele. Dla maluch\u00f3w atrakcj\u0105 mo\u017ce by\u0107 kilka legend zwi\u0105zanych z Les Diablerets. Ot cho\u0107by, ta zwi\u0105zana z olbrzymimi g\u0142azami i bry\u0142ami lodu, kt\u00f3re pono\u0107 co jaki\u015b czas spadaj\u0105 z lodowca do otaczaj\u0105cych go dolin. Wedle lokalnego podania w rzeczywisto\u015bci s\u0105 to&#8230; kule do kr\u0119gli, w kt\u00f3r\u0105 to gr\u0119 zabawiaj\u0105 si\u0119 na lodowcu diab\u0142y. Oto bowiem na skraju lodowca stoi olbrzymia ska\u0142a przypominaj\u0105ca w\u0142a\u015bnie kr\u0119giel (podobna sk\u0105din\u0105d do Maczugi Herkulesa z podkrakowskiej Piaskowej Ska\u0142y).\u00a0<\/p>\n<p><a href=\"\/wp-content\/uploads\/\/2010\/04\/ef_teleski6_08.jpg\"><img loading=\"lazy\" decoding=\"async\" class=\"alignnone size-medium wp-image-278\" title=\"ef_teleski6_08\" src=\"\/wp-content\/uploads\/\/2010\/04\/ef_teleski6_08-198x300.jpg\" alt=\"\" width=\"198\" height=\"300\" srcset=\"\/narty\/wp-content\/uploads\/2010\/04\/ef_teleski6_08-198x300.jpg 198w, \/narty\/wp-content\/uploads\/2010\/04\/ef_teleski6_08.jpg 529w\" sizes=\"(max-width: 198px) 100vw, 198px\" \/><\/a>\u00a0<em>Ska\u0142y (czy te\u017c diabelskie kr\u0119gle) i orczyk na Glacier 3000<\/em><\/p>\n<p>O innych walorach stacji b\u0119dzie mo\u017ce okazja napisa\u0107 wi\u0119cej jesieni\u0105 (zw\u0142aszcza, \u017ce tzw. Monsterpark, czyli snowpark na Glacier 3000, rusza ju\u017c w pa\u017adzierniku, a panuj\u0105ce tam wtedy warunki wielu mi\u0142o\u015bnik\u00f3w snowboardu i freestylu ocenia jako idealne na rozgrzewk\u0119 przed pe\u0142ni\u0105 sezonu).<\/p>\n<p>Na razie najwa\u017cniejsze jest to, \u017ce zar\u00f3wno Glacier Paradise w Zermatt, jak Glacier 3000 w Les Diablerets s\u0105 otwarte a\u017c do 2 maja. A na zako\u0144czenie sezonu obowi\u0105zuj\u0105 jeszcze ekstra ceny (przyk\u0142adowo 7 nocleg\u00f3w i 6 dniowy skipass mo\u017cna wykupi\u0107 za 270 Euro).<\/p>\n","protected":false},"excerpt":{"rendered":"<p>P\u00f3\u017ane narty w Szwajcarii to oczywi\u015bcie Glacier Paradise u st\u00f3p samego Matterhornu \u2013 z baz\u0105 wypadow\u0105 w Zermatt. Ale \u015bwietnym miejscem jest tak\u017ce ma\u0142o znany w Polsce lodowiec Glacier 3000 nad wiosk\u0105 Les Diablerets w regionie Jeziora Genewskiego. Ta po\u0142o\u017cona nieopodal Montreaux (oraz 120 km od Genewy i 250 km od Zurichu) urocza osada s\u0142usznie [&hellip;]<\/p>\n","protected":false},"author":1,"featured_media":0,"comment_status":"open","ping_status":"open","sticky":false,"template":"","format":"standard","meta":{"footnotes":""},"categories":[1],"tags":[],"_links":{"self":[{"href":"https:\/\/blog.polityka.pl\/narty\/wp-json\/wp\/v2\/posts\/277"}],"collection":[{"href":"https:\/\/blog.polityka.pl\/narty\/wp-json\/wp\/v2\/posts"}],"about":[{"href":"https:\/\/blog.polityka.pl\/narty\/wp-json\/wp\/v2\/types\/post"}],"author":[{"embeddable":true,"href":"https:\/\/blog.polityka.pl\/narty\/wp-json\/wp\/v2\/users\/1"}],"replies":[{"embeddable":true,"href":"https:\/\/blog.polityka.pl\/narty\/wp-json\/wp\/v2\/comments?post=277"}],"version-history":[{"count":0,"href":"https:\/\/blog.polityka.pl\/narty\/wp-json\/wp\/v2\/posts\/277\/revisions"}],"wp:attachment":[{"href":"https:\/\/blog.polityka.pl\/narty\/wp-json\/wp\/v2\/media?parent=277"}],"wp:term":[{"taxonomy":"category","embeddable":true,"href":"https:\/\/blog.polityka.pl\/narty\/wp-json\/wp\/v2\/categories?post=277"},{"taxonomy":"post_tag","embeddable":true,"href":"https:\/\/blog.polityka.pl\/narty\/wp-json\/wp\/v2\/tags?post=277"}],"curies":[{"name":"wp","href":"https:\/\/api.w.org\/{rel}","templated":true}]}}