
{"id":283,"date":"2010-04-19T07:08:12","date_gmt":"2010-04-19T05:08:12","guid":{"rendered":"http:\/\/narty.blog.polityka.pl\/?p=283"},"modified":"2010-04-18T19:14:46","modified_gmt":"2010-04-18T17:14:46","slug":"pozne-narty-francja","status":"publish","type":"post","link":"https:\/\/blog.polityka.pl\/narty\/2010\/04\/19\/pozne-narty-francja\/","title":{"rendered":"P\u00f3\u017ane narty: Francja"},"content":{"rendered":"<p><a href=\"\/wp-content\/uploads\/\/2010\/04\/bild0980.jpg\"><\/a>Zwykle to we Francji mo\u017cna by\u0142o najd\u0142u\u017cej w Alpach poje\u017adzi\u0107 na nartach b\u0105d\u017a snowboardzie. W tym sezonie jednak niekt\u00f3re tamtejsze lodowce wedle planu zostan\u0105 zamkni\u0119te ju\u017c po najbli\u017cszym weekendzie.<\/p>\n<p>Tak ma by\u0107 cho\u0107by w popularnym w Polsce Les 2 Alpes. Nie wiadomo zreszt\u0105 dlaczego, bo po opadach w minionym tygodniu jest tam mn\u00f3stwo \u015bniegu: 190 cm na wysoko\u015bci 3200 m n.p.m., a 110 cm w samej stacji. Na razie wi\u0119c wci\u0105\u017c otwartych jest wi\u0119c 73 z 94 tras.<\/p>\n<p>Tylko do 25 kwietnia udost\u0119pnione maj\u0105 by\u0107 r\u00f3wnie\u017c stoki w Alpe d\u2019Huez, gdzie na lodowcu Sarenne jest a\u017c 230 cm (te\u017c dopada\u0142o w ostatnim tygodniu) oraz w La Plagne \u2013 cho\u0107 na lodowcu Bellcote jest 230 cm \u015bniegu.<\/p>\n<p>Szcz\u0119\u015bliwie d\u0142u\u017cej \u2013 bo do 2 maja \u2013 dzia\u0142a\u0107 b\u0119d\u0105 wyci\u0105gi w moim ulubionym regionie Espace Killy (czyli w Tignes i Val d\u2019Isere). Na lodowcu Grande Motte jest 175 cm \u015bniegu, a w samym Tignes \u2013 75 cm. Czynnych jest 150 km nartostrad. W s\u0105siednim Val d\u2019Isere na lodowcu Pissaias le\u017cy prawie 2 metry \u015bniegu (a w samym Val \u2013 ponad 80 cm) i mo\u017cna je\u017adzi\u0107 prawie po ca\u0142ym obszarze stacji (m.in. na rewelacyjnych tam terenach poza trasami).<\/p>\n<p><a href=\"\/wp-content\/uploads\/\/2010\/04\/bild0980.jpg\"><img loading=\"lazy\" decoding=\"async\" class=\"alignnone size-medium wp-image-284\" title=\"bild0980\" src=\"\/wp-content\/uploads\/\/2010\/04\/bild0980-300x225.jpg\" alt=\"\" width=\"300\" height=\"225\" srcset=\"\/narty\/wp-content\/uploads\/2010\/04\/bild0980-300x225.jpg 300w, \/narty\/wp-content\/uploads\/2010\/04\/bild0980.jpg 480w\" sizes=\"(max-width: 300px) 100vw, 300px\" \/><\/a>\u00a0<em>W drodze na off piste w Val d&#8217;Isere (wiosna ub. roku)<\/em><\/p>\n<p>A\u017c do 9 maja mo\u017cna b\u0119dzie korzysta\u0107 ze zboczy Val Thorens w Trzech Dolinach. A warunki s\u0105 tam idealne: ostatni raz pada\u0142o w niedziel\u0119 i na lodowcu Peclet zalega prawie 2 metry \u015bniegu. W samej stacji (po\u0142o\u017conej najwy\u017cej w Europie, bo na wysoko\u015bci 2300 m n.p.m.) jest go 105 cm.\u00a0 Nic dziwnego, \u017ce da si\u0119 je\u017adzi\u0107 po wszystkich tamtejszych trasach (\u0142\u0105cznie to 140 km). Oraz oczywi\u015bcie poza nimi!<\/p>\n<p>Dlaczego wiele francuskich stacji tak wcze\u015bnie zaplanowa\u0142o zako\u0144czenie tego sezonu? Swoje zrobi\u0142 pewnie strach przed ryzykiem zwi\u0105zanym z kryzysem gospodarczym. Wszak decyzje o tym, jak d\u0142ugo czynne b\u0119d\u0105 w sezonie 2009\/2010 wyci\u0105gi podejmowano latem ub. roku, gdy dominowa\u0142o przekonanie, \u017ce stagnacja w \u015bwiatowej gospodarce \u2013 ze wszystkimi swoimi skutkami, w tym zastojem w bran\u017cy turystycznej \u2013 potrwa jeszcze d\u0142ugo.<\/p>\n<p>Ale znaczenie mog\u0142a mie\u0107 tak\u017ce mocno zr\u00f3\u017cnicowana pogoda w ostatnich latach \u2013 i gro\u017aba braku \u015bniegu. Tyle \u017ce cho\u0107 mijaj\u0105ca zima te\u017c zaskakiwa\u0142a radykalnymi zmianami aury (i pokrywy \u015bnie\u017cnej), to okazuje si\u0119, \u017ce je\u017adzi\u0107 da\u0142oby si\u0119 jeszcze d\u0142ugo.<\/p>\n<p>\u00a0<\/p>\n","protected":false},"excerpt":{"rendered":"<p>Zwykle to we Francji mo\u017cna by\u0142o najd\u0142u\u017cej w Alpach poje\u017adzi\u0107 na nartach b\u0105d\u017a snowboardzie. W tym sezonie jednak niekt\u00f3re tamtejsze lodowce wedle planu zostan\u0105 zamkni\u0119te ju\u017c po najbli\u017cszym weekendzie. Tak ma by\u0107 cho\u0107by w popularnym w Polsce Les 2 Alpes. Nie wiadomo zreszt\u0105 dlaczego, bo po opadach w minionym tygodniu jest tam mn\u00f3stwo \u015bniegu: 190 [&hellip;]<\/p>\n","protected":false},"author":1,"featured_media":0,"comment_status":"open","ping_status":"open","sticky":false,"template":"","format":"standard","meta":{"footnotes":""},"categories":[1],"tags":[],"_links":{"self":[{"href":"https:\/\/blog.polityka.pl\/narty\/wp-json\/wp\/v2\/posts\/283"}],"collection":[{"href":"https:\/\/blog.polityka.pl\/narty\/wp-json\/wp\/v2\/posts"}],"about":[{"href":"https:\/\/blog.polityka.pl\/narty\/wp-json\/wp\/v2\/types\/post"}],"author":[{"embeddable":true,"href":"https:\/\/blog.polityka.pl\/narty\/wp-json\/wp\/v2\/users\/1"}],"replies":[{"embeddable":true,"href":"https:\/\/blog.polityka.pl\/narty\/wp-json\/wp\/v2\/comments?post=283"}],"version-history":[{"count":0,"href":"https:\/\/blog.polityka.pl\/narty\/wp-json\/wp\/v2\/posts\/283\/revisions"}],"wp:attachment":[{"href":"https:\/\/blog.polityka.pl\/narty\/wp-json\/wp\/v2\/media?parent=283"}],"wp:term":[{"taxonomy":"category","embeddable":true,"href":"https:\/\/blog.polityka.pl\/narty\/wp-json\/wp\/v2\/categories?post=283"},{"taxonomy":"post_tag","embeddable":true,"href":"https:\/\/blog.polityka.pl\/narty\/wp-json\/wp\/v2\/tags?post=283"}],"curies":[{"name":"wp","href":"https:\/\/api.w.org\/{rel}","templated":true}]}}