
{"id":285,"date":"2010-04-24T10:01:27","date_gmt":"2010-04-24T08:01:27","guid":{"rendered":"http:\/\/narty.blog.polityka.pl\/?p=285"},"modified":"2010-04-24T10:23:46","modified_gmt":"2010-04-24T08:23:46","slug":"ratujmy-sarenne","status":"publish","type":"post","link":"https:\/\/blog.polityka.pl\/narty\/2010\/04\/24\/ratujmy-sarenne\/","title":{"rendered":"Ratujmy Sarenne!"},"content":{"rendered":"<p><a href=\"\/wp-content\/uploads\/\/2010\/04\/sarenne2.jpg\"><\/a><a href=\"\/wp-content\/uploads\/\/2010\/04\/grande-motte-tignes.jpg\"><\/a>\u2013 apeluj\u0105 mi\u0142o\u015bnicy tej \u201enajd\u0142u\u017cszej czarnej nartostrady na \u015bwiecie\u201d, wytyczonej na stokach Pic du Lac Blanc (3330 m np.m.) we francuskim (i znanym tak\u017ce w Polsce) Alpe d\u2019Huez.<\/p>\n<p>Powa\u017cany w\u015br\u00f3d mi\u0142o\u015bnik\u00f3w narciarstwa portal <a href=\"http:\/\/pistehors.com\/\" target=\"_blank\">Piste Hors<\/a>\u00a0alarmuje, \u017ce lodowiec Sarenne, przez kt\u00f3ry cz\u0119\u015bciowo przebiega licz\u0105ca 17 km trasa, topi si\u0119 w najszybszym tempie w Europie. Wskutek upalnej pogody w 2003 r. warstwa lodu na jego po\u0142udniowo-wschodnim zboczu stopnia\u0142a a\u017c o 5 metr\u00f3w i od tego czasu dalej si\u0119 kurczy. W 2008 r. zmniejszy\u0142a si\u0119 o kolejne 2, 5 metra \u2013 co by\u0142o wtedy rekordem w Alpach. Dzi\u015b jej grubo\u015b\u0107 nie przekracza 35 metr\u00f3w.<\/p>\n<p>O ile w 1908 r. lodowiec mia\u0142 124 hektary powierzchni, to w 1952 r. \u2013 85 hektar\u00f3w, a w 2003 r. \u2013 ju\u017c tylko 41 hektar\u00f3w. Wprawdzie \u015brednia opad\u00f3w \u015bniegu w rejonie Alpe d\u2019Huez na wysoko\u015bci Sarenne w ostatnich latach wzros\u0142a o 17 proc., ale r\u00f3wnocze\u015bnie latem i jesieni\u0105 temperatury s\u0105 tam tak wysokie, \u017ce tempo topnienia lodu wzros\u0142o o 40 proc. Pierwsze dni z ujemn\u0105 temperatur\u0105 pojawiaj\u0105 si\u0119 jesieni\u0105 prawie dwa tygodnie p\u00f3\u017aniej ni\u017c niegdy\u015b. Wy\u017csze s\u0105 te\u017c \u015brednie temperatury wrze\u015bnia (o 1\u00b0C) i pa\u017adziernika\u00a0 (1,6\u00b0C).<\/p>\n<p><a href=\"\/wp-content\/uploads\/\/2010\/04\/sarenne2.jpg\"><img loading=\"lazy\" decoding=\"async\" class=\"alignnone size-medium wp-image-286\" title=\"sarenne2\" src=\"\/wp-content\/uploads\/\/2010\/04\/sarenne2.jpg\" alt=\"\" width=\"150\" height=\"113\" \/><\/a>\u00a0<em>Sarenne<\/em><\/p>\n<p>Eksperci ostrzegaj\u0105, \u017ce je\u015bli tendencja ocieplenia klimatu si\u0119 utrzyma, to po Sarenne w ci\u0105gu najbli\u017cszej dekady mo\u017ce pozosta\u0107 tylko wspomnienie. Niewykluczone bowiem, \u017ce b\u0119dzie on kompletnie zniszczony. Ju\u017c dzi\u015b nie da si\u0119 na nim je\u017adzi\u0107 w lecie na nartach czy snowboardzie.<\/p>\n<p>W\u0142adze Alpe d\u2019Huez pr\u00f3buj\u0105 naturalnie ratowa\u0107 wizyt\u00f3wk\u0119 swojej stacji. Sposobem ma by\u0107 sztuczne na\u015bnie\u017canie lodowca. Jak twierdzi Christian Reverbel, odpowiedzialny za przygotowanie tras w Alpe d\u2019Huez, \u201esztuczny \u015bnieg z racji swoich w\u0142a\u015bciwo\u015bci nawet lepiej od naturalnego chroni powierzchni\u0119 lodowca przed topnieniem\u201d. Chce wi\u0119c gromadzi\u0107 wod\u0119 powsta\u0142\u0105 z topniej\u0105cej latem i jesieni\u0105 Sarenne w specjalnych zbiornikach, a potem \u2013 kiedy tylko temperatura spadnie \u2013 wykorzysta\u0107 j\u0105 do produkcji sztucznego \u015bniegu. Na lodowcu ma by\u0107 w tym celu zainstalowanych 60 armatek. Projekt\u00a0 wspieraj\u0105 w\u0142adze regionu, potrzeba jedynie pozwolenia budowlanego.<\/p>\n<p>K\u0142opot w tym, \u017ce nie jest wcale pewne, czy tego rodzaju operacja wystarczy, by uratowa\u0107 Sarenne. Na lodowcu Pissalaise w nieodleg\u0142ym Val d\u2019Isere ju\u017c kilka lat temu zainstalowano sztuczne na\u015bnie\u017canie, aby na powr\u00f3t mo\u017cna by\u0142o latem udost\u0119pni\u0107 go narciarzom i snowboardzistom. W po\u0142owie lipca wci\u0105\u017c jednak trzeba lodowiec zamyka\u0107, bo tempo topnienia jest wi\u0119ksze ni\u017c mo\u017cliwo\u015bci za\u015bnie\u017cania.<\/p>\n<p>Tak\u017ce w s\u0105siaduj\u0105cym z Val d\u2019Isere Tignes coraz cz\u0119\u015bciej rozwa\u017ca si\u0119 zamkni\u0119cie w lecie lodowca Grande Motte. Tymczasem dot\u0105d uchodzi\u0142 on za najlepsze miejsce do letniej jazdy we Francji. Chocia\u017c tamtejsze ekipy od przygotowywania tras maj\u0105 olbrzymie do\u015bwiadczenie w ochronie powierzchni lodowca, to od kilku lat jego czo\u0142o wyra\u017anie si\u0119 cofa. Nie jest te\u017c przypadkiem, \u017ce kilka lat temu z Grande Motte zesz\u0142a olbrzymia lawina lodu z serak\u00f3w, kt\u00f3ra silnie zmieni\u0142a ukszta\u0142towanie p\u00f3\u0142nocnej \u015bciany szczytu.<\/p>\n<p><a href=\"\/wp-content\/uploads\/\/2010\/04\/grande-motte-tignes.jpg\"><img loading=\"lazy\" decoding=\"async\" class=\"alignnone size-medium wp-image-287\" title=\"grande-motte-tignes\" src=\"\/wp-content\/uploads\/\/2010\/04\/grande-motte-tignes.jpg\" alt=\"\" width=\"174\" height=\"98\" \/><\/a>\u00a0<em>Grande Motte<\/em><\/p>\n<p>I cho\u0107 tak nazywanie zjazdu z Sarenne \u201enajd\u0142u\u017csz\u0105 czarn\u0105 nartostrad\u0105 na \u015bwiecie\u201d jest w sporej mierze chwytem marketingowym mened\u017cer\u00f3w Alpe d\u2019Huez (bo przynajmniej na 2\/3 d\u0142ugo\u015bci nie jest ona wcale trudna), to ju\u017c widokowo miejsce faktycznie jest pi\u0119kne, a wi\u0119c warte zachowania.<\/p>\n","protected":false},"excerpt":{"rendered":"<p>\u2013 apeluj\u0105 mi\u0142o\u015bnicy tej \u201enajd\u0142u\u017cszej czarnej nartostrady na \u015bwiecie\u201d, wytyczonej na stokach Pic du Lac Blanc (3330 m np.m.) we francuskim (i znanym tak\u017ce w Polsce) Alpe d\u2019Huez. Powa\u017cany w\u015br\u00f3d mi\u0142o\u015bnik\u00f3w narciarstwa portal Piste Hors\u00a0alarmuje, \u017ce lodowiec Sarenne, przez kt\u00f3ry cz\u0119\u015bciowo przebiega licz\u0105ca 17 km trasa, topi si\u0119 w najszybszym tempie w Europie. Wskutek upalnej [&hellip;]<\/p>\n","protected":false},"author":1,"featured_media":0,"comment_status":"open","ping_status":"open","sticky":false,"template":"","format":"standard","meta":{"footnotes":""},"categories":[1],"tags":[],"_links":{"self":[{"href":"https:\/\/blog.polityka.pl\/narty\/wp-json\/wp\/v2\/posts\/285"}],"collection":[{"href":"https:\/\/blog.polityka.pl\/narty\/wp-json\/wp\/v2\/posts"}],"about":[{"href":"https:\/\/blog.polityka.pl\/narty\/wp-json\/wp\/v2\/types\/post"}],"author":[{"embeddable":true,"href":"https:\/\/blog.polityka.pl\/narty\/wp-json\/wp\/v2\/users\/1"}],"replies":[{"embeddable":true,"href":"https:\/\/blog.polityka.pl\/narty\/wp-json\/wp\/v2\/comments?post=285"}],"version-history":[{"count":0,"href":"https:\/\/blog.polityka.pl\/narty\/wp-json\/wp\/v2\/posts\/285\/revisions"}],"wp:attachment":[{"href":"https:\/\/blog.polityka.pl\/narty\/wp-json\/wp\/v2\/media?parent=285"}],"wp:term":[{"taxonomy":"category","embeddable":true,"href":"https:\/\/blog.polityka.pl\/narty\/wp-json\/wp\/v2\/categories?post=285"},{"taxonomy":"post_tag","embeddable":true,"href":"https:\/\/blog.polityka.pl\/narty\/wp-json\/wp\/v2\/tags?post=285"}],"curies":[{"name":"wp","href":"https:\/\/api.w.org\/{rel}","templated":true}]}}