
{"id":289,"date":"2010-05-10T12:22:57","date_gmt":"2010-05-10T10:22:57","guid":{"rendered":"http:\/\/narty.blog.polityka.pl\/?p=289"},"modified":"2010-05-11T08:27:20","modified_gmt":"2010-05-11T06:27:20","slug":"wciaz-jezdzimy","status":"publish","type":"post","link":"https:\/\/blog.polityka.pl\/narty\/2010\/05\/10\/wciaz-jezdzimy\/","title":{"rendered":"Wci\u0105\u017c je\u017adzimy!"},"content":{"rendered":"<p><a href=\"\/wp-content\/uploads\/\/2010\/05\/maso-2588.jpg\"><\/a>Cho\u0107 pozornie sezon zimowy ju\u017c si\u0119 sko\u0144czy\u0142, wci\u0105\u017c da si\u0119 je\u017adzi\u0107 na nartach\u00a0czy snowboardzie! W Polsce dotyczy to oczywi\u015bcie jedynie mi\u0142o\u015bnik\u00f3w wypraw skitourowych, ale w Alpach nadal w kilku stacjach w najlepsze kursuj\u0105 wyci\u0105gi. Ba, gdzieniegdzie w\u0142a\u015bnie pocz\u0105tek lata jest \u2026 pocz\u0105tkiem sezonu.<\/p>\n<p>Wci\u0105\u017c otwarty jest chocia\u017cby najwy\u017cszy lodowiec Austrii, czyli Pitztalergletscher. Do 16 maja pracowa\u0107 tam ma 6 wyci\u0105g\u00f3w, a je\u017adzi\u0107 mo\u017cna nadal praktycznie na ca\u0142ej powierzchni lodowca, czyli mi\u0119dzy 2840 a 3440 m n.p.m. Do 30 maja czynny jest w Alpach austriackich r\u00f3wnie\u017c lodowiec Kaprun. Rych\u0142o potem \u2013 bo ju\u017c 20 czerwca \u2013 zostanie otwarty ponownie \u2013 tym razem ju\u017c w ramach \u201esezonu letniego\u201d.<\/p>\n<p>We W\u0142oszech 29 maja udost\u0119pniony zosta\u0107 ma w tym roku \u201enajwi\u0119kszy letni obszar narciarski w Europie\u201d, czyli lodowiec Stelvio w Tyrolu Po\u0142udniowym (dojazd od strony Bormio). Na narciarzy i snowboardzist\u00f3w czeka\u0107 tam b\u0119dzie 20 km tras na wysoko\u015bci od 2760 do 3400 m n.p.m. \u2013 tyle \u017ce jedynie do\u2026 po\u0142owy listopada. Zim\u0105 Stelvio jest bowiem nieczynny.<\/p>\n<p>Z kolei 12 czerwca po kr\u00f3tkiej przerwie konserwacyjnej rusz\u0105 kolej i wyci\u0105gi na Hochjoch, jeden z niewielu w Europie lodowc\u00f3w czynnych w praktyce przez ca\u0142y rok. Po\u0142o\u017cony jest r\u00f3wnie\u017c w Tyrolu Po\u0142udniowym, a jego baz\u0105 wypadow\u0105 jest Maso Corto\/Kurzras, coraz bardziej popularna w Polsce stacja na ko\u0144cu doliny Val Senales (i wysoko\u015bci 2011 m n.p.m!). Z Maso Corto w 6 minut mo\u017cna si\u0119 dosta\u0107 kolejk\u0105 linow\u0105 na 3212 m n.p.m. do kolejnych wyci\u0105g\u00f3w obs\u0142uguj\u0105cy ju\u017c 9 km tras ju\u017c na obszarze samego lodowca.<\/p>\n<p><a href=\"\/wp-content\/uploads\/\/2010\/05\/maso-2588.jpg\"><img loading=\"lazy\" decoding=\"async\" class=\"alignnone size-medium wp-image-290\" title=\"maso-2588\" src=\"\/wp-content\/uploads\/\/2010\/05\/maso-2588.jpg\" alt=\"\" width=\"290\" height=\"193\" \/><\/a>\u00a0<em>Lodowiec Hochjoch nad Maso Corto<\/em><\/p>\n<p>Je\u017adzi si\u0119 przy tym po terenie, po kt\u00f3rym ponad 5000 lat temu porusza\u0107 si\u0119 musia\u0142 \u00d6tzie \u2013 tajemniczy \u201ecz\u0142owiek lodu\u201d. To w\u0142a\u015bnie na nieodleg\u0142ej grani masywu \u00d6tztaler w 1991 r. odnaleziono doskonale zachowane w lodzie cia\u0142o m\u0119\u017cczyzny z epoki br\u0105zu, ochrzczonego p\u00f3\u017aniej \u201enajs\u0142ynniejszym alpejczykiem wszechczas\u00f3w\u201d.<\/p>\n<p>Co wi\u0119cej, od 12 czerwca w Maso Corto rozpocznie si\u0119 kolejna edycja Dni Polskich \u2013 maj\u0105ce nie tylko promowa\u0107 stacj\u0119 w\u015br\u00f3d rodak\u00f3w, ale te\u017c udowadnia\u0107, \u017ce je\u015bli si\u0119 chce, to narciarstwo i snowboard mo\u017cna, podobnie jak inne dyscypliny sportu i aktywnego wypoczynku, uprawia\u0107 okr\u0105g\u0142y rok. Niewykluczone, \u017ce z Dni w Maso uda si\u0119 i tu zda\u0107 relacj\u0119.<\/p>\n<p>W Alpach francuskich 19 czerwca wznowi\u0105 prac\u0119 instalacje na Grande Motte w Tignes. 20 km tras na tamtejszym lodowcu (w tym czerwone i czarne na wysoko\u015bci od 3000 do 3456 m np.p.m.) obs\u0142ugiwa\u0107 ma 12 wyci\u0105g\u00f3w. B\u0119d\u0105 kursowa\u0107 mi\u0119dzy godzin\u0105 7.30 a 13, bo p\u00f3\u017aniej z racji wysoko\u015bci s\u0142o\u0144ce mo\u017ce by\u0107 ju\u017c zbyt mocne. \u201eLetni\u201d sezon na Grande Motte potrwa do 29 sierpnia, potem nast\u0105pi kr\u00f3tka przerwa konserwacyjna i\u2026 zacznie si\u0119 zima.<\/p>\n<p>\u00a0<\/p>\n","protected":false},"excerpt":{"rendered":"<p>Cho\u0107 pozornie sezon zimowy ju\u017c si\u0119 sko\u0144czy\u0142, wci\u0105\u017c da si\u0119 je\u017adzi\u0107 na nartach\u00a0czy snowboardzie! W Polsce dotyczy to oczywi\u015bcie jedynie mi\u0142o\u015bnik\u00f3w wypraw skitourowych, ale w Alpach nadal w kilku stacjach w najlepsze kursuj\u0105 wyci\u0105gi. Ba, gdzieniegdzie w\u0142a\u015bnie pocz\u0105tek lata jest \u2026 pocz\u0105tkiem sezonu. Wci\u0105\u017c otwarty jest chocia\u017cby najwy\u017cszy lodowiec Austrii, czyli Pitztalergletscher. Do 16 maja [&hellip;]<\/p>\n","protected":false},"author":1,"featured_media":0,"comment_status":"open","ping_status":"open","sticky":false,"template":"","format":"standard","meta":{"footnotes":""},"categories":[1],"tags":[],"_links":{"self":[{"href":"https:\/\/blog.polityka.pl\/narty\/wp-json\/wp\/v2\/posts\/289"}],"collection":[{"href":"https:\/\/blog.polityka.pl\/narty\/wp-json\/wp\/v2\/posts"}],"about":[{"href":"https:\/\/blog.polityka.pl\/narty\/wp-json\/wp\/v2\/types\/post"}],"author":[{"embeddable":true,"href":"https:\/\/blog.polityka.pl\/narty\/wp-json\/wp\/v2\/users\/1"}],"replies":[{"embeddable":true,"href":"https:\/\/blog.polityka.pl\/narty\/wp-json\/wp\/v2\/comments?post=289"}],"version-history":[{"count":0,"href":"https:\/\/blog.polityka.pl\/narty\/wp-json\/wp\/v2\/posts\/289\/revisions"}],"wp:attachment":[{"href":"https:\/\/blog.polityka.pl\/narty\/wp-json\/wp\/v2\/media?parent=289"}],"wp:term":[{"taxonomy":"category","embeddable":true,"href":"https:\/\/blog.polityka.pl\/narty\/wp-json\/wp\/v2\/categories?post=289"},{"taxonomy":"post_tag","embeddable":true,"href":"https:\/\/blog.polityka.pl\/narty\/wp-json\/wp\/v2\/tags?post=289"}],"curies":[{"name":"wp","href":"https:\/\/api.w.org\/{rel}","templated":true}]}}