
{"id":296,"date":"2010-05-17T12:48:02","date_gmt":"2010-05-17T10:48:02","guid":{"rendered":"http:\/\/narty.blog.polityka.pl\/?p=296"},"modified":"2010-06-21T13:39:40","modified_gmt":"2010-06-21T11:39:40","slug":"polska-w-maso-czyli-narty-wino-i-celebryci","status":"publish","type":"post","link":"https:\/\/blog.polityka.pl\/narty\/2010\/05\/17\/polska-w-maso-czyli-narty-wino-i-celebryci\/","title":{"rendered":"Polska w Maso, czyli narty, wino i celebryci"},"content":{"rendered":"<p><a href=\"\/wp-content\/uploads\/\/2010\/05\/image.jpg\"><\/a><a href=\"\/wp-content\/uploads\/\/2010\/05\/polskie_dni_2006_02.jpg\"><\/a><a href=\"\/wp-content\/uploads\/\/2010\/05\/dlma_190608_061.jpg\"><\/a>Najpopularniejsi celebryci pojad\u0105 w po\u0142owie czerwca na Dni Polskie we w\u0142oskim Maso Corto, by promowa\u0107 tamtejszy lodowiec Hochjoch oraz aktywny tryb \u017cycia. To coraz powszechniejsza forma reklamy stacji zimowych u\u017cywane przez rodzime agencje public relation.<\/p>\n<p>Mi\u0119dzy 12 a 19 czerwca b\u0119dzie wi\u0119c mo\u017cna w Maso spotka\u0107 popularnych sportowc\u00f3w, aktor\u00f3w i prezenter\u00f3w telewizyjnych: Beat\u0119 Sadowsk\u0105,\u00a0 Ann\u0119 Dereszowsk\u0105, Iz\u0119 Kun\u0119, Marysi\u0119 G\u00f3ralczyk oraz Mariusza Pudzianowskiego, Rados\u0142awa Majdana, Przemys\u0142awa Salet\u0119, Tomasza Iwana, Rafa\u0142a Maseraka i braci Mroczek.<br \/>\nWszyscy, kt\u00f3rzy w tym czasie przyjad\u0105 do Maso (tygodniowy pobyt ze skipassem\u00a0 kosztuje od 240 Euro) b\u0119d\u0105 mogli poje\u017adzi\u0107 z nimi na nartach i desce.\u00a0 Co wi\u0119cej, najnowsze (na sezon 2010\/2011) modele swoich nart udost\u0119pni\u0105 do testowania firmy K2 i Blizzard. Swoje umiej\u0119tno\u015bci zaprezentuj\u0105 te\u017c czo\u0142owi narciarze freestyl\u2019owi i snowboardzi\u015bci.<\/p>\n<p><a href=\"\/wp-content\/uploads\/\/2010\/05\/polskie_dni_2006_02.jpg\"><img loading=\"lazy\" decoding=\"async\" class=\"alignnone size-medium wp-image-299\" title=\"polskie_dni_2006_02\" src=\"\/wp-content\/uploads\/\/2010\/05\/polskie_dni_2006_02-300x200.jpg\" alt=\"\" width=\"300\" height=\"200\" srcset=\"\/narty\/wp-content\/uploads\/2010\/05\/polskie_dni_2006_02-300x200.jpg 300w, \/narty\/wp-content\/uploads\/2010\/05\/polskie_dni_2006_02.jpg 750w\" sizes=\"(max-width: 300px) 100vw, 300px\" \/><\/a>\u00a0<em>Polskie Dni w Maso Corto 2006 r.<\/em><\/p>\n<p>Dla ch\u0119tnych p<a href=\"\/wp-content\/uploads\/\/2010\/05\/image.jpg\"><\/a>rzewidziano te\u017c mo\u017cliwo\u015b\u0107 ekstrem<a href=\"\/wp-content\/uploads\/\/2010\/05\/polskie_dni_2006_02.jpg\"><\/a>alnych lot\u00f3w na lotni (z nartami) oraz wypraw na rowerach g\u00f3rskich. Szczeg\u00f3ln\u0105 atrakcj\u0105 maj\u0105 by\u0107 zawody \u0142ucznicze oraz terenowy rajd samochodami Toyoty.<\/p>\n<p>B\u0119dzie te\u017c mo\u017cna wzi\u0105\u0107 udzia\u0142 w warsztatach kulinarnych oraz Festiwalu Kuchni Po\u0142udniowego Tyrolu (kt\u00f3ra tyle\u017c ciekawie, co udanie \u0142\u0105czy smaki w\u0142oskie i austriackie). Degustacje trunk\u00f3w z tego regionu poprowadzi Tomasz Prange-Barczy\u0144ski z magazynu \u201eWino\u201d \u2013 a swego czasu do\u015bwiadczy\u0142em, jak przednie s\u0105 po\u0142udniowotyrolskie wina, i z jak\u0105 znajomo\u015bci\u0105 tematu, ale te\u017c klas\u0105 opowiada o nich Tomek.<\/p>\n<p><a href=\"\/wp-content\/uploads\/\/2010\/05\/dlma_190608_061.jpg\"><img loading=\"lazy\" decoding=\"async\" class=\"alignnone size-medium wp-image-300\" title=\"dlma_190608_061\" src=\"\/wp-content\/uploads\/\/2010\/05\/dlma_190608_061-300x200.jpg\" alt=\"\" width=\"300\" height=\"200\" srcset=\"\/narty\/wp-content\/uploads\/2010\/05\/dlma_190608_061-300x200.jpg 300w, \/narty\/wp-content\/uploads\/2010\/05\/dlma_190608_061.jpg 750w\" sizes=\"(max-width: 300px) 100vw, 300px\" \/><\/a>\u00a0<em>Przemys\u0142aw Saleta z w\u0142asnor\u0119cznie przygotowanymi speckknoedel\u00a0&#8211; jedn\u0105 z kulinarnych specjalno\u015bci Po\u0142udniowego Tyrolu<\/em><\/p>\n<p>Wieczorami za\u015b w namiocie festiwalowym odbywa\u0107 si\u0119 maj\u0105 pokazy mody (z udzia\u0142\u0119m gwiazd) oraz koncerty (za\u015bpiewaj\u0105 m.in. Justyna Steczkowska, Marek Ko\u015bcikiewicz oraz Bracia Cugowscy).<\/p>\n<p>Ale naturalnie najwi\u0119ksz\u0105 atrakcj\u0105 s\u0105 same po\u0142udniowotyrolskie g\u00f3ry. Przypomnijmy: Maso Corto (Kurzras) to po\u0142o\u017cona na wysoko\u015bci 2011 m n.p.m. na ko\u0144cu doliny Val Senales osada, b\u0119d\u0105ca baz\u0105 wypadow\u0105 na lodowiec Hochjoch (otwarty dla narciarzy i snowboardzist\u00f3w praktycznie przez ca\u0142y rok). W 6 minut mo\u017cna bowiem z Maso wyjecha\u0107 kolejk\u0105 linow\u0105 na wysoko\u015b\u0107 3212 m n.p.m., a tam korzysta\u0107 z wyci\u0105g\u00f3w na samym ju\u017c lodowcu, obs\u0142uguj\u0105cych\u00a0 trasy o \u0142atwym b\u0105d\u017a \u015brednim stopniu trudno\u015bci.<\/p>\n<p>Je\u017adzi si\u0119 przy tym po terenie, po kt\u00f3rym ponad 5000 lat temu porusza\u0107 si\u0119 musia\u0142 \u00d6tzie \u2013 tajemniczy \u201ecz\u0142owiek lodu\u201d. To w\u0142a\u015bnie na nieodleg\u0142ej grani masywu \u00d6tztaler w 1991 r. odnaleziono doskonale zachowane w lodzie cia\u0142o m\u0119\u017cczyzny z epoki br\u0105zu, ochrzczonego p\u00f3\u017aniej \u201enajs\u0142ynniejszym alpejczykiem wszechczas\u00f3w\u201d.<\/p>\n<p>B\u0119dzie to ju\u017c \u00f3sma edycja Dni Polskich w Maso Corto. Nic dziwnego, \u017ce miejscowo\u015b\u0107 ta ju\u017c jest w\u015br\u00f3d rodak\u00f3w bardzo popularna \u2013 podobno, pr\u00f3cz W\u0142och\u00f3w, to w\u0142a\u015bnie z Polski pochodzi najwi\u0119cej go\u015bci . M.in. w\u0142a\u015bnie na Hochjoch swoj\u0105 cykliczn\u0105 \u201eklinik\u0119 narciarsk\u0105\u201d organizuje magazyn \u201eNTN. Snow &amp; More\u201d.<\/p>\n<p>Jak zapewnia Ma\u0142gorzata Mikulik z agencji Eventage, kt\u00f3ra obecnie odpowiada za przebieg imprezy, \u201etegoroczne spotkanie b\u0119dzie mia\u0142o od\u015bwie\u017con\u0105 formu\u0142\u0119:\u00a0 przygotowujemy nowy program artystyczny i sportowy, kt\u00f3ry promuje polsk\u0105 kultur\u0119 i aktywny styl sp\u0119dzania wolnego czasu w g\u00f3rach\u201d.<\/p>\n<p>\u00a0<\/p>\n","protected":false},"excerpt":{"rendered":"<p>Najpopularniejsi celebryci pojad\u0105 w po\u0142owie czerwca na Dni Polskie we w\u0142oskim Maso Corto, by promowa\u0107 tamtejszy lodowiec Hochjoch oraz aktywny tryb \u017cycia. To coraz powszechniejsza forma reklamy stacji zimowych u\u017cywane przez rodzime agencje public relation. Mi\u0119dzy 12 a 19 czerwca b\u0119dzie wi\u0119c mo\u017cna w Maso spotka\u0107 popularnych sportowc\u00f3w, aktor\u00f3w i prezenter\u00f3w telewizyjnych: Beat\u0119 Sadowsk\u0105,\u00a0 Ann\u0119 [&hellip;]<\/p>\n","protected":false},"author":1,"featured_media":0,"comment_status":"open","ping_status":"open","sticky":false,"template":"","format":"standard","meta":{"footnotes":""},"categories":[1],"tags":[],"_links":{"self":[{"href":"https:\/\/blog.polityka.pl\/narty\/wp-json\/wp\/v2\/posts\/296"}],"collection":[{"href":"https:\/\/blog.polityka.pl\/narty\/wp-json\/wp\/v2\/posts"}],"about":[{"href":"https:\/\/blog.polityka.pl\/narty\/wp-json\/wp\/v2\/types\/post"}],"author":[{"embeddable":true,"href":"https:\/\/blog.polityka.pl\/narty\/wp-json\/wp\/v2\/users\/1"}],"replies":[{"embeddable":true,"href":"https:\/\/blog.polityka.pl\/narty\/wp-json\/wp\/v2\/comments?post=296"}],"version-history":[{"count":0,"href":"https:\/\/blog.polityka.pl\/narty\/wp-json\/wp\/v2\/posts\/296\/revisions"}],"wp:attachment":[{"href":"https:\/\/blog.polityka.pl\/narty\/wp-json\/wp\/v2\/media?parent=296"}],"wp:term":[{"taxonomy":"category","embeddable":true,"href":"https:\/\/blog.polityka.pl\/narty\/wp-json\/wp\/v2\/categories?post=296"},{"taxonomy":"post_tag","embeddable":true,"href":"https:\/\/blog.polityka.pl\/narty\/wp-json\/wp\/v2\/tags?post=296"}],"curies":[{"name":"wp","href":"https:\/\/api.w.org\/{rel}","templated":true}]}}