
{"id":301,"date":"2010-06-21T13:35:59","date_gmt":"2010-06-21T11:35:59","guid":{"rendered":"http:\/\/narty.blog.polityka.pl\/?p=301"},"modified":"2010-06-26T09:42:21","modified_gmt":"2010-06-26T07:42:21","slug":"letnie-narty-w-maso-cortokurzras","status":"publish","type":"post","link":"https:\/\/blog.polityka.pl\/narty\/2010\/06\/21\/letnie-narty-w-maso-cortokurzras\/","title":{"rendered":"Letnie narty (w Maso Corto\/Kurzras)"},"content":{"rendered":"<p><a href=\"\/wp-content\/uploads\/\/2010\/06\/masocorto02.jpg\"><\/a><a href=\"\/wp-content\/uploads\/\/2010\/06\/topresidencekurz02.jpg\"><\/a>Dot\u0105d w \u017cyciu nie je\u017adzi\u0142em w czerwcu na nartach. Okazja taka nadarzy\u0142a si\u0119 w minionym tygodniu w zwi\u0105zku z \u00f3sm\u0105 ju\u017c edycj\u0105 Polskich Dni w Maso Corto (czy raczej Kurzras \u2013 wszak mieszka\u0144cy tego autonomicznego regionu na granicy Austrii i W\u0142och pos\u0142uguj\u0105 si\u0119 cz\u0119\u015bciej niemieckim ni\u017c w\u0142oskim).<\/p>\n<p>Ta niewielka stacja le\u017cy na p\u00f3\u0142nocnym kra\u0144cu doliny Val Senales w Po\u0142udniowym Tyrolu (niespe\u0142na 40 km od Merano). Sk\u0142ada si\u0119 wy\u0142\u0105cznie z kilku hoteli, paru bar\u00f3w, sklep\u00f3w i wypo\u017cyczalni\u00a0sprz\u0119tu sportowego oraz mini-delikates\u00f3w spo\u017cywczych (oferuj\u0105 m.in. \u015bwietny ser Lagrein, kt\u00f3rego specyficzny smak jest efektem dojrzewania w wyt\u0142oczynach z winogron tego w\u0142a\u015bnie gatunku, kt\u00f3ry \u2013 a w zasadzie wino z niego powsta\u0142e \u2013 jest wizyt\u00f3wk\u0105 Po\u0142udniowego Tyrolu).<\/p>\n<p>W Maso\/Kurzras nie ma w zasadzie gospodarstw rolnych! Bo i historia osady jest specyficzna, by nie rzec: dramatyczna. Przez dziesi\u0119ciolecie by\u0142 to przystanek na trasie przemytniczej mi\u0119dzy Austri\u0105 a W\u0142ochami (sk\u0105din\u0105d czarna, maj\u0105ca 8 km, nartostrada z lodowca do stacji biegnie w\u0142a\u015bnie dawnym szlakiem kontrabandy). Na pomys\u0142 zbudowania tam kurortu sportowego wpad\u0142 na prze\u0142omie lat 60. i 70. ub. wieku pewien m\u0142ody entuzjasta po\u0142udniowotyrolskich g\u00f3r, kt\u00f3ry zamierza\u0142 po\u0142\u0105czy\u0107 sw\u0105 pasj\u0119 z interesami. Zainwestowa\u0142 w budow\u0119 wyci\u0105g\u00f3w i hotelu. Nie uda\u0142o si\u0119: klient\u00f3w brakowa\u0142o, a zrozpaczony bankructwem pasjonat pope\u0142ni\u0142 samob\u00f3jstwo.<\/p>\n<p>Niedawno mieszka\u0144cy osady ufundowali mu jednak pomniczek jako pionierowi turystycznego biznesu w regionie. Okaza\u0142o si\u0119 bowiem, \u017ce z czasem do Maso\/Kurzras zacz\u0119li jednak przyje\u017cd\u017ca\u0107 go\u015bcie.<\/p>\n<p><a href=\"\/wp-content\/uploads\/\/2010\/06\/topresidencekurz02.jpg\"><img loading=\"lazy\" decoding=\"async\" class=\"alignnone size-medium wp-image-303\" title=\"topresidencekurz02\" src=\"\/wp-content\/uploads\/\/2010\/06\/topresidencekurz02-300x226.jpg\" alt=\"\" width=\"300\" height=\"226\" srcset=\"\/narty\/wp-content\/uploads\/2010\/06\/topresidencekurz02-300x226.jpg 300w, \/narty\/wp-content\/uploads\/2010\/06\/topresidencekurz02.jpg 410w\" sizes=\"(max-width: 300px) 100vw, 300px\" \/><\/a>\u00a0<em>Maso Corto\/Kurzras<\/em><\/p>\n<p>Przyci\u0105ga ich, z jednej strony, mo\u017cliwo\u015b\u0107 poje\u017cd\u017cenia na nartach czy desce praktycznie przez ca\u0142y rok (jedynie na prze\u0142omie maja i czerwca og\u0142aszana jest przerwa techniczna na konserwacj\u0119 kolejki i wyci\u0105g\u00f3w). Z drugiej: warunki do uprawiania innych sport\u00f3w oraz wypraw g\u00f3rskich o r\u00f3\u017cnym stopniu trudno\u015bci. Polecam cho\u0107by piesz\u0105 wycieczk\u0119 do schroniska Bella Vista \u2013 wybudowane na wysoko\u015bci 2842 m n.p.m. reklamuje si\u0119 najwy\u017cej po\u0142o\u017conym w Alpach\u2026 basenem zewn\u0119trznym oraz saun\u0105 w wielkiej drewnianej beczce ustawionej nieopodal kamiennego budynku. Teoretycznie dotarcie ze stacji do schroniska wymaga 2,2 godziny \u2013 z Tomkiem Prange uda\u0142o si\u0119 nam pokona\u0107 t\u0119 tras\u0119 sporo szybciej i to mimo konieczno\u015bci uwa\u017cnego trawersowania wci\u0105\u017c pokrytych \u015bniegiem \u017cleb\u00f3w. K\u0142opot w tym, \u017ce schronisko by\u0142o akurat zamkni\u0119te\u2026<\/p>\n<p>Swoje robi r\u00f3wnie\u017c legenda o \u00d6tzim, \u201ecz\u0142owieku lodu\u201d, kt\u00f3ry \u017cy\u0142 w tamtej okolicy ponad 5000 lat temu (bo mi\u0119dzy 3350 a 3100 lat p.n.e.) \u2013 jego cia\u0142o, \u015bwietnie zmumifikowane pod \u015bniegiem, znaleziono w 1991 r.<\/p>\n<p>Magnesem jest te\u017c naturalnie \u015bwietna po\u0142udniowo tyrolska kuchnia (\u0142\u0105cz\u0105ca smaki austriackie z w\u0142oskimi), korzystaj\u0105ca zw\u0142aszcza ze s\u0142ynnego regionalnego specku i wy\u015bmienitych miejscowych jab\u0142ek. \u015awietne s\u0105 wreszcie po\u0142udniowotyrolskie wina (zw\u0142aszcza z gron Lagrein i Gewurtzaminer) \u2013 cechuj\u0105ce si\u0119, z racji g\u00f3rskiej gleby i klimatu, nadzwyczajn\u0105 rze\u015bko\u015bci\u0105 i mineralno\u015bci\u0105.<\/p>\n<p>Co za\u015b do letnich nart: k\u0142opot w tym, \u017ce w minionym tygodniu nawet na wysoko\u015bci 3200 m n.p.m. temperatura nie spada\u0142a poni\u017cej zera. Wi\u0119cej: na Kurzrasgletscher praktycznie bez przerwy pada\u0142 deszcz.<br \/>\nMimo to mo\u017cna by\u0142o korzysta\u0107 z 9 km tras na lodowcu (w sezonie zimowym udost\u0119pnianych jest ich 35 km). Obs\u0142uguj\u0105 je dwa wyci\u0105gi krzese\u0142kowe i dwa orczyki. Na dodatek w zwi\u0105zku z Dniami Polskimi by\u0142a okazja by\u0142o darmowego testowania najnowszych (2010\/2011) kolekcji nart firm Blizzard i K2. Nie m\u00f3wi\u0105c o sprawdzeniu wodoodporno\u015bci swojej odzie\u017cy\u2026<\/p>\n<p>Z Blizzard\u00f3w w mokrym \u015bniegu najlepiej radzi\u0142 sobie \u2013 moim zdaniem \u2013 model G Force Supersonic IQ (z tzw. modulowanym taliowaniem, pozwalaj\u0105cym wykonywa\u0107 zar\u00f3wno kr\u00f3tkie, jak d\u0142ugie skr\u0119ty na ka\u017cdym rodzaju \u015bniegu). W\u015br\u00f3d K2 wyr\u00f3\u017cnia\u0142 si\u0119 Rictor, nast\u0119pca s\u0142ynnych Apache z unikaln\u0105 technologi\u0105 Rocker (dzi\u00f3b narty uniesiony jest du\u017co wcze\u015bniej ni\u017c w tradycyjnych konstrukcjach, co powoduje, \u017ce du\u017co \u0142atwiej manewruje si\u0119 ni\u0105 w mi\u0119kkim i g\u0142\u0119bokim \u015bniegu).<\/p>\n<p>I wreszcie: letnie narty na lodowcu maj\u0105 to do siebie, \u017ce ko\u0144cz\u0105 si\u0119 w\u2026 \u015brodku dnia. Na Kurzrasgletcher wyci\u0105gi kursuj\u0105 latem do 12.50 w po\u0142udnie. Potem s\u0142o\u0144ce operuje ju\u017c zwykle tak mocno, \u017ce na du\u017cej wysoko\u015bci jest niebezpieczne dla narciarzy, a i \u015bnieg ma\u0142o nadaje si\u0119 do jazdy. Dlatego tak wa\u017cne jest, by stacja mia\u0142a bogat\u0105 ofert\u0119 sport\u00f3w uzupe\u0142niaj\u0105cych. Pokazaniu jej \u2013 oraz zach\u0119ceniu do aktywnego i zr\u00f3\u017cnicowanego wypoczynku \u2013 s\u0142u\u017cy\u0107 mia\u0142y zreszt\u0105 tak\u017ce Dni Polskie. Nie bez powodu organizuj\u0105ca je agencja Eventage zaprosi\u0142a liczn\u0105 grup\u0119 tzw. celebrities ze \u015bwiata sportu, rozrywki i medi\u00f3w.<\/p>\n<p>O tym, co z tego wysz\u0142o, nast\u0119pnym razem.<\/p>\n","protected":false},"excerpt":{"rendered":"<p>Dot\u0105d w \u017cyciu nie je\u017adzi\u0142em w czerwcu na nartach. Okazja taka nadarzy\u0142a si\u0119 w minionym tygodniu w zwi\u0105zku z \u00f3sm\u0105 ju\u017c edycj\u0105 Polskich Dni w Maso Corto (czy raczej Kurzras \u2013 wszak mieszka\u0144cy tego autonomicznego regionu na granicy Austrii i W\u0142och pos\u0142uguj\u0105 si\u0119 cz\u0119\u015bciej niemieckim ni\u017c w\u0142oskim). Ta niewielka stacja le\u017cy na p\u00f3\u0142nocnym kra\u0144cu doliny [&hellip;]<\/p>\n","protected":false},"author":1,"featured_media":0,"comment_status":"open","ping_status":"open","sticky":false,"template":"","format":"standard","meta":{"footnotes":""},"categories":[1],"tags":[],"_links":{"self":[{"href":"https:\/\/blog.polityka.pl\/narty\/wp-json\/wp\/v2\/posts\/301"}],"collection":[{"href":"https:\/\/blog.polityka.pl\/narty\/wp-json\/wp\/v2\/posts"}],"about":[{"href":"https:\/\/blog.polityka.pl\/narty\/wp-json\/wp\/v2\/types\/post"}],"author":[{"embeddable":true,"href":"https:\/\/blog.polityka.pl\/narty\/wp-json\/wp\/v2\/users\/1"}],"replies":[{"embeddable":true,"href":"https:\/\/blog.polityka.pl\/narty\/wp-json\/wp\/v2\/comments?post=301"}],"version-history":[{"count":0,"href":"https:\/\/blog.polityka.pl\/narty\/wp-json\/wp\/v2\/posts\/301\/revisions"}],"wp:attachment":[{"href":"https:\/\/blog.polityka.pl\/narty\/wp-json\/wp\/v2\/media?parent=301"}],"wp:term":[{"taxonomy":"category","embeddable":true,"href":"https:\/\/blog.polityka.pl\/narty\/wp-json\/wp\/v2\/categories?post=301"},{"taxonomy":"post_tag","embeddable":true,"href":"https:\/\/blog.polityka.pl\/narty\/wp-json\/wp\/v2\/tags?post=301"}],"curies":[{"name":"wp","href":"https:\/\/api.w.org\/{rel}","templated":true}]}}