
{"id":304,"date":"2010-06-25T00:05:47","date_gmt":"2010-06-24T22:05:47","guid":{"rendered":"http:\/\/narty.blog.polityka.pl\/?p=304"},"modified":"2010-06-26T09:29:30","modified_gmt":"2010-06-26T07:29:30","slug":"gwiazdy-na-stoku-i-poza-nim","status":"publish","type":"post","link":"https:\/\/blog.polityka.pl\/narty\/2010\/06\/25\/gwiazdy-na-stoku-i-poza-nim\/","title":{"rendered":"Gwiazdy na stoku (i poza nim)"},"content":{"rendered":"<p><a href=\"\/wp-content\/uploads\/\/2010\/06\/140609-033-m.jpg\"><\/a>Pomys\u0142 Polskich Dni w Maso Corto by\u0142 prosty: rodzimi celebryci mieli zach\u0119ca\u0107 do r\u00f3\u017cnych form aktywnego wypoczynku oraz promowa\u0107 w\u015br\u00f3d rodak\u00f3w t\u0119 kameraln\u0105 \u2013 i ca\u0142oroczn\u0105! \u2013 stacj\u0119 zimow\u0105.<\/p>\n<p>Organizator Dni, czyli agencja Eventage, zaprosi\u0142a wi\u0119c do Po\u0142udniowego Tyrolu znanych aktor\u00f3w, muzyk\u00f3w, sportowc\u00f3w i prezenter\u00f3w TV. Pora zatem na plotki, czyli\u2026 podsumowanie aktywno\u015bci sportowej gwiazd.<\/p>\n<p>Bez w\u0105tpienia najwi\u0119cej zapa\u0142u (a i najlepsz\u0105 kondycj\u0119) mia\u0142a Beata Sadowska (niegdy\u015b TVN, potem MTV, a obecnie Program II TVP). Ka\u017cdego ranka mo\u017cna j\u0105 by\u0142o spotka\u0107 w jednej z pierwszych kolejek na lodowiec (a kolej na Hochjoch rusza w lecie o 7.30!), a potem\u00a0 na trasach wytyczonych na Kurzrasgletcher. Wi\u0119cej: je\u017adzi\u0142a zwykle a\u017c do zamkni\u0119cia wyci\u0105g\u00f3w (staj\u0105 o godz. 12.50). A \u017ce pogoda by\u0142a kiepska (zazwyczaj deszcz i mg\u0142a) wymaga\u0142o to du\u017cego samozaparcia. Ba, pr\u00f3bowa\u0142a te\u017c si\u0142 w slalomach rozstawianych na stokach Hochjoch przez Szko\u0142\u0119 Narciarsk\u0105 Maso Corto. Po po\u0142udniu natomiast fani mogli kibicowa\u0107 Beacie a to w biegu prze\u0142ajowym pod has\u0142em Toyota dla Maso Corto, a to w seansach jogi i \u0107wicze\u0144 Pilates.<\/p>\n<p><a href=\"\/wp-content\/uploads\/\/2010\/06\/140609-033-m.jpg\"><img loading=\"lazy\" decoding=\"async\" class=\"alignnone size-medium wp-image-305\" title=\"140609-033-m\" src=\"\/wp-content\/uploads\/\/2010\/06\/140609-033-m-300x225.jpg\" alt=\"\" width=\"300\" height=\"225\" srcset=\"\/narty\/wp-content\/uploads\/2010\/06\/140609-033-m-300x225.jpg 300w, \/narty\/wp-content\/uploads\/2010\/06\/140609-033-m.jpg 1824w\" sizes=\"(max-width: 300px) 100vw, 300px\" \/><\/a>\u00a0<em>Po\u015brednia stacja krzese\u0142 na Hochjoch<\/em><\/p>\n<p>Niewiele mniejsz\u0105 aktywno\u015b\u0107 sportow\u0105 wykazywali Justyna Steczkowska i Marek Ko\u015bcikiewicz (a wieczorami grali oni przecie\u017c jeszcze w niekt\u00f3re dni koncerty). Ich te\u017c mo\u017cna by\u0142o cz\u0119sto spotka\u0107 na nartach (Justynie towarzyszyli na stokach tancerze z jej zespo\u0142u, a Markowi \u2013 dziesi\u0119cioletni syn).<\/p>\n<p>Bracia Mroczek (serial \u201eM jak mi\u0142o\u015b\u0107\u201d, \u201eTaniec z gwiazdami\u201d itp.) woleli\u00a0 snowboard. Rafa\u0142 by\u0142 przy tym zwykle, by tak rzec, w nieco lepszej dyspozycji od Marcina (cho\u0107, jako \u017ce nie jestem specjalist\u0105 od celebryt\u00f3w, mog\u0142em bli\u017aniak\u00f3w pomyli\u0107).<\/p>\n<p>Poza kopanie pi\u0142ki w ramach turnieju o puchar Maso Corto nie wyszli natomiast Tomasz Iwan i Rados\u0142aw Majdan. Pierwszy deklarowa\u0142 dziennikarzom, \u017ce ma zamiar poduczy\u0107 si\u0119 jazdy na nartach, drugi twierdzi\u0142, \u017ce to kontrakt zabrania mu uprawiania narciarstwa z racji niebezpiecze\u0144stwa kontuzji. Pi\u0142karze brylowali za to na tanecznym parkiecie, a nawet brali si\u0119 za gitary i mikrofony podczas wieczornych\u00a0 koncert\u00f3w.<\/p>\n<p>Przemys\u0142awa Salet\u0119 spotka\u0142em jedynie podczas porannej przebie\u017cki, a nijak nie mog\u0142em dostrzec go na stoku. Ale jogging na wysoko\u015bci 2011 m n.p.m. to te\u017c spory wysi\u0142ek. Zreszt\u0105 to bodaj mistrz kick-boxingu cieszy\u0142 si\u0119 najwi\u0119kszym wzi\u0119ciem w\u015br\u00f3d rodak\u00f3w wypoczywaj\u0105cych w minionym tygodniu w Maso Corto\/Kurzras. Ch\u0119tnych do wsp\u00f3lnych zdj\u0119\u0107 by\u0142o co niemiara, a g\u0142\u00f3wny argument ojc\u00f3w i matek pr\u00f3buj\u0105cych uwieczni\u0107 swoje dziecko w otoczeniu mistrza brzmia\u0142: \u201eNasz syn te\u017c chce zosta\u0107 bokserem\u201d.<\/p>\n<p>Okazuje si\u0119, \u017ce gwiazdy tak czy tak mog\u0105 promowa\u0107 sport.<br \/>\n\u00a0<\/p>\n","protected":false},"excerpt":{"rendered":"<p>Pomys\u0142 Polskich Dni w Maso Corto by\u0142 prosty: rodzimi celebryci mieli zach\u0119ca\u0107 do r\u00f3\u017cnych form aktywnego wypoczynku oraz promowa\u0107 w\u015br\u00f3d rodak\u00f3w t\u0119 kameraln\u0105 \u2013 i ca\u0142oroczn\u0105! \u2013 stacj\u0119 zimow\u0105. Organizator Dni, czyli agencja Eventage, zaprosi\u0142a wi\u0119c do Po\u0142udniowego Tyrolu znanych aktor\u00f3w, muzyk\u00f3w, sportowc\u00f3w i prezenter\u00f3w TV. Pora zatem na plotki, czyli\u2026 podsumowanie aktywno\u015bci sportowej gwiazd. [&hellip;]<\/p>\n","protected":false},"author":1,"featured_media":0,"comment_status":"open","ping_status":"open","sticky":false,"template":"","format":"standard","meta":{"footnotes":""},"categories":[1],"tags":[],"_links":{"self":[{"href":"https:\/\/blog.polityka.pl\/narty\/wp-json\/wp\/v2\/posts\/304"}],"collection":[{"href":"https:\/\/blog.polityka.pl\/narty\/wp-json\/wp\/v2\/posts"}],"about":[{"href":"https:\/\/blog.polityka.pl\/narty\/wp-json\/wp\/v2\/types\/post"}],"author":[{"embeddable":true,"href":"https:\/\/blog.polityka.pl\/narty\/wp-json\/wp\/v2\/users\/1"}],"replies":[{"embeddable":true,"href":"https:\/\/blog.polityka.pl\/narty\/wp-json\/wp\/v2\/comments?post=304"}],"version-history":[{"count":0,"href":"https:\/\/blog.polityka.pl\/narty\/wp-json\/wp\/v2\/posts\/304\/revisions"}],"wp:attachment":[{"href":"https:\/\/blog.polityka.pl\/narty\/wp-json\/wp\/v2\/media?parent=304"}],"wp:term":[{"taxonomy":"category","embeddable":true,"href":"https:\/\/blog.polityka.pl\/narty\/wp-json\/wp\/v2\/categories?post=304"},{"taxonomy":"post_tag","embeddable":true,"href":"https:\/\/blog.polityka.pl\/narty\/wp-json\/wp\/v2\/tags?post=304"}],"curies":[{"name":"wp","href":"https:\/\/api.w.org\/{rel}","templated":true}]}}