
{"id":310,"date":"2010-07-06T08:37:34","date_gmt":"2010-07-06T06:37:34","guid":{"rendered":"http:\/\/narty.blog.polityka.pl\/?p=310"},"modified":"2010-07-06T08:37:34","modified_gmt":"2010-07-06T06:37:34","slug":"lato-na-sniegu-i-po-sniegu","status":"publish","type":"post","link":"https:\/\/blog.polityka.pl\/narty\/2010\/07\/06\/lato-na-sniegu-i-po-sniegu\/","title":{"rendered":"Lato na \u015bniegu (i po \u015bniegu)"},"content":{"rendered":"<p><a href=\"\/wp-content\/uploads\/\/2010\/07\/trasy-male.jpg\"><\/a><a href=\"\/wp-content\/uploads\/\/2010\/07\/na-wyciagu-male.jpg\"><\/a><a href=\"\/wp-content\/uploads\/\/2010\/07\/widok-z-gornej-stacji-orczyka-male.jpg\"><\/a><a href=\"\/wp-content\/uploads\/\/2010\/07\/val-senales-z-gory-male.jpg\"><\/a>W Polsce lato na ca\u0142ego. W Maso Corto\/Kurzras we w\u0142oskim Tyrolu Po\u0142udniowym te\u017c \u2013 tyle \u017ce tam wci\u0105\u017c mo\u017cna je\u017adzi\u0107 na nartach czy snowboardzie. Dosta\u0142em w\u0142a\u015bnie porcj\u0119 zdj\u0119\u0107 oraz naj\u015bwie\u017cszych informacji o warunkach na g\u00f3ruj\u0105cym nad t\u0105 stacj\u0105 lodowcu Hochjoch\/Kurzrasgletcher (podw\u00f3jne nazewnictwo wynika ze statusu Tyrolu Po\u0142udniowego, kt\u00f3ry jest we W\u0142oszech autonomiczn\u0105 prowincj\u0105 z racji swojej historycznej przynale\u017cno\u015bci do Austrii).<\/p>\n<p>Ich autork\u0105 jest Monika Doli\u0144ska, pracuj\u0105ca w klubie dzieci\u0119cym dzia\u0142aj\u0105cym w tamtejszym kompleksie hotelowym. To pod jej opiek\u0105 go\u015bcie mog\u0105 zostawi\u0107 swoje pociechy (gratis!), kiedy chc\u0105 wybra\u0107 si\u0119 na lodowiec b\u0105d\u017a na wypraw\u0119 w g\u00f3ry.<\/p>\n<p><a href=\"\/wp-content\/uploads\/\/2010\/07\/val-senales-z-gory-male.jpg\"><img loading=\"lazy\" decoding=\"async\" class=\"alignnone size-medium wp-image-314\" title=\"val-senales-z-gory-male\" src=\"\/wp-content\/uploads\/\/2010\/07\/val-senales-z-gory-male-300x225.jpg\" alt=\"\" width=\"300\" height=\"225\" srcset=\"\/narty\/wp-content\/uploads\/2010\/07\/val-senales-z-gory-male-300x225.jpg 300w, \/narty\/wp-content\/uploads\/2010\/07\/val-senales-z-gory-male.jpg 600w\" sizes=\"(max-width: 300px) 100vw, 300px\" \/><\/a>\u00a0<em>Widok na Maso Corto i dolin\u0119 Val Senales z g\u00f3rnej stacji kolejki na lodowiec Hochjoch (fot. Monika Doli\u0144ska)<\/em><\/p>\n<p>Ot\u00f3\u017c w samym Maso (po\u0142o\u017conym, przypomnijmy, na wysoko\u015bci 2011 m n.p.m.) przez ostatnie dwa tygodnie r\u00f3wnie\u017c kr\u00f3lowa\u0142o lato. Do\u015b\u0107 powiedzie\u0107, \u017ce temperatura si\u0119ga\u0142a 30 stopni Celsjusza. Na lodowcu by\u0142o jednak wci\u0105\u017c ok. 50 cm \u015bniegu (nie licz\u0105c naturalnie si\u0119gaj\u0105cej miejscami nawet 20 m pokrywy samego lodu). Czynne by\u0142y dwa wyci\u0105gi krzese\u0142kowe i dwa orczyki (oraz naturalnie kolejka linowa, kt\u00f3ra w ci\u0105gu 6 minut mo\u017cna dosta\u0107 si\u0119 z Maso na Hochjoch. W lecie dzia\u0142aj\u0105 one ju\u017c od 7.30 (wyci\u0105gi ko\u0144cz\u0105 prac\u0119 o 12.50).<\/p>\n<p><a href=\"\/wp-content\/uploads\/\/2010\/07\/trasy-male.jpg\"><img loading=\"lazy\" decoding=\"async\" class=\"alignnone size-medium wp-image-311\" title=\"trasy-male\" src=\"\/wp-content\/uploads\/\/2010\/07\/trasy-male-300x225.jpg\" alt=\"\" width=\"300\" height=\"225\" srcset=\"\/narty\/wp-content\/uploads\/2010\/07\/trasy-male-300x225.jpg 300w, \/narty\/wp-content\/uploads\/2010\/07\/trasy-male.jpg 750w\" sizes=\"(max-width: 300px) 100vw, 300px\" \/><\/a>\u00a0<em>Trasy wzd\u0142u\u017c jednego z wyci\u0105g\u00f3w krzese\u0142kowych na Hochjoch (fot. Monika Doli\u0144ska) <\/em><\/p>\n<p><a href=\"\/wp-content\/uploads\/\/2010\/07\/na-wyciagu-male.jpg\"><img loading=\"lazy\" decoding=\"async\" class=\"alignnone size-medium wp-image-312\" title=\"na-wyciagu-male\" src=\"\/wp-content\/uploads\/\/2010\/07\/na-wyciagu-male-224x300.jpg\" alt=\"\" width=\"224\" height=\"300\" srcset=\"\/narty\/wp-content\/uploads\/2010\/07\/na-wyciagu-male-224x300.jpg 224w, \/narty\/wp-content\/uploads\/2010\/07\/na-wyciagu-male.jpg 500w\" sizes=\"(max-width: 224px) 100vw, 224px\" \/><\/a>\u00a0<em>Widok z dolnej stacji &#8222;g\u00f3rnego&#8221; wcyi\u0105gu krzese\u0142kowego (fot. Monika Doli\u0144ska)<\/em><\/p>\n<p>Nic dziwnego, \u017ce w najlepsze korzysta\u0142y z tego liczne kluby i szko\u0142y narciarskie (nie tylko zreszt\u0105 w\u0142oskie). Letnie zgrupowanie w Maso\/Kurzras mia\u0142a te\u017c akurat kadra W\u0142och w biegach narciarskich \u2013 specjalnie na jej potrzeby wytyczono na lodowcu (a wi\u0119c na wysoko\u015bci 3200 m n.p.m.!) tras\u0119 biegow\u0105, wij\u0105c\u0105 si\u0119 mi\u0119dzy snowparkiem, a trasami zjazdowymi obs\u0142ugiwanymi przez orczyki.<\/p>\n<p><a href=\"\/wp-content\/uploads\/\/2010\/07\/widok-z-gornej-stacji-orczyka-male.jpg\"><img loading=\"lazy\" decoding=\"async\" class=\"alignnone size-medium wp-image-313\" title=\"widok-z-gornej-stacji-orczyka-male\" src=\"\/wp-content\/uploads\/\/2010\/07\/widok-z-gornej-stacji-orczyka-male-300x225.jpg\" alt=\"\" width=\"300\" height=\"225\" srcset=\"\/narty\/wp-content\/uploads\/2010\/07\/widok-z-gornej-stacji-orczyka-male-300x225.jpg 300w, \/narty\/wp-content\/uploads\/2010\/07\/widok-z-gornej-stacji-orczyka-male.jpg 650w\" sizes=\"(max-width: 300px) 100vw, 300px\" \/><\/a>\u00a0<em>Przy g\u00f3nej stacji wyci\u0105g\u00f3w orczykowych (fot. Monika Doli\u0144ska)<\/em><\/p>\n<p>Jak pisze Monika, w miniony weekend nad Maso pojawi\u0142y si\u0119 chmury i zrobi\u0142o si\u0119 wietrznie. Kto wie, czy nie przynios\u0105 one na lodowcu \u015bwie\u017cego \u015bniegu \u2013 przecie\u017c trzy tygodnie temu sam by\u0142em w Maso sam by\u0142em \u015bwiadkiem ca\u0142kiem sporej \u015bnie\u017cycy (a \u017ce wcze\u015bniej nawet na Hochjoch la\u0142 deszcz, to inna sprawa\u2026 i urok nart w takiej porze roku). (<a href=\"http:\/\/narty.blog.polityka.pl\/?p=301\" target=\"_blank\">&#8222;Letnie narty w Maso Corto\/Kurzras&#8221;<\/a>, 21 czerwca 2010 r.)<\/p>\n<p>Zreszt\u0105 pr\u00f3cz Maso Corto\/Kurzras jest jeszcze w Alpach kilka miejsc, w kt\u00f3rych w pe\u0142ni lata da si\u0119 skosztowa\u0107 zimowych sport\u00f3w. (<a href=\"http:\/\/narty.blog.polityka.pl\/?p=289\" target=\"_blank\">&#8222;Wci\u0105\u017c je\u017adzimy&#8221;<\/a>, 10 maja 2010 r.\u00a0). Mo\u017cna te\u017c wybra\u0107 si\u0119 na narty b\u0105d\u017a desk\u0119 na inny kontynent (<a href=\"http:\/\/narty.blog.polityka.pl\/?p=291\" target=\"_blank\">&#8222;Letnie narty? Mo\u017ce w Chile i Argentynie?&#8221;<\/a>, 12 maja 2010 r.).<\/p>\n","protected":false},"excerpt":{"rendered":"<p>W Polsce lato na ca\u0142ego. W Maso Corto\/Kurzras we w\u0142oskim Tyrolu Po\u0142udniowym te\u017c \u2013 tyle \u017ce tam wci\u0105\u017c mo\u017cna je\u017adzi\u0107 na nartach czy snowboardzie. Dosta\u0142em w\u0142a\u015bnie porcj\u0119 zdj\u0119\u0107 oraz naj\u015bwie\u017cszych informacji o warunkach na g\u00f3ruj\u0105cym nad t\u0105 stacj\u0105 lodowcu Hochjoch\/Kurzrasgletcher (podw\u00f3jne nazewnictwo wynika ze statusu Tyrolu Po\u0142udniowego, kt\u00f3ry jest we W\u0142oszech autonomiczn\u0105 prowincj\u0105 z racji [&hellip;]<\/p>\n","protected":false},"author":1,"featured_media":0,"comment_status":"open","ping_status":"open","sticky":false,"template":"","format":"standard","meta":{"footnotes":""},"categories":[1],"tags":[],"_links":{"self":[{"href":"https:\/\/blog.polityka.pl\/narty\/wp-json\/wp\/v2\/posts\/310"}],"collection":[{"href":"https:\/\/blog.polityka.pl\/narty\/wp-json\/wp\/v2\/posts"}],"about":[{"href":"https:\/\/blog.polityka.pl\/narty\/wp-json\/wp\/v2\/types\/post"}],"author":[{"embeddable":true,"href":"https:\/\/blog.polityka.pl\/narty\/wp-json\/wp\/v2\/users\/1"}],"replies":[{"embeddable":true,"href":"https:\/\/blog.polityka.pl\/narty\/wp-json\/wp\/v2\/comments?post=310"}],"version-history":[{"count":0,"href":"https:\/\/blog.polityka.pl\/narty\/wp-json\/wp\/v2\/posts\/310\/revisions"}],"wp:attachment":[{"href":"https:\/\/blog.polityka.pl\/narty\/wp-json\/wp\/v2\/media?parent=310"}],"wp:term":[{"taxonomy":"category","embeddable":true,"href":"https:\/\/blog.polityka.pl\/narty\/wp-json\/wp\/v2\/categories?post=310"},{"taxonomy":"post_tag","embeddable":true,"href":"https:\/\/blog.polityka.pl\/narty\/wp-json\/wp\/v2\/tags?post=310"}],"curies":[{"name":"wp","href":"https:\/\/api.w.org\/{rel}","templated":true}]}}