
{"id":323,"date":"2010-07-26T07:00:30","date_gmt":"2010-07-26T05:00:30","guid":{"rendered":"http:\/\/narty.blog.polityka.pl\/?p=323"},"modified":"2010-07-25T21:32:27","modified_gmt":"2010-07-25T19:32:27","slug":"francja-z-piecioma-gwiazdkami","status":"publish","type":"post","link":"https:\/\/blog.polityka.pl\/narty\/2010\/07\/26\/francja-z-piecioma-gwiazdkami\/","title":{"rendered":"Francja z pi\u0119cioma gwiazdkami"},"content":{"rendered":"<p><a href=\"\/wp-content\/uploads\/\/2010\/07\/annapurnapics_2.jpg\"><\/a><a href=\"\/wp-content\/uploads\/\/2010\/07\/airelesomepage2.jpg\"><\/a>Trudno uwierzy\u0107, ale najlepsze francuskie hotele dopiero od niespe\u0142na dw\u00f3ch lat mog\u0105 reklamowa\u0107 si\u0119 poziomem symbolizowanym na ca\u0142ym \u015bwiecie przez \u201epi\u0119\u0107 gwiazdek\u201d. Dotyczy to tak\u017ce obiekt\u00f3w w renomowanych kurortach zimowych.<\/p>\n<p>Wcze\u015bniej we Francji obowi\u0105zywa\u0142 lokalny system klasyfikacji obiekt\u00f3w hotelarskich. Bazowa\u0142 g\u0142\u00f3wnie na kryterium ich wyposa\u017cenia. Z czasem taki miernik jako\u015bci przesta\u0142 odpowiada\u0107 wymogom wsp\u00f3\u0142czesnego, coraz bardziej wymagaj\u0105cego i konkurencyjnego, rynku turystycznego. Swoje robi\u0142o m.in. to, \u017ce szczeg\u00f3\u0142owe standardy oceny ostatni raz ustalono w 1986 r. Co r\u00f3wnie wa\u017cne: nie definiowano tak\u017ce okresu, na jaki obowi\u0105zywa\u0107 ma raz przyznany status.<\/p>\n<p>Reform\u0119 umo\u017cliwi\u0142a dopiero ustawa o rozwoju i modernizacji us\u0142ug turystycznych, kt\u00f3rej pomys\u0142odawc\u0105 by\u0142 Herv\u00e9 Novelli, Sekretarz Stanu ds. Handlu, Rzemios\u0142a, Ma\u0142ych i \u015arednich Przedsi\u0119biorstw, Turystyki, Us\u0142ug i Konsumpcji. Nowe prawo wesz\u0142o w \u017cycie w ub. roku. Zak\u0142ada zrewidowanie norm klasyfikacji hoteli i pensjonat\u00f3w tak, by by\u0142a zgodna ze standardami obowi\u0105zuj\u0105cymi w innych krajach (a wi\u0119c i w tych, kt\u00f3re uznawane s\u0105 za potentat\u00f3w w bran\u017cy). Francuska oferta ma by\u0107 przez to czytelniejsza dla go\u015bci zagranicznych. R\u00f3wnocze\u015bnie opracowano plan wspierania modernizacji infrastruktury hotelarskiej (pomoc\u0105 inwestorom s\u0142u\u017cy\u0107 ma publiczne centrum finansowe pracuj\u0105ce na potrzeby sektora). Celem zasadniczym jest oczywi\u015bcie wzmocnienie atrakcyjno\u015bci turystycznej kraju.<\/p>\n<p>Ustawa wprowadzi\u0142a te\u017c bardziej precyzyjn\u0105 i przejrzyst\u0105 procedur\u0119 ustalania standardu obiekt\u00f3w turystycznych. Nowa klasyfikacja obejmuje 5 kategorii: od 1* do 5*. Kategoria 0* i 4* Luxe zosta\u0142y wycofane. Aby chlubi\u0107 si\u0119 presti\u017cem pi\u0119ciu gwiazdek, hotele musz\u0105 spe\u0142nia\u0107 12 szczeg\u00f3\u0142owo okre\u015blonych kryteri\u00f3w. Pi\u0105ta gwiazdka jest nadto przyznawana najwy\u017cej na pi\u0119\u0107 lat \u2013 po ich up\u0142ywie konieczna jest weryfikacja poziomu us\u0142ug.<\/p>\n<p>W\u015br\u00f3d 83 obiekt\u00f3w, kt\u00f3re szczyc\u0105 si\u0119 pi\u0119ciogwiazdkowym poziomem, kilka znajduje si\u0119 w kurortach zimowych. I tak, w s\u0142ynnym (ostatnio g\u0142\u00f3wnie z go\u015bci z kraj\u00f3w postradzieckich) Courchevel w regionie Trzech Dolin najwy\u017csz\u0105 hotelarsk\u0105 not\u0119 otrzyma\u0142o a\u017c 11 hoteli: <a href=\"http:\/\/www.annapurna-courchevel.com\" target=\"_blank\">L\u2019Annapurna<\/a>, <a href=\"http:\/\/www.airelles.fr\" target=\"_blank\">Les Airelles<\/a>, <a href=\"http:\/\/www.chevalblanc.com\" target=\"_blank\">Le Cheval Blanc<\/a>, <a href=\"http:\/\/www.hotelkilimandjaro.com\/\" target=\"_blank\">Le Kilimandjaro<\/a>, <a href=\"http:\/\/www.lelana.com\" target=\"_blank\">Le Lana<\/a>, <a href=\"http:\/\/www.amanresorts.com\/lemelezin\/resort.aspx\" target=\"_blank\">Le M\u00e9lezin<\/a>, <a href=\"http:\/\/www.hotelpralong.com\" target=\"_blank\">Alpes H\u00f4tel du Pralong<\/a>, <a href=\"http:\/\/www.hotel-la-sivoliere.com\" target=\"_blank\">H\u00f4tel La Sivoli\u00e8re<\/a>, <a href=\"http:\/\/www.hotelstrato.com\" target=\"_blank\">H\u00f4tel Le Strato<\/a>, <a href=\"http:\/\/www.suites-potiniere.com\" target=\"_blank\">Les suites de la Potini\u00e8re<\/a>\u00a0oraz <a href=\"http:\/\/www.hotelmanali.com\" target=\"_blank\">H\u00f4tel Le Manali<\/a>.<\/p>\n<p><a href=\"\/wp-content\/uploads\/\/2010\/07\/airelesomepage2.jpg\"><img loading=\"lazy\" decoding=\"async\" class=\"alignnone size-medium wp-image-325\" title=\"airelesomepage2\" src=\"\/wp-content\/uploads\/\/2010\/07\/airelesomepage2-300x182.jpg\" alt=\"\" width=\"300\" height=\"182\" srcset=\"\/narty\/wp-content\/uploads\/2010\/07\/airelesomepage2-300x182.jpg 300w, \/narty\/wp-content\/uploads\/2010\/07\/airelesomepage2.jpg 575w\" sizes=\"(max-width: 300px) 100vw, 300px\" \/><\/a>\u00a0<em>Hotel Les Airelles w Courchevel &#8211; jeden z jedenastu\u00a0 tamtejszych &#8222;pi\u0119ciogwiazdkowc\u00f3w&#8221;<\/em><\/p>\n<p>W r\u00f3wnie modnym (tyle \u017ce g\u0142\u00f3wnie w\u015br\u00f3d go\u015bci z Wielkiej Brytanii) Meg\u00e8ve pi\u0119ciogwiazdkow\u0105 klas\u0105 chwali\u0107 si\u0119 mo\u017ce <a href=\"http:\/\/www.domainedumontdarbois.com\" target=\"_blank\">Le Chalet du Mont d\u2019Arbois<\/a>. Z kolei w Val d&#8217;Is\u00e8re (lubianym przede wszystkim przez samych Francuz\u00f3w \u2013 ale te\u017c pasjonat\u00f3w z Polski) najwy\u017csze z mo\u017cliwych oceny dosta\u0142y dwa hotele: <a href=\"http:\/\/www.hotel-les-barmes.com\" target=\"_blank\">Les Barmes de l&#8217;Ours<\/a>\u00a0oraz <a href=\"http:\/\/www.lesavoie.com\" target=\"_blank\">Le Savoie<\/a>.<\/p>\n<p>Oczywi\u015bcie we wszystkich tych miejscowo\u015bciach mo\u017cna zatrzyma\u0107 si\u0119 te\u017c w ta\u0144szych, a czasem zupe\u0142nie przyzwoitych apartamentach.<\/p>\n","protected":false},"excerpt":{"rendered":"<p>Trudno uwierzy\u0107, ale najlepsze francuskie hotele dopiero od niespe\u0142na dw\u00f3ch lat mog\u0105 reklamowa\u0107 si\u0119 poziomem symbolizowanym na ca\u0142ym \u015bwiecie przez \u201epi\u0119\u0107 gwiazdek\u201d. Dotyczy to tak\u017ce obiekt\u00f3w w renomowanych kurortach zimowych. Wcze\u015bniej we Francji obowi\u0105zywa\u0142 lokalny system klasyfikacji obiekt\u00f3w hotelarskich. Bazowa\u0142 g\u0142\u00f3wnie na kryterium ich wyposa\u017cenia. Z czasem taki miernik jako\u015bci przesta\u0142 odpowiada\u0107 wymogom wsp\u00f3\u0142czesnego, coraz [&hellip;]<\/p>\n","protected":false},"author":1,"featured_media":0,"comment_status":"open","ping_status":"open","sticky":false,"template":"","format":"standard","meta":{"footnotes":""},"categories":[1],"tags":[],"_links":{"self":[{"href":"https:\/\/blog.polityka.pl\/narty\/wp-json\/wp\/v2\/posts\/323"}],"collection":[{"href":"https:\/\/blog.polityka.pl\/narty\/wp-json\/wp\/v2\/posts"}],"about":[{"href":"https:\/\/blog.polityka.pl\/narty\/wp-json\/wp\/v2\/types\/post"}],"author":[{"embeddable":true,"href":"https:\/\/blog.polityka.pl\/narty\/wp-json\/wp\/v2\/users\/1"}],"replies":[{"embeddable":true,"href":"https:\/\/blog.polityka.pl\/narty\/wp-json\/wp\/v2\/comments?post=323"}],"version-history":[{"count":0,"href":"https:\/\/blog.polityka.pl\/narty\/wp-json\/wp\/v2\/posts\/323\/revisions"}],"wp:attachment":[{"href":"https:\/\/blog.polityka.pl\/narty\/wp-json\/wp\/v2\/media?parent=323"}],"wp:term":[{"taxonomy":"category","embeddable":true,"href":"https:\/\/blog.polityka.pl\/narty\/wp-json\/wp\/v2\/categories?post=323"},{"taxonomy":"post_tag","embeddable":true,"href":"https:\/\/blog.polityka.pl\/narty\/wp-json\/wp\/v2\/tags?post=323"}],"curies":[{"name":"wp","href":"https:\/\/api.w.org\/{rel}","templated":true}]}}