
{"id":326,"date":"2010-08-02T06:08:55","date_gmt":"2010-08-02T04:08:55","guid":{"rendered":"http:\/\/narty.blog.polityka.pl\/?p=326"},"modified":"2010-08-01T23:09:20","modified_gmt":"2010-08-01T21:09:20","slug":"austria-na-plusie","status":"publish","type":"post","link":"https:\/\/blog.polityka.pl\/narty\/2010\/08\/02\/austria-na-plusie\/","title":{"rendered":"Austria na plusie"},"content":{"rendered":"<p>Pomimo kryzysu narciarski biznes trzyma si\u0119 nie\u017ale. Przynajmniej w Austrii: wedle ujawnionych w\u0142a\u015bnie statystyk w sezonie zimowym 2009\/2010 ustanowiono tam nowy rekord przyjazd\u00f3w.<\/p>\n<p>Austri\u0119 (a g\u0142\u00f3wnie jej cz\u0119\u015b\u0107 Alp) odwiedzi\u0142o minionej zimy 15,37 mln go\u015bci. To o 1,6 proc. wi\u0119cej ni\u017c podczas najlepszych z dotychczasowych sezon\u00f3w. Liczba nocleg\u00f3w utrzyma\u0142a si\u0119 na poziomie z zimy 2008\/09 i wynios\u0142a 62,67 mln.<\/p>\n<p>Ponad milion nocleg\u00f3w wykupili przy tym narciarze i snowboardzi\u015bci z Polski. To ledwie o 3,5 proc. mniej ni\u017c w latach uznawanych za szczyt ekonomicznej hossy.<\/p>\n<p>Co ciekawe, ponad 20 proc. Polak\u00f3w wybiera\u0142o hotele 5-cio i 4-ro gwiazdkowe, a blisko 23 proc. \u2013 3 gwiazdkowe. Tylko 21 proc. go\u015bci z Polski spa\u0142o w apartamentach \u2013 a to one d\u0142ugo uchodzi\u0142y przecie\u017c za najpopularniejszy standard w\u015br\u00f3d Polak\u00f3w.<\/p>\n<p>Ulubionym regionem zimowych wakacji rodak\u00f3w okazuje si\u0119 Tyrol (odwiedzi\u0142o go minionego sezonu 42 proc. go\u015bci z Polski). W Ziemi Salzburskiej nocowa\u0142o ostatniej zimy 25 proc. polskich mi\u0142o\u015bnik\u00f3w austriackich Alp, a w Karyntii \u2013 ponad 11 proc.<\/p>\n<p>Nic dziwnego, \u017ce ju\u017c pod koniec sierpnia w Polsce pojawi\u0105 si\u0119 przedstawiciele stacji narciarskich Tyrolu \u2013 a konkretnie 5 tamtejszych lodowc\u00f3w (Pitztal, S\u00f6lden, Stubai, Hintertux i Kaunertal), by przedstawi\u0107 ofert\u0119 na zim\u0119 2010\/11. B\u0119dzie okazja dowiedzie\u0107 si\u0119, kiedy poszczeg\u00f3lne o\u015brodki planuj\u0105 rozpocz\u0119cie nadchodz\u0105cego sezonu oraz jakie nowe wyci\u0105gi, technologie b\u0105d\u017a inne udogodnienia czekaj\u0105 w nich na go\u015bci. Ale te\u017c ile trzeba b\u0119dzie za to zap\u0142aci\u0107.<\/p>\n<p>Naturalnie szczeg\u00f3\u0142owo zdam tu z tych spotka\u0144 relacj\u0119 \u2013 zw\u0142aszcza, \u017ce b\u0119dzie to te\u017c sygna\u0142, jakie trendy panowa\u0107 mog\u0105 nadchodz\u0105cej zimy w naszym ukochanym sporcie.<\/p>\n<p>\u00a0<\/p>\n","protected":false},"excerpt":{"rendered":"<p>Pomimo kryzysu narciarski biznes trzyma si\u0119 nie\u017ale. Przynajmniej w Austrii: wedle ujawnionych w\u0142a\u015bnie statystyk w sezonie zimowym 2009\/2010 ustanowiono tam nowy rekord przyjazd\u00f3w. Austri\u0119 (a g\u0142\u00f3wnie jej cz\u0119\u015b\u0107 Alp) odwiedzi\u0142o minionej zimy 15,37 mln go\u015bci. To o 1,6 proc. wi\u0119cej ni\u017c podczas najlepszych z dotychczasowych sezon\u00f3w. Liczba nocleg\u00f3w utrzyma\u0142a si\u0119 na poziomie z zimy 2008\/09 [&hellip;]<\/p>\n","protected":false},"author":1,"featured_media":0,"comment_status":"open","ping_status":"open","sticky":false,"template":"","format":"standard","meta":{"footnotes":""},"categories":[1],"tags":[],"_links":{"self":[{"href":"https:\/\/blog.polityka.pl\/narty\/wp-json\/wp\/v2\/posts\/326"}],"collection":[{"href":"https:\/\/blog.polityka.pl\/narty\/wp-json\/wp\/v2\/posts"}],"about":[{"href":"https:\/\/blog.polityka.pl\/narty\/wp-json\/wp\/v2\/types\/post"}],"author":[{"embeddable":true,"href":"https:\/\/blog.polityka.pl\/narty\/wp-json\/wp\/v2\/users\/1"}],"replies":[{"embeddable":true,"href":"https:\/\/blog.polityka.pl\/narty\/wp-json\/wp\/v2\/comments?post=326"}],"version-history":[{"count":0,"href":"https:\/\/blog.polityka.pl\/narty\/wp-json\/wp\/v2\/posts\/326\/revisions"}],"wp:attachment":[{"href":"https:\/\/blog.polityka.pl\/narty\/wp-json\/wp\/v2\/media?parent=326"}],"wp:term":[{"taxonomy":"category","embeddable":true,"href":"https:\/\/blog.polityka.pl\/narty\/wp-json\/wp\/v2\/categories?post=326"},{"taxonomy":"post_tag","embeddable":true,"href":"https:\/\/blog.polityka.pl\/narty\/wp-json\/wp\/v2\/tags?post=326"}],"curies":[{"name":"wp","href":"https:\/\/api.w.org\/{rel}","templated":true}]}}